{"id":31098,"date":"2018-10-21T21:00:04","date_gmt":"2018-10-22T00:00:04","guid":{"rendered":"http:\/\/alianzanacional.com.uy\/web\/?p=31098"},"modified":"2018-10-21T19:09:56","modified_gmt":"2018-10-21T22:09:56","slug":"cambiar-fuerte","status":"publish","type":"post","link":"https:\/\/alianzanacional.com.uy\/web\/cambiar-fuerte\/","title":{"rendered":"Cambiar fuerte"},"content":{"rendered":"<p><a href=\"https:\/\/alianzanacional.com.uy\/web\/wp-content\/uploads\/2018\/10\/F3A6723.jpg\"><img fetchpriority=\"high\" decoding=\"async\" class=\"alignnone size-large wp-image-31099\" src=\"https:\/\/alianzanacional.com.uy\/web\/wp-content\/uploads\/2018\/10\/F3A6723-700x467.jpg\" alt=\"\" width=\"620\" height=\"414\" srcset=\"https:\/\/alianzanacional.com.uy\/web\/wp-content\/uploads\/2018\/10\/F3A6723-700x467.jpg 700w, https:\/\/alianzanacional.com.uy\/web\/wp-content\/uploads\/2018\/10\/F3A6723-400x267.jpg 400w, https:\/\/alianzanacional.com.uy\/web\/wp-content\/uploads\/2018\/10\/F3A6723-768x512.jpg 768w\" sizes=\"(max-width: 620px) 100vw, 620px\" \/><\/a><\/p>\n<p>El pa\u00eds precisa un proyecto de gobierno bien distinto. Un cambio sustancial, revolucionario.<\/p>\n<p>\u00bfQu\u00e9 ser\u00eda de la educaci\u00f3n, la seguridad o la propia realidad econ\u00f3mica con otros cinco a\u00f1os de gobierno del Frente Amplio?<\/p>\n<p>La oposici\u00f3n <em>-las distintas oposiciones-<\/em> tenemos la responsabilidad de construir la alternativa al Frente, construir el\u00a0<em>postfrentismo <\/em>dici\u00e9ndole la verdad a la gente.<\/p>\n<p>Y esa alternativa tiene que ser contundentemente clara y precisa. Y tiene que representar un cambio radical en temas claves.<\/p>\n<p>La p\u00e9sima gesti\u00f3n del Frente puso a muchas \u00e1reas del pa\u00eds,\u00a0<em>patas para arriba.\u00a0<\/em>Tenemos m\u00e1s homicidios y rapi\u00f1as que nunca antes en nuestra historia. En los primeros 9 meses de este a\u00f1o ya hubo m\u00e1s homicidios que en todo el 2017. Tenemos una tasa de homicidios dos veces mayor a la de Argentina y tres veces a la de Chile. Una violencia como nunca antes.<\/p>\n<p>Tenemos una educaci\u00f3n p\u00fablica que dej\u00f3 de ser la plataforma para la movilidad social. Dej\u00f3 de ser el escudo de los pobres. Solo 13 de cada 100 j\u00f3venes del quintil m\u00e1s bajo de ingresos termina el liceo. Hay 140.000 j\u00f3venes que ni estudian ni trabajan.<\/p>\n<p>Tenemos que el 49% de los ni\u00f1os uruguayos son pobres \u00bfQu\u00e9 presente les estamos dando, qu\u00e9 horizonte de futuro les estamos ofreciendo?<\/p>\n<p>Tenemos una econom\u00eda con luces rojas, basada en el endeudamiento y en una desmedida voracidad impositiva. D\u00eda a d\u00eda nos despertamos con noticias de empresas que entran en concordato o directamente cierran,\u00a0\u00a0y de trabajadores que pierden su puestos de trabajo.<\/p>\n<p>Y m\u00e1s all\u00e1 de la coyuntura, lo m\u00e1s dram\u00e1tico es que lenta pero sin pausa hemos ido perdiendo la sociedad integrada que supimos ser y de la que est\u00e1bamos orgullosos.<\/p>\n<p>Tenemos p\u00e9rdida de Valores y calidad de convivencia, y se est\u00e1 agrietando nuestro sentido de comunidad.<\/p>\n<p>Se necesita un giro de 180 grados. Un cambio de rumbo.\u00a0Un buen futuro para Uruguay pasa por hacer cambios de fondo y no cambios de forma.<\/p>\n<p>La alternativa no puede consistir en maquillar las pol\u00edticas del Frente; el futuro del Uruguay no es un c\u00f3ctel donde se puedan diluir las pol\u00edticas que hasta ahora han llevado a un estrepitoso fracaso.<\/p>\n<p>La alternativa tiene que ser cambio. Un cambio en serio.<\/p>\n<p>Ser\u00eda una insensatez transitar en una l\u00f3gica de versi\u00f3n moderada de las pol\u00edticas del Frente, porque ser\u00eda la manera de prolongar esas pol\u00edticas, de seguir instalados en el error.\u00a0Hacer m\u00e1s de lo mismo, pero distinto, no es cambiar.<\/p>\n<p>No podemos jugar al\u00a0<em>\u00a8mucho, poquito o nada\u00a8\u00a0<\/em>con las pol\u00edticas del Frente. El cambio debe ser manifiesto.<\/p>\n<p>\u00bfLa seguridad precisa un cambio gradual o radical? Cuando el problema es el no ejercicio de la autoridad, cuando venimos de un gobierno que confunde ejercer la autoridad con autoritarismo \u00bfqu\u00e9 tenemos que hacer? \u00bfEmpezar a ejercer la autoridad gradualmente o hacer imperar el orden que emana de la ley de manera inmediata? \u00bfTenemos que seguir as\u00ed o declarar que estamos en guerra contra la delincuencia?<\/p>\n<p>Cuando en la educaci\u00f3n la disputa es si mandan los sindicatos o la Rep\u00fablica, \u00bftenemos que hacer un cambio paulatino, gradual o dr\u00e1stico?<\/p>\n<p>Cuando se usa la pol\u00edtica internacional como agenda de amistad ideol\u00f3gica y no como plataforma para la inserci\u00f3n comercial del pa\u00eds, \u00bfhay que cambiar solo un poquito cuando se trata a los pa\u00edses en funci\u00f3n de ideolog\u00edas?<\/p>\n<p>Cuando una l\u00edder narco recibe pensiones y asignaciones del Estado, a la vez que vende el veneno que est\u00e1 matando a nuestros muchachos \u00bfqu\u00e9 habr\u00e1 que hacer?<\/p>\n<p>El Estado de Derecho \u00bfse respeta o no se respeta?<\/p>\n<p>La tarea de reconstrucci\u00f3n <em>-cultural y pol\u00edtica-<\/em> que el pa\u00eds demanda, es colosal. Y posible.\u00a0Deberemos pasar de una cultura que alienta el pobrismo a una sociedad que comprenda que hay derechos y obligaciones, que es la cultura del trabajo y el esfuerzo la que a lo largo de la historia ha garantizado el verdadero desarrollo. Que si no hay cultura del trabajo, lo que hay es cultura de los privilegios.<\/p>\n<p>Hay que modernizar las pol\u00edticas sociales para que aporten rutas de salida de la pobreza, que no terminen en la trampa del mero asistencialismo, que sean verdaderas pol\u00edticas de inclusi\u00f3n y equidad.<\/p>\n<p>Hay que pasar del <em>relativismo moral<\/em> y la\u00a0<em>posverdad,<\/em> donde lo pol\u00edtico se afirma sobre lo jur\u00eddico, donde las palabras pesan m\u00e1s que los hechos, a una sociedad donde se respete la norma, la ley, la verdad, donde se respete al <em>otro.<\/em><\/p>\n<p>Hay que promover y proteger a la clase media, identificarla como motor econ\u00f3mico s\u00ed, pero tambi\u00e9n como amalgama social y cultural del Uruguay. All\u00ed es donde germina la identidad sociocultural nacional.<\/p>\n<p>Hay que poner al Estado al servicio del ciudadano y no al ciudadano al servicio de las burocracias.<\/p>\n<p>Hay que comprender nuestra identidad agroexportadora, y comprender <em>\u00a8al campo\u00a8<\/em> como modo de producci\u00f3n y tambi\u00e9n como modo de vida.<\/p>\n<p>El cambio que Uruguay precisa solo se lograr\u00e1 si somos audaces, valientes en decir las cosas por su nombre. Si no caemos en la tentaci\u00f3n del gradualismo medio pelo, de las reformas a medias tintas. El cambio vendr\u00e1 si no somos timoratos e indulgentes.<\/p>\n<p>No nos podemos quedar cortos en el proyecto alternativo, porque si eso pasara, no habr\u00e1 cambio.<\/p>\n<p>Hay que cambiar fuerte. Uruguay no soportar\u00eda un nuevo gobierno del FA.<\/p>\n<p>La alternativa debe ser contundente y transformadora, o no ser\u00e1.<\/p>\n<p>El proyecto alternativo tiene que ser bien distinto a lo que nos ha colocado en este estado de cosas.<\/p>\n<p>El pa\u00eds precisa hacer cambios sin miedo.\u00a0\u00a0Sin miedo a <em>pisar callos<\/em>, sin miedo a corregir los rumbos, sin miedo a defender a los uruguayos.<\/p>\n<p>&nbsp;<\/p>\n<p style=\"text-align: center;\">Jorge Larra\u00f1aga<\/p>\n","protected":false},"excerpt":{"rendered":"<p>El pa\u00eds precisa un proyecto de gobierno bien distinto. Un cambio sustancial, revolucionario. \u00bfQu\u00e9 ser\u00eda de la educaci\u00f3n, la seguridad o la propia realidad econ\u00f3mica con otros cinco a\u00f1os de gobierno del Frente Amplio? La oposici\u00f3n -las distintas oposiciones- tenemos la responsabilidad de construir la alternativa al Frente, construir el\u00a0postfrentismo dici\u00e9ndole la verdad a la [&hellip;]<\/p>\n","protected":false},"author":1,"featured_media":31099,"comment_status":"open","ping_status":"open","sticky":false,"template":"","format":"standard","meta":{"footnotes":""},"categories":[17],"tags":[],"class_list":["post-31098","post","type-post","status-publish","format-standard","has-post-thumbnail","hentry","category-columna"],"_links":{"self":[{"href":"https:\/\/alianzanacional.com.uy\/web\/wp-json\/wp\/v2\/posts\/31098","targetHints":{"allow":["GET"]}}],"collection":[{"href":"https:\/\/alianzanacional.com.uy\/web\/wp-json\/wp\/v2\/posts"}],"about":[{"href":"https:\/\/alianzanacional.com.uy\/web\/wp-json\/wp\/v2\/types\/post"}],"author":[{"embeddable":true,"href":"https:\/\/alianzanacional.com.uy\/web\/wp-json\/wp\/v2\/users\/1"}],"replies":[{"embeddable":true,"href":"https:\/\/alianzanacional.com.uy\/web\/wp-json\/wp\/v2\/comments?post=31098"}],"version-history":[{"count":2,"href":"https:\/\/alianzanacional.com.uy\/web\/wp-json\/wp\/v2\/posts\/31098\/revisions"}],"predecessor-version":[{"id":31101,"href":"https:\/\/alianzanacional.com.uy\/web\/wp-json\/wp\/v2\/posts\/31098\/revisions\/31101"}],"wp:featuredmedia":[{"embeddable":true,"href":"https:\/\/alianzanacional.com.uy\/web\/wp-json\/wp\/v2\/media\/31099"}],"wp:attachment":[{"href":"https:\/\/alianzanacional.com.uy\/web\/wp-json\/wp\/v2\/media?parent=31098"}],"wp:term":[{"taxonomy":"category","embeddable":true,"href":"https:\/\/alianzanacional.com.uy\/web\/wp-json\/wp\/v2\/categories?post=31098"},{"taxonomy":"post_tag","embeddable":true,"href":"https:\/\/alianzanacional.com.uy\/web\/wp-json\/wp\/v2\/tags?post=31098"}],"curies":[{"name":"wp","href":"https:\/\/api.w.org\/{rel}","templated":true}]}}