{"id":31491,"date":"2019-01-14T10:41:21","date_gmt":"2019-01-14T13:41:21","guid":{"rendered":"http:\/\/alianzanacional.com.uy\/web\/?p=31491"},"modified":"2019-01-14T11:21:27","modified_gmt":"2019-01-14T14:21:27","slug":"larranaga-hay-que-hacer-cambios-radicales-en-la-educacion-o-muchos-jovenes-quedaran-en-la-banquina","status":"publish","type":"post","link":"https:\/\/alianzanacional.com.uy\/web\/larranaga-hay-que-hacer-cambios-radicales-en-la-educacion-o-muchos-jovenes-quedaran-en-la-banquina\/","title":{"rendered":"Larra\u00f1aga: hay que hacer cambios radicales en la educaci\u00f3n o muchos j\u00f3venes quedar\u00e1n en la banquina"},"content":{"rendered":"<p><a href=\"https:\/\/alianzanacional.com.uy\/web\/wp-content\/uploads\/2019\/01\/CDS2930.jpg\"><img fetchpriority=\"high\" decoding=\"async\" class=\"alignnone size-large wp-image-31492\" src=\"https:\/\/alianzanacional.com.uy\/web\/wp-content\/uploads\/2019\/01\/CDS2930-700x467.jpg\" alt=\"\" width=\"620\" height=\"414\" srcset=\"https:\/\/alianzanacional.com.uy\/web\/wp-content\/uploads\/2019\/01\/CDS2930-700x467.jpg 700w, https:\/\/alianzanacional.com.uy\/web\/wp-content\/uploads\/2019\/01\/CDS2930-400x267.jpg 400w, https:\/\/alianzanacional.com.uy\/web\/wp-content\/uploads\/2019\/01\/CDS2930-768x512.jpg 768w, https:\/\/alianzanacional.com.uy\/web\/wp-content\/uploads\/2019\/01\/CDS2930.jpg 970w\" sizes=\"(max-width: 620px) 100vw, 620px\" \/><\/a><\/p>\n<p>El l\u00edder de Alianza Nacional, Jorge Larra\u00f1aga, efectu\u00f3 dos actos este fin de semana en Canelones y Montevideo. Uno de los temas elegidos en sus discursos fue la ense\u00f1anza. \u201cEl pa\u00eds necesita tener en la educaci\u00f3n el m\u00e1s grande instrumento igualador y el mejor escudo que puede tener la gente contra la pobreza\u201d, expres\u00f3.<\/p>\n<p>El senador dijo que es necesario \u201crealizar cambios radicales en la educaci\u00f3n y preparar nuestros muchachos para los desaf\u00edos de la cuarta revoluci\u00f3n industrial\u201d.<\/p>\n<p>Expuso que \u201cen tiempos en que el mundo discute reformas 4.0, donde la robotizaci\u00f3n generar enormes desaf\u00edos para el empleos, en Uruguay tenemos discusiones sin sentido y muchachos que no son capaces de interpretar lo que leen\u201d. Complement\u00f3 que \u201cmientras esa revoluci\u00f3n de la rob\u00f3tica y la inteligencia artificial se desarrolla en el mundo, nosotros ac\u00e1 estamos discutiendo si las clases van a empezar el 25 de febrero o el 1\u00b0 de marzo\u201d.<\/p>\n<p>Larra\u00f1aga indic\u00f3 que la \u201crobotizaci\u00f3n va a sustituir puestos de trabajo de miles de personas en todo el mundo y en Uruguay no va a ser una excepci\u00f3n; entonces a mayor conocimiento nuestros muchachos van a tener mejores posibilidades de defenderse\u201d. Sin embargo, marc\u00f3 que \u201ca menor educaci\u00f3n y menor conocimiento, los riesgos de insertarse ser\u00e1n mayores\u201d.<\/p>\n<p>Despu\u00e9s pidi\u00f3 cambios en la ense\u00f1anza. \u201cLa educaci\u00f3n te puede llevar al futuro o te puede anclar en el pasado. Y eso es lo que lamentablemente est\u00e1 pasando con miles de gurises en todo el territorio con una que no tiene los resultados que tiene que tener\u201d.<\/p>\n<p>Ante eso, sostuvo que se debe ir \u201cal rescate de esa educaci\u00f3n p\u00fablica para tener m\u00e1s y mejor educaci\u00f3n para los hijos de los uruguayos\u201d. Y afirm\u00f3: \u201csi no hacemos cambios hay miles de muchachos que se van a quedar en la banquina, afuera de la cancha\u201d.<\/p>\n<p>Por eso exigi\u00f3 al Poder Ejecutivo una actitud m\u00e1s activa. \u201cUn gobierno que fracasa en la educaci\u00f3n est\u00e1 hipotecando el futuro de la sociedad; cambiarla supone un desaf\u00edo \u00e9tico impostergable. Precisamos un gobierno sin miedo a enfrentarse a los que trancan los cambios\u201d, se\u00f1al\u00f3.<\/p>\n<p>Fuente: El Observador<\/p>\n<p>Foto: Camilo dos Santos<\/p>\n","protected":false},"excerpt":{"rendered":"<p>El l\u00edder de Alianza Nacional, Jorge Larra\u00f1aga, efectu\u00f3 dos actos este fin de semana en Canelones y Montevideo. Uno de los temas elegidos en sus discursos fue la ense\u00f1anza. \u201cEl pa\u00eds necesita tener en la educaci\u00f3n el m\u00e1s grande instrumento igualador y el mejor escudo que puede tener la gente contra la pobreza\u201d, expres\u00f3. El [&hellip;]<\/p>\n","protected":false},"author":1,"featured_media":31492,"comment_status":"open","ping_status":"open","sticky":false,"template":"","format":"standard","meta":{"footnotes":""},"categories":[16],"tags":[],"class_list":["post-31491","post","type-post","status-publish","format-standard","has-post-thumbnail","hentry","category-noticias"],"_links":{"self":[{"href":"https:\/\/alianzanacional.com.uy\/web\/wp-json\/wp\/v2\/posts\/31491","targetHints":{"allow":["GET"]}}],"collection":[{"href":"https:\/\/alianzanacional.com.uy\/web\/wp-json\/wp\/v2\/posts"}],"about":[{"href":"https:\/\/alianzanacional.com.uy\/web\/wp-json\/wp\/v2\/types\/post"}],"author":[{"embeddable":true,"href":"https:\/\/alianzanacional.com.uy\/web\/wp-json\/wp\/v2\/users\/1"}],"replies":[{"embeddable":true,"href":"https:\/\/alianzanacional.com.uy\/web\/wp-json\/wp\/v2\/comments?post=31491"}],"version-history":[{"count":2,"href":"https:\/\/alianzanacional.com.uy\/web\/wp-json\/wp\/v2\/posts\/31491\/revisions"}],"predecessor-version":[{"id":31495,"href":"https:\/\/alianzanacional.com.uy\/web\/wp-json\/wp\/v2\/posts\/31491\/revisions\/31495"}],"wp:featuredmedia":[{"embeddable":true,"href":"https:\/\/alianzanacional.com.uy\/web\/wp-json\/wp\/v2\/media\/31492"}],"wp:attachment":[{"href":"https:\/\/alianzanacional.com.uy\/web\/wp-json\/wp\/v2\/media?parent=31491"}],"wp:term":[{"taxonomy":"category","embeddable":true,"href":"https:\/\/alianzanacional.com.uy\/web\/wp-json\/wp\/v2\/categories?post=31491"},{"taxonomy":"post_tag","embeddable":true,"href":"https:\/\/alianzanacional.com.uy\/web\/wp-json\/wp\/v2\/tags?post=31491"}],"curies":[{"name":"wp","href":"https:\/\/api.w.org\/{rel}","templated":true}]}}