{"id":31525,"date":"2019-02-13T02:46:40","date_gmt":"2019-02-13T05:46:40","guid":{"rendered":"http:\/\/alianzanacional.com.uy\/web\/?p=31525"},"modified":"2019-02-13T02:51:20","modified_gmt":"2019-02-13T05:51:20","slug":"con-todo-larranaga-va-larranaga-propone-cambio-radical-para-el-pais","status":"publish","type":"post","link":"https:\/\/alianzanacional.com.uy\/web\/con-todo-larranaga-va-larranaga-propone-cambio-radical-para-el-pais\/","title":{"rendered":"Con todo! Larra\u00f1aga va &#8211; Larra\u00f1aga propone cambio radical para el pa\u00eds"},"content":{"rendered":"<p><a href=\"https:\/\/alianzanacional.com.uy\/web\/wp-content\/uploads\/2019\/02\/unnamed.jpg\"><img fetchpriority=\"high\" decoding=\"async\" class=\"alignnone size-large wp-image-31526\" src=\"https:\/\/alianzanacional.com.uy\/web\/wp-content\/uploads\/2019\/02\/unnamed-700x467.jpg\" alt=\"\" width=\"620\" height=\"414\" srcset=\"https:\/\/alianzanacional.com.uy\/web\/wp-content\/uploads\/2019\/02\/unnamed-700x467.jpg 700w, https:\/\/alianzanacional.com.uy\/web\/wp-content\/uploads\/2019\/02\/unnamed-400x267.jpg 400w, https:\/\/alianzanacional.com.uy\/web\/wp-content\/uploads\/2019\/02\/unnamed-768x512.jpg 768w, https:\/\/alianzanacional.com.uy\/web\/wp-content\/uploads\/2019\/02\/unnamed.jpg 1500w\" sizes=\"(max-width: 620px) 100vw, 620px\" \/><\/a><\/p>\n<p><em>En la reuni\u00f3n de la Agrupaci\u00f3n de Gobierno de los sectores que apoyan la candidatura de Larra\u00f1aga se presentaron documentos program\u00e1ticos con algunas de las prioridades de campa\u00f1a, se anunci\u00f3 que las firmas por el plebiscito se presentar\u00e1n el 25 de febrero y se present\u00f3 el eslogan de campa\u00f1a y el jingle.<\/em><\/p>\n<p>En el Sal\u00f3n Terraza del hotel NH Columbia se celebr\u00f3 desde las 14 horas del s\u00e1bado la sesi\u00f3n de la Agrupaci\u00f3n de Gobierno de los distintos sectores que apoyan la postulaci\u00f3n presidencial de Larra\u00f1aga.<\/p>\n<p>En la oportunidad se compartieron varios documentos, tanto de contenido program\u00e1tico como de posicionamiento estrat\u00e9gico.<\/p>\n<p>El documento \u00a8Ganar y cambiar, para que valga la pena\u00a8plantea posicionamientos de cara a la campa\u00f1a pol\u00edtica. El mismo se\u00f1ala que: \u00a8en la elecci\u00f3n de junio se comenzar\u00e1 a definir el Balotaje. Ya sabemos entre qu\u00e9 Partidos. Sabremos entre qui\u00e9nes\u00a8.<\/p>\n<p><strong>El abanderado para el cambio<\/strong><\/p>\n<p>A su vez se se\u00f1ala que \u00a8el cambio necesita un l\u00edder, un abanderado de la trasformaci\u00f3n. El pa\u00eds enfrenta problemas que ya no aguantan m\u00e1s. El pa\u00eds no resiste cambiar de a poco. Tampoco resiste otra mala conducci\u00f3n. Un pa\u00eds con buenas ideas fracasa con una mala conducci\u00f3n\u00a8.<\/p>\n<p><strong>Presidencialidad de Larra\u00f1aga<\/strong><\/p>\n<p>Dentro del cap\u00edtulo \u00a8El liderazgo para asegurar el cambio\u00a8 se consigna que \u00a8acordar las primeras leyes fundamentales y tomar las decisiones m\u00e1s removedoras en \u00e1reas sensibles, requieren de actitud, personalidad, carisma, coraje y mucha energ\u00eda. Gobernar para la gente, descentralizar la gesti\u00f3n y distribuir los recursos, hacer cambios de fondo y retomar la senda del desarrollo, combatir la corrupci\u00f3n, desplegar y aplicar la \u201cagenda de deberes\u201d de los ciudadanos y las organizaciones p\u00fablicas y privadas, todo con el Frente Amplio -y sus organizaciones amigas en la oposici\u00f3n-, exige la conducci\u00f3n de un l\u00edder en el ejercicio de la Presidencia. Con paciencia y capacidad de articulaci\u00f3n, mano firme, compromiso y disposici\u00f3n para cumplir y hacer cumplir las decisiones que impulsan la transformaci\u00f3n, son atributos que no pueden faltar\u00a8.<\/p>\n<p><strong>El mejor para ganar y gobernar<\/strong><\/p>\n<p>Agrega que \u00a8quienes pensamos que Jorge Larra\u00f1aga es el mejor candidato para ganar la interna, lo hacemos convencidos en que re\u00fane las condiciones necesarias para ganar en la segunda vuelta, para gobernar y hacer gobernable este maravilloso pa\u00eds, que es el indicado para concretar los cambios necesarios -los urgentes y los importantes-, y para, mediante el di\u00e1logo y el entendimiento, logren vencer las resistencias que podr\u00edan querer ejercer quienes sientan la frustraci\u00f3n del fracaso\u00a8.<\/p>\n<p><strong>Para que valga la pena<\/strong><\/p>\n<p>El documento finaliza sosteniendo que \u00a8Jorge Larra\u00f1aga presenta condiciones que lo colocan en excelente posici\u00f3n para asumir el rol presidencial: madurez y liderazgo; capacidad de conducci\u00f3n y experiencia de Gobierno, capacidad de di\u00e1logo y solidez en sus convicciones; ideas y equipo t\u00e9cnico y pol\u00edtico probado. Es un l\u00edder respetado, con di\u00e1logo y con la firmeza que el momento del pa\u00eds requiere. En resumen, \u00b4Ganar, s\u00ed, pero Ganar para que valga la pena\u00b4. No simplemente ganar para que se vayan, ganar para cambiarle el rumbo al pa\u00eds y hacer los cambios, las transformaciones necesarias, imprescindibles y urgentes que la situaci\u00f3n y la gente honesta y trabajadora nos demandan\u00a8.<\/p>\n<p><strong>Documento con contenido program\u00e1tico<\/strong><\/p>\n<p>Por su parte, un documento de corte program\u00e1tico denominado\u00a8Algunos contenidos para el cambio\u00a8presenta algunas de las prioridades tem\u00e1ticas: empleo, educaci\u00f3n y descentralizaci\u00f3n.<\/p>\n<p><strong>Empleo<\/strong><\/p>\n<p>El documento se\u00f1ala, en el cap\u00edtulo referido al empleo, al analizar la incidencia de la cuarta revoluci\u00f3n industrial, la robotizaci\u00f3n, la automatizaci\u00f3n y la inteligencia artificial que se necesita mejorar el nivel educativo de la poblaci\u00f3n y ofrecerle a los trabajadores la posibilidad de capacitarse en forma continua a lo largo de toda su vida laboral, pues solo as\u00ed ser\u00e1n m\u00e1s productivos, m\u00e1s competitivos y mejor remunerados.<\/p>\n<p>Se establece como uno de los objetivos de la pol\u00edtica de empleo \u00a8promover la cultura del trabajo y el esfuerzo como mecanismo de superaci\u00f3n personal y colectivo\u00a8.<\/p>\n<p><strong>Consejos de Salarios y Productividad<\/strong><\/p>\n<p>El documento establece que se mantendr\u00e1n los Consejos de Salarios y que introducir\u00e1 la discusi\u00f3n de productividad en los mismos.<\/p>\n<p><strong>Beneficios tributarios a favor del trabajador y la productividad<\/strong><\/p>\n<p>Se propone dar incentivos para el incremento de la productividad, estableciendo beneficios tributarios para las partidas que surjan de ese incremento de productividad, del mismo modo que se propone reducir el IRPF para las horas extra beneficiando al trabajador: \u00a8el sistema tributario vigente grava el salario con el impuesto a la renta de las personas f\u00edsicas, que tiene al\u00edcuotas progresivas, y opera como un desincentivo al esfuerzo. En este sentido, es habitual escuchar a los trabajadores se\u00f1alar, que no tienen inter\u00e9s en realizar horas extras porque el incremento de la exacci\u00f3n del IRPF sobre la porci\u00f3n incremental del salario pasa a ser excesiva. Por eso consideramos inconveniente e injusto que las horas extras est\u00e9n gravadas con una al\u00edcuota mayor que la al\u00edcuota del IRPF aplicable a la primera franja por encima del m\u00ednimo no imponible. Cuando la ley de horas extras estableci\u00f3 que el empleador debe abonarlas en forma doble, tuvo en consideraci\u00f3n que ese trabajo extraordinario implica para el trabajador un mayor esfuerzo por la extensi\u00f3n de la jornada y al mismo tiempo, un sacrificio excepcional por la p\u00e9rdida de la oportunidad de dedicar ese tiempo a otras actividades, entre ellas, a su familia. Por eso, consideramos mucho m\u00e1s justo que los trabajadores no tengan de parte del Estado una carga tributaria adicional cuando realizan horas extras. Advi\u00e9rtase que cuando el trabajador realiza horas extras, no solo aumenta la producci\u00f3n nacional sino que al mismo tiempo, esa remuneraci\u00f3n extraordinaria est\u00e1 alcanzada por las contribuciones especiales de seguridad social, con lo cual, colabora a atenuar el d\u00e9ficit de la seguridad social\u00a8<\/p>\n<p>Con la misma filosof\u00eda se promueve mediante exacciones fiscales el aumento de productividad: \u00a8las partidas salariales que remuneren la mayor productividad de los trabajadores, siempre que \u00e9stas hayan sido acordadas en el \u00e1mbito de los Consejos de Salarios o en convenios colectivos por empresa, no deber\u00e1n soportar una al\u00edcuota por concepto de IRPF, mayor a la que sea aplicable en forma promedial sobre el salario base. De esta forma, todas las partes involucradas colaborar\u00e1n para promover los acuerdos de productividad entre empresas y trabajadores\u00a8.<\/p>\n<p><strong>Pacto por el Empleo<\/strong><\/p>\n<p>El documento propone asimismo, que a efectos de afrontar los enormes desaf\u00edos que presenta la situaci\u00f3n del empleo se hace necesario \u00a8convocar a actores sociales, empresarios y trabajadores, a una mesa de di\u00e1logo social con la finalidad de lograr un gran Pacto por el Empleo y los Ingresos Dignos para todos\u00a8.<\/p>\n<p><strong>Revoluci\u00f3n educativa<\/strong><\/p>\n<p>En el cap\u00edtulo dedicado a la educaci\u00f3n se establece que: \u00a8Uruguay necesita una revoluci\u00f3n educativa\u00a8 ya que \u00a8en los \u00faltimos a\u00f1os la situaci\u00f3n se agrav\u00f3: hay una dram\u00e1tica erosi\u00f3n de los aprendizajes, una distribuci\u00f3n socialmente desigualitaria de los resultados y un grave problema de desvinculaci\u00f3n en la ense\u00f1anza media\u00a8.<\/p>\n<p>Apunta que \u00a8esto no se arregla con ajustes (\u2026)\u00a8sino que \u00a8se requiere una transformaci\u00f3n de envergadura, voluntad pol\u00edtica y liderazgo para llevarla a cabo. Debemos recuperar el esp\u00edritu de los fundadores de nuestra educaci\u00f3n, pensando desde nuestro tiempo hist\u00f3rico y sus desaf\u00edos una nueva educaci\u00f3n\u00a8.<\/p>\n<p>Y se establecen una serie de propuestas para el cambio educativo como ser recuperar la conducci\u00f3n de la educaci\u00f3n: \u00a8es prioritario que el gobierno de la educaci\u00f3n y la definici\u00f3n de pol\u00edticas sea de responsabilidad de los poderes p\u00fablicos representativos, defendiendo los intereses generales de la sociedad, de los educandos y sus familias. No podemos permitir que el derecho a la educaci\u00f3n sea privatizado por intereses particulares de las corporaciones, ni que lo que es un bien de todos sea regido por una visi\u00f3n partidista unilateral\u00a8.<\/p>\n<p>Se propone tambi\u00e9n dotar de mayor autonom\u00eda a los Centros educativos, aplicando el modelo del Programa Promejora; darle mayor protagonismo a los directores y conformaci\u00f3n de equipos docentes; la jerarquizaci\u00f3n de los docentes otorgando el t\u00edtulo universitario y atender la situaci\u00f3n de los 100.000 j\u00f3venes que no estudian ni trabajan.<\/p>\n<p><strong>Mismas oportunidades<\/strong><\/p>\n<p>El cap\u00edtulo sobre Descentralizaci\u00f3n sostiene que \u00a8en el pa\u00eds han dominado l\u00f3gicas centralistas, burocracias divorciadas de la realidad que han promovido avances de papel sin cambios tangibles y l\u00f3gicas economicistas que desconocen la trascendencia social de una aut\u00e9ntica integraci\u00f3n territorial, econ\u00f3mica y humana\u00a8y plantea que se necesita \u00a8un redise\u00f1o geopol\u00edtico interno acorde a los desaf\u00edos del siglo XXI. En nuestra visi\u00f3n no existe desarrollo del pa\u00eds sin desarrollo del interior en su conjunto. Uruguay no es la mera acumulaci\u00f3n de regiones. Los uruguayos somos m\u00e1s que la suma de ciudadanos. Somos una comunidad. Compartimos obligaciones pero adem\u00e1s, debemos compartir derechos y oportunidades. As\u00ed debe ser. As\u00ed queremos que sea. Descentralizar es un acto de justicia, implica igualar las posibilidades de superaci\u00f3n entre los uruguayos. Deben existir las mismas oportunidades en cada rinc\u00f3n del pa\u00eds\u00a8.<\/p>\n<p><strong>Nueva Descentralizaci\u00f3n<\/strong><\/p>\n<p>Propone \u00a8profundizar los procesos de descentralizaci\u00f3n federalizando ciertos cometidos, apoyando y promoviendo la cooperaci\u00f3n entre regiones y departamentos\u00a8;asociando \u00a8el gobierno nacional con los gobiernos locales federalizando cometidos y proyectos espec\u00edficos, facilitando instrumentos jur\u00eddicos para el asociacionismo y colaboraci\u00f3n entre municipios; crear Agencias Regionales como nueva dimensi\u00f3n de cooperaci\u00f3n interdepartamental fundamentalmente orientadas a desarrollar planes de fomento productivo y un Plan de inversi\u00f3n p\u00fablica\/privada en infraestructura y log\u00edstica multimodal en \u00e1reas y obras estrat\u00e9gicas, buscando la interconexi\u00f3n del pa\u00eds\u00a8.<\/p>\n<p>Se apunta dem\u00e1s que se necesita asegurar la autonom\u00eda financiera para que la descentralizaci\u00f3n sea posible: \u00a8la nueva descentralizaci\u00f3n deber\u00e1 venir acompa\u00f1ada de mayor autonom\u00eda financiera. Sin autonom\u00eda financiera no hay plenitud de la autonom\u00eda pol\u00edtica. No puede haber descentralizaci\u00f3n efectiva sin \u00b4descentralizar la caja\u00b4.<\/p>\n<p>Adem\u00e1s, se entreg\u00f3 a los asistentes una copia del documento program\u00e1tico aprobado por el Partido Nacional para ser analizado con el resto de los Partidos de Oposici\u00f3n, y que tuviera c\u00f3mo g\u00e9nesis la propuesta de Agenda Para el Progreso que Larra\u00f1aga present\u00f3 al Partido Nacional el 23 de febrero de 2018.<\/p>\n<p><a href=\"https:\/\/drive.google.com\/file\/d\/1PtHN_Hy5zhZYBuCe3R1vwgVpUAbpYgm_\/view\">DESCARGUE EL DOCUMENTO \u00abCAMBIAR Y GANAR PARA QUE VALGA LA PENA\u00bb<\/a><br \/>\n<a href=\"https:\/\/drive.google.com\/file\/d\/1R7D8SZPc0Uur6cctIkKE78GZJuV2NodF\/view\">DESCARGUE EL DOCUMENTO \u00abALGUNOS CONTENIDOS PARA EL CAMBIO\u00bb<\/a><\/p>\n","protected":false},"excerpt":{"rendered":"<p>En la reuni\u00f3n de la Agrupaci\u00f3n de Gobierno de los sectores que apoyan la candidatura de Larra\u00f1aga se presentaron documentos program\u00e1ticos con algunas de las prioridades de campa\u00f1a, se anunci\u00f3 que las firmas por el plebiscito se presentar\u00e1n el 25 de febrero y se present\u00f3 el eslogan de campa\u00f1a y el jingle. En el Sal\u00f3n [&hellip;]<\/p>\n","protected":false},"author":1,"featured_media":31526,"comment_status":"open","ping_status":"open","sticky":false,"template":"","format":"standard","meta":{"footnotes":""},"categories":[16],"tags":[],"class_list":["post-31525","post","type-post","status-publish","format-standard","has-post-thumbnail","hentry","category-noticias"],"_links":{"self":[{"href":"https:\/\/alianzanacional.com.uy\/web\/wp-json\/wp\/v2\/posts\/31525","targetHints":{"allow":["GET"]}}],"collection":[{"href":"https:\/\/alianzanacional.com.uy\/web\/wp-json\/wp\/v2\/posts"}],"about":[{"href":"https:\/\/alianzanacional.com.uy\/web\/wp-json\/wp\/v2\/types\/post"}],"author":[{"embeddable":true,"href":"https:\/\/alianzanacional.com.uy\/web\/wp-json\/wp\/v2\/users\/1"}],"replies":[{"embeddable":true,"href":"https:\/\/alianzanacional.com.uy\/web\/wp-json\/wp\/v2\/comments?post=31525"}],"version-history":[{"count":4,"href":"https:\/\/alianzanacional.com.uy\/web\/wp-json\/wp\/v2\/posts\/31525\/revisions"}],"predecessor-version":[{"id":31531,"href":"https:\/\/alianzanacional.com.uy\/web\/wp-json\/wp\/v2\/posts\/31525\/revisions\/31531"}],"wp:featuredmedia":[{"embeddable":true,"href":"https:\/\/alianzanacional.com.uy\/web\/wp-json\/wp\/v2\/media\/31526"}],"wp:attachment":[{"href":"https:\/\/alianzanacional.com.uy\/web\/wp-json\/wp\/v2\/media?parent=31525"}],"wp:term":[{"taxonomy":"category","embeddable":true,"href":"https:\/\/alianzanacional.com.uy\/web\/wp-json\/wp\/v2\/categories?post=31525"},{"taxonomy":"post_tag","embeddable":true,"href":"https:\/\/alianzanacional.com.uy\/web\/wp-json\/wp\/v2\/tags?post=31525"}],"curies":[{"name":"wp","href":"https:\/\/api.w.org\/{rel}","templated":true}]}}