{"id":31529,"date":"2019-02-13T02:59:48","date_gmt":"2019-02-13T05:59:48","guid":{"rendered":"http:\/\/alianzanacional.com.uy\/web\/?p=31529"},"modified":"2019-02-13T03:01:13","modified_gmt":"2019-02-13T06:01:13","slug":"larranaga-nosotros-nos-queremos-hacer-cargo-del-timon-del-pais","status":"publish","type":"post","link":"https:\/\/alianzanacional.com.uy\/web\/larranaga-nosotros-nos-queremos-hacer-cargo-del-timon-del-pais\/","title":{"rendered":"Larra\u00f1aga: \u201cNosotros nos queremos hacer cargo del tim\u00f3n del pa\u00eds\u201d"},"content":{"rendered":"<p><em>\u201cSiento que tengo que darle a mi pa\u00eds el mayor de los esfuerzos y la mayor de las luchas\u201d.<\/em><\/p>\n<p>En la reuni\u00f3n de la Agrupaci\u00f3n de Gobierno de los sectores que lo apoyan, Larra\u00f1aga anunci\u00f3 que el 23 de marzo lanzar\u00e1 su campa\u00f1a presidencial, cuando falten 100 d\u00edas para la elecci\u00f3n interna.<\/p>\n<p><strong>RIESGOS<\/strong><\/p>\n<p>\u201cHay dos riesgos enormes que no nos podemos permitir que sucedan: uno que vuelva a ganar el Frente Amplio porque el Gobierno no podr\u00eda resolver los temas que tiene que enfrentar ni el pa\u00eds soportar\u00eda un cuarto gobierno del Frente Amplio\u201d.<\/p>\n<p>Como segundo riesgo se\u00f1al\u00f3: \u201ctampoco podemos permitirnos porque ser\u00eda terriblemente desilusionante, acudir a un esfuerzo de alternancia que se agote en un mero maquillaje de cambio. Por eso creo que hay que cambiar fuerte, hay que tener una disposici\u00f3n para decirle al pa\u00eds que hay que cambiar de manera muy s\u00f3lida porque no le podemos ofrecer al Uruguay ser el segundo tiempo de las pol\u00edticas del Frente Amplio. Hay que desalojar con votos a quienes hoy gobiernan que prometieron ser enamorados del pueblo y terminaron siendo enamorados del poder\u201d.<\/p>\n<p>Agreg\u00f3 que \u201cel cambio en Uruguay no debe ser pol\u00edtico solamente, es un cambio pol\u00edtico y cultural y pasa por un cambio de sustancia, pasa por reconciliarnos con la dignidad que implica ser una Rep\u00fablica donde vuelva a ser respetada la triada sagrada que sostiene una Rep\u00fablica fuerte: la libertad, la ley y la justicia.<br \/>\nExpres\u00f3 que quiere que prevalezcan: \u201ccuatro derechos fundamentales que a nuestro juicio tienen que tener los orientales: el derecho al trabajo, a ganarse el pan como expresi\u00f3n del desarrollo de la dignidad, el derecho a ser due\u00f1o del futuro porque la educaci\u00f3n es la verdadera construcci\u00f3n de futuro del ser humano, el derecho a progresar se nazca donde se nazca, se viva donde se viva y eso se llama descentralizaci\u00f3n y el derecho a vivir sin miedo porque con miedo no hay libertad\u201d.<\/p>\n<p><strong>EMPLEO<\/strong><\/p>\n<p>Afirm\u00f3 que mantendr\u00e1 los Consejos de Salarios y que hay que empezar a discutir la productividad, y propuso brindar exoneraciones tributarias para favorecer los acuerdos de productividad.<\/p>\n<p>Tambi\u00e9n propuso un Pacto Por el Empleo Y los ingresos Dignos entre Gobierno, trabajadores, empresarios y actores sociales.<\/p>\n<p><strong>EDUCACI\u00d3N<\/strong><\/p>\n<p>\u201cSi hay una pol\u00edtica p\u00fablica en el Uruguay que precisa una cirug\u00eda fundamental, vital, es la educaci\u00f3n. Tenemos que salvar el coraz\u00f3n de la Rep\u00fablica: la educaci\u00f3n p\u00fablica uruguaya\u201d.<br \/>\nDijo que: \u201cno hay nada m\u00e1s regresivo que en estos 15 a\u00f1os de gobierno de una fuerza pol\u00edtica que se dice progresista que haber fracasado en el instrumento m\u00e1s revolucionario que tiene una sociedad como es la educaci\u00f3n.Un gobierno que fracasa en educaci\u00f3n fracasa en todo el gobierno\u201d.<\/p>\n<p>Se\u00f1al\u00f3 que \u201cel cambio educativo comenzar\u00e1 recuperando el tim\u00f3n, vamos a recuperar el control de la educaci\u00f3n hoy secuestrada por las l\u00f3gicas corporativas. Con nosotros volver\u00e1 a mandar el soberano poder republicano\u00bb.<\/p>\n<p>Propuso \u201cdarle autonom\u00eda y fortalecer a los centros educativos con el modelo Promejora\u00bb.<\/p>\n<p>En otro orden expres\u00f3 que \u201cUruguay padece una enfermedad desde su nacimiento, una enorme enfermedad que es el centralismo. Que no es solo hacia el interior del pa\u00eds es tambi\u00e9n de las capitales departamentales hacia los pueblos. Es algo muy humano pensar que donde hay muchos, hay m\u00e1s derechos, pero no, todos tenemos lo mismos derechos. Esta es la concepci\u00f3n nacionalista, saravista y wilsonista. Esta es una impronta porque han gobernado todos los partidos desde 1985 hasta la fecha pero no ha gobernado el Wilsonismo\u00bb.<\/p>\n<p><strong>VIVIR SIN MIEDO<\/strong><\/p>\n<p>Sobre la anunciada contracampa\u00f1a del FA sostuvo: \u201cquiz\u00e1 piensen que porque los l\u00edderes de otros partidos de la oposici\u00f3n no est\u00e1n de acuerdo con este instrumento, quiz\u00e1s piensen que el campo se les hace or\u00e9gano pero no advierten que esto no es problema de dirigentes, que esto es un problema de la gente, de toda la gente en todo el pa\u00eds que u\u00e9 va a votar y va a acompa\u00f1ar esta reforma\u201d.<\/p>\n<p>Respecto a la campana \u201cVivir sin Miedo\u201d, que logr\u00f3 las firmas para plebiscitar la reforma constitucional, inform\u00f3 que el 25 de febrero le entregar\u00e1 las firmas a la Presidencia de la Asamblea General<\/p>\n<p>Sostuvo que los candidatos del FA hablan de \u201cdar nuevo impulso\u201d y se pregunt\u00f3:<br \/>\n\u00abMe pueden explicar alguien sensatamente puede decir \u00bfqu\u00e9 nuevo impulso, al gasto p\u00fablico al d\u00e9ficit a la acumulaci\u00f3n de fracasos? Todos los candidatos del Frente Amplio son candidatos del continuismo y son responsables de las pol\u00edticas fracasadas del Frente Amplio, que no se hagan los distra\u00eddos. Ellos festejaron, fueron parte de la fiesta y la fiesta la pagamos todos los uruguayos. Es tiempo, que desde Artigas, de Bella Uni\u00f3n, de Rivera, de Vichadero, desde el litoral desde cualquier punto del pa\u00eds, le digamos que se les termin\u00f3 la farra. No pueden seguir prometiendo para el cuarto gobierno lo que ya tuvieron 15 a\u00f1os para hacer y lo han hecho\u00bb.<\/p>\n<p><strong>INTERNAS<\/strong><\/p>\n<p>Larra\u00f1aga se\u00f1al\u00f3 que \u201cen junio empezamos a elegir Presidente. El Partido Nacional es el desafiante del Frente y de nuestra interna sale el pr\u00f3ximo presidente\u201d.<\/p>\n<p>Larra\u00f1aga salud\u00f3 a los dem\u00e1s precandidatos nacionalistas: \u201cTengo por todos los compa\u00f1eros del partido el mejor sentimiento de fraternidad y les env\u00edo mi saludo al doctor Lacalle Pou, a Ver\u00f3nica Alonso, a Carlos Iafigliola, a Juan Sartori y a Enrique Ant\u00eda\u201d.<\/p>\n<p><strong>TOMAR EL TIM\u00d3N<\/strong><\/p>\n<p>\u201cNosotros nos queremos hacer cargo del tim\u00f3n del pa\u00eds. Yo quiero proponer que el Uruguay cambie, no hay otra vuelta, vengo a proponer un cambio sin miedo, sin miedo a chocar contra la mediocridad, contra los \u201cno se puede\u201d,  vengo a alertar que no se puede vacilar. No nos podemos dar el lujo de vacilar y tenemos que tener una enorme determinaci\u00f3n, un cambio claro, potente para dar vuelta lo que se ha hecho muy mal, o nos arriesgamos a que la gente crea que lo que le estamos proponiendo es apenas una suerte de lavado de cara del pa\u00eds. Vengo a proponer ante ustedes gobernar bien distinto, vengo a proponer que con las luchas ganadas y perdidas, con mi trayectoria que no es el resultado m\u00e1s que de una lucha (\u2026), porque soy como el canto rodado que quiz\u00e1s de tanto rodar va perdiendo las aristas y en el acumulado de las de las cosas de la vida uno siente la fortaleza para emprender esta lucha\u201d.<\/p>\n<p>\u201cTermino estas palabras diciendo, lo que el viejo, mi padre, me dijo: en la vida hay que tener dos cosas para lograr superar las metas m\u00e1s altas y poder alcanzar el mejor destino: lo primero saber luchar y lo segundo es saber sufrir . porque son como la fragua al acero\u201d<\/p>\n<p>\u201cSiento que tengo que darle a mi pa\u00eds el mayor de los esfuerzos y la mayor de las luchas. El 23 de marzo lanzamos nuestra candidatura para ganar la Presidencia de la Rep\u00fablica\u201d, finaliz\u00f3.<\/p>\n<p>Algunos de los dirigentes que estuvieron participando de la jornada fueron los intendentes Carlos Moreira y Adriana Pe\u00f1a, los senadores Carlos Camy y Guillermo Besozzi, el Presidente de la C\u00e1mara de Representantes Jorge Gandini, los diputados Pablo Abdala, Gonzalo Novales, Wilson Aparicio Ezquerra, Jos\u00e9 Quint\u00edn Olano, Mario Ayala, Omar Lafluf, Richard Charamelo, el exintendente de Tacuaremb\u00f3 Wilson Ezquerra, los excandidatos presidenciales Juan Andr\u00e9s Ram\u00edrez y Alberto Volont\u00e9, Silvia Ferreira Sienra, entre otros dirigentes y autoridades de todo el pa\u00eds.<\/p>\n<p><strong>El 23 de marzo en Trouville<\/strong><\/p>\n<p>Larra\u00f1aga anunci\u00f3 que el lanzamiento formal de su candidatura ser\u00e1 el 23 de marzo en el Club Trouville, recordado por la m\u00edtica Convenci\u00f3n nacionalista de 1984 que reclamaba por la libertad de Wilson Ferreira Aldunate.<\/p>\n<div id='gallery-1' class='gallery galleryid-31529 gallery-columns-3 gallery-size-thumbnail'><figure class='gallery-item'>\n\t\t\t<div class='gallery-icon landscape'>\n\t\t\t\t<a href='https:\/\/alianzanacional.com.uy\/web\/larranaga-nosotros-nos-queremos-hacer-cargo-del-timon-del-pais\/jorge-larranaga-presento-su-agrupacion-de-gobierno-19\/'><img decoding=\"async\" width=\"150\" height=\"150\" src=\"https:\/\/alianzanacional.com.uy\/web\/wp-content\/uploads\/2019\/02\/02022019-_GB_960-Grande-150x150.jpg\" class=\"attachment-thumbnail size-thumbnail\" alt=\"\" aria-describedby=\"gallery-1-31554\" \/><\/a>\n\t\t\t<\/div>\n\t\t\t\t<figcaption class='wp-caption-text gallery-caption' id='gallery-1-31554'>\n\t\t\t\tMontevideo, Uruguay. 2 Febrero de 2019.. \nJorge Larra\u00f1aga presento su agrupaci\u00f3n de gobierno y puso fecha para el lanzamiento de su precandidatura, el 23 de Marzo. \n Foto: Gast\u00f3n Britos \/ FocoUy\n\t\t\t\t<\/figcaption><\/figure><figure class='gallery-item'>\n\t\t\t<div class='gallery-icon landscape'>\n\t\t\t\t<a href='https:\/\/alianzanacional.com.uy\/web\/larranaga-nosotros-nos-queremos-hacer-cargo-del-timon-del-pais\/jorge-larranaga-presento-su-agrupacion-de-gobierno-9\/'><img decoding=\"async\" width=\"150\" height=\"150\" src=\"https:\/\/alianzanacional.com.uy\/web\/wp-content\/uploads\/2019\/02\/02022019-_GB_9543-Grande-150x150.jpg\" class=\"attachment-thumbnail size-thumbnail\" alt=\"\" aria-describedby=\"gallery-1-31544\" \/><\/a>\n\t\t\t<\/div>\n\t\t\t\t<figcaption class='wp-caption-text gallery-caption' id='gallery-1-31544'>\n\t\t\t\tMontevideo, Uruguay. 2 Febrero de 2019.. \rJorge Larra\u00f1aga presento su agrupaci\u00f3n de gobierno y puso fecha para el lanzamiento de su precandidatura, el 23 de Marzo. \r Foto: Gast\u00f3n Britos \/ FocoUy\n\t\t\t\t<\/figcaption><\/figure><figure class='gallery-item'>\n\t\t\t<div class='gallery-icon landscape'>\n\t\t\t\t<a href='https:\/\/alianzanacional.com.uy\/web\/larranaga-nosotros-nos-queremos-hacer-cargo-del-timon-del-pais\/jorge-larranaga-presento-su-agrupacion-de-gobierno-10\/'><img decoding=\"async\" width=\"150\" height=\"150\" src=\"https:\/\/alianzanacional.com.uy\/web\/wp-content\/uploads\/2019\/02\/02022019-_GB_9588-Grande-150x150.jpg\" class=\"attachment-thumbnail size-thumbnail\" alt=\"\" aria-describedby=\"gallery-1-31545\" \/><\/a>\n\t\t\t<\/div>\n\t\t\t\t<figcaption class='wp-caption-text gallery-caption' id='gallery-1-31545'>\n\t\t\t\tMontevideo, Uruguay. 2 Febrero de 2019.. \rJorge Larra\u00f1aga presento su agrupaci\u00f3n de gobierno y puso fecha para el lanzamiento de su precandidatura, el 23 de Marzo. \rSilvia Ferreria dirigi\u00e9ndose al publico junto a Larra\u00f1aga y Gandini\r Foto: Gast\u00f3n Britos \/ FocoUy\n\t\t\t\t<\/figcaption><\/figure><figure class='gallery-item'>\n\t\t\t<div class='gallery-icon landscape'>\n\t\t\t\t<a href='https:\/\/alianzanacional.com.uy\/web\/larranaga-nosotros-nos-queremos-hacer-cargo-del-timon-del-pais\/jorge-larranaga-presento-su-agrupacion-de-gobierno-14\/'><img loading=\"lazy\" decoding=\"async\" width=\"150\" height=\"150\" src=\"https:\/\/alianzanacional.com.uy\/web\/wp-content\/uploads\/2019\/02\/02022019-_GB_9791-Grande-150x150.jpg\" class=\"attachment-thumbnail size-thumbnail\" alt=\"\" aria-describedby=\"gallery-1-31549\" \/><\/a>\n\t\t\t<\/div>\n\t\t\t\t<figcaption class='wp-caption-text gallery-caption' id='gallery-1-31549'>\n\t\t\t\tMontevideo, Uruguay. 2 Febrero de 2019.. \rJorge Larra\u00f1aga presento su agrupaci\u00f3n de gobierno y puso fecha para el lanzamiento de su precandidatura, el 23 de Marzo. \r Foto: Gast\u00f3n Britos \/ FocoUy\n\t\t\t\t<\/figcaption><\/figure><figure class='gallery-item'>\n\t\t\t<div class='gallery-icon landscape'>\n\t\t\t\t<a href='https:\/\/alianzanacional.com.uy\/web\/larranaga-nosotros-nos-queremos-hacer-cargo-del-timon-del-pais\/jorge-larranaga-presento-su-agrupacion-de-gobierno-5\/'><img loading=\"lazy\" decoding=\"async\" width=\"150\" height=\"150\" src=\"https:\/\/alianzanacional.com.uy\/web\/wp-content\/uploads\/2019\/02\/02022019-_GB_0090-Grande-150x150.jpg\" class=\"attachment-thumbnail size-thumbnail\" alt=\"\" aria-describedby=\"gallery-1-31540\" \/><\/a>\n\t\t\t<\/div>\n\t\t\t\t<figcaption class='wp-caption-text gallery-caption' id='gallery-1-31540'>\n\t\t\t\tMontevideo, Uruguay. 2 Febrero de 2019.. \rJorge Larra\u00f1aga presento su agrupaci\u00f3n de gobierno y puso fecha para el lanzamiento de su precandidatura, el 23 de Marzo. \rLarra\u00f1aga da el discurso abrazado de su hijo\r Foto: Gast\u00f3n Britos \/ FocoUy\n\t\t\t\t<\/figcaption><\/figure><figure class='gallery-item'>\n\t\t\t<div class='gallery-icon landscape'>\n\t\t\t\t<a href='https:\/\/alianzanacional.com.uy\/web\/larranaga-nosotros-nos-queremos-hacer-cargo-del-timon-del-pais\/jorge-larranaga-presento-su-agrupacion-de-gobierno-6\/'><img loading=\"lazy\" decoding=\"async\" width=\"150\" height=\"150\" src=\"https:\/\/alianzanacional.com.uy\/web\/wp-content\/uploads\/2019\/02\/02022019-_GB_0125-Grande-150x150.jpg\" class=\"attachment-thumbnail size-thumbnail\" alt=\"\" aria-describedby=\"gallery-1-31541\" \/><\/a>\n\t\t\t<\/div>\n\t\t\t\t<figcaption class='wp-caption-text gallery-caption' id='gallery-1-31541'>\n\t\t\t\tMontevideo, Uruguay. 2 Febrero de 2019.. \rJorge Larra\u00f1aga presento su agrupaci\u00f3n de gobierno y puso fecha para el lanzamiento de su precandidatura, el 23 de Marzo. \r Foto: Gast\u00f3n Britos \/ FocoUy\n\t\t\t\t<\/figcaption><\/figure><figure class='gallery-item'>\n\t\t\t<div class='gallery-icon landscape'>\n\t\t\t\t<a href='https:\/\/alianzanacional.com.uy\/web\/larranaga-nosotros-nos-queremos-hacer-cargo-del-timon-del-pais\/unnamed-2-9\/'><img loading=\"lazy\" decoding=\"async\" width=\"150\" height=\"150\" src=\"https:\/\/alianzanacional.com.uy\/web\/wp-content\/uploads\/2019\/02\/unnamed-2-150x150.jpg\" class=\"attachment-thumbnail size-thumbnail\" alt=\"\" \/><\/a>\n\t\t\t<\/div><\/figure><figure class='gallery-item'>\n\t\t\t<div class='gallery-icon landscape'>\n\t\t\t\t<a href='https:\/\/alianzanacional.com.uy\/web\/larranaga-nosotros-nos-queremos-hacer-cargo-del-timon-del-pais\/unnamed-1-9\/'><img loading=\"lazy\" decoding=\"async\" width=\"150\" height=\"150\" src=\"https:\/\/alianzanacional.com.uy\/web\/wp-content\/uploads\/2019\/02\/unnamed-1-150x150.jpg\" class=\"attachment-thumbnail size-thumbnail\" alt=\"\" \/><\/a>\n\t\t\t<\/div><\/figure><figure class='gallery-item'>\n\t\t\t<div class='gallery-icon landscape'>\n\t\t\t\t<a href='https:\/\/alianzanacional.com.uy\/web\/larranaga-nosotros-nos-queremos-hacer-cargo-del-timon-del-pais\/unnamed-3-6\/'><img loading=\"lazy\" decoding=\"async\" width=\"150\" height=\"150\" src=\"https:\/\/alianzanacional.com.uy\/web\/wp-content\/uploads\/2019\/02\/unnamed-3-150x150.jpg\" class=\"attachment-thumbnail size-thumbnail\" alt=\"\" \/><\/a>\n\t\t\t<\/div><\/figure><figure class='gallery-item'>\n\t\t\t<div class='gallery-icon landscape'>\n\t\t\t\t<a href='https:\/\/alianzanacional.com.uy\/web\/larranaga-nosotros-nos-queremos-hacer-cargo-del-timon-del-pais\/jorge-larranaga-presento-su-agrupacion-de-gobierno-7\/'><img loading=\"lazy\" decoding=\"async\" width=\"150\" height=\"150\" src=\"https:\/\/alianzanacional.com.uy\/web\/wp-content\/uploads\/2019\/02\/02022019-_GB_9505-Grande-150x150.jpg\" class=\"attachment-thumbnail size-thumbnail\" alt=\"\" aria-describedby=\"gallery-1-31542\" \/><\/a>\n\t\t\t<\/div>\n\t\t\t\t<figcaption class='wp-caption-text gallery-caption' id='gallery-1-31542'>\n\t\t\t\tMontevideo, Uruguay. 2 Febrero de 2019.. \rJorge Larra\u00f1aga presento su agrupaci\u00f3n de gobierno y puso fecha para el lanzamiento de su precandidatura, el 23 de Marzo. \r Foto: Gast\u00f3n Britos \/ FocoUy\n\t\t\t\t<\/figcaption><\/figure><figure class='gallery-item'>\n\t\t\t<div class='gallery-icon landscape'>\n\t\t\t\t<a href='https:\/\/alianzanacional.com.uy\/web\/larranaga-nosotros-nos-queremos-hacer-cargo-del-timon-del-pais\/jorge-larranaga-presento-su-agrupacion-de-gobierno-2\/'><img loading=\"lazy\" decoding=\"async\" width=\"150\" height=\"150\" src=\"https:\/\/alianzanacional.com.uy\/web\/wp-content\/uploads\/2019\/02\/02022019-_GB_0010-Grande-150x150.jpg\" class=\"attachment-thumbnail size-thumbnail\" alt=\"\" aria-describedby=\"gallery-1-31537\" \/><\/a>\n\t\t\t<\/div>\n\t\t\t\t<figcaption class='wp-caption-text gallery-caption' id='gallery-1-31537'>\n\t\t\t\tMontevideo, Uruguay. 2 Febrero de 2019.. \nJorge Larra\u00f1aga presento su agrupaci\u00f3n de gobierno y puso fecha para el lanzamiento de su precandidatura, el 23 de Marzo. \n Foto: Gast\u00f3n Britos \/ FocoUy\n\t\t\t\t<\/figcaption><\/figure><figure class='gallery-item'>\n\t\t\t<div class='gallery-icon landscape'>\n\t\t\t\t<a href='https:\/\/alianzanacional.com.uy\/web\/larranaga-nosotros-nos-queremos-hacer-cargo-del-timon-del-pais\/jorge-larranaga-presento-su-agrupacion-de-gobierno-11\/'><img loading=\"lazy\" decoding=\"async\" width=\"150\" height=\"150\" src=\"https:\/\/alianzanacional.com.uy\/web\/wp-content\/uploads\/2019\/02\/02022019-_GB_9625-Grande-150x150.jpg\" class=\"attachment-thumbnail size-thumbnail\" alt=\"\" aria-describedby=\"gallery-1-31546\" \/><\/a>\n\t\t\t<\/div>\n\t\t\t\t<figcaption class='wp-caption-text gallery-caption' id='gallery-1-31546'>\n\t\t\t\tMontevideo, Uruguay. 2 Febrero de 2019.. \rJorge Larra\u00f1aga presento su agrupaci\u00f3n de gobierno y puso fecha para el lanzamiento de su precandidatura, el 23 de Marzo. \rSilvia Ferreria\r Foto: Gast\u00f3n Britos \/ FocoUy\n\t\t\t\t<\/figcaption><\/figure><figure class='gallery-item'>\n\t\t\t<div class='gallery-icon landscape'>\n\t\t\t\t<a href='https:\/\/alianzanacional.com.uy\/web\/larranaga-nosotros-nos-queremos-hacer-cargo-del-timon-del-pais\/jorge-larranaga-presento-su-agrupacion-de-gobierno-12\/'><img loading=\"lazy\" decoding=\"async\" width=\"150\" height=\"150\" src=\"https:\/\/alianzanacional.com.uy\/web\/wp-content\/uploads\/2019\/02\/02022019-_GB_9637-Grande-150x150.jpg\" class=\"attachment-thumbnail size-thumbnail\" alt=\"\" aria-describedby=\"gallery-1-31547\" \/><\/a>\n\t\t\t<\/div>\n\t\t\t\t<figcaption class='wp-caption-text gallery-caption' id='gallery-1-31547'>\n\t\t\t\tMontevideo, Uruguay. 2 Febrero de 2019.. \rJorge Larra\u00f1aga presento su agrupaci\u00f3n de gobierno y puso fecha para el lanzamiento de su precandidatura, el 23 de Marzo. \rJorge Gandini\r Foto: Gast\u00f3n Britos \/ FocoUy\n\t\t\t\t<\/figcaption><\/figure><figure class='gallery-item'>\n\t\t\t<div class='gallery-icon landscape'>\n\t\t\t\t<a href='https:\/\/alianzanacional.com.uy\/web\/larranaga-nosotros-nos-queremos-hacer-cargo-del-timon-del-pais\/jorge-larranaga-presento-su-agrupacion-de-gobierno-13\/'><img loading=\"lazy\" decoding=\"async\" width=\"150\" height=\"150\" src=\"https:\/\/alianzanacional.com.uy\/web\/wp-content\/uploads\/2019\/02\/02022019-_GB_9653-Grande-150x150.jpg\" class=\"attachment-thumbnail size-thumbnail\" alt=\"\" aria-describedby=\"gallery-1-31548\" \/><\/a>\n\t\t\t<\/div>\n\t\t\t\t<figcaption class='wp-caption-text gallery-caption' id='gallery-1-31548'>\n\t\t\t\tMontevideo, Uruguay. 2 Febrero de 2019.. \rJorge Larra\u00f1aga presento su agrupaci\u00f3n de gobierno y puso fecha para el lanzamiento de su precandidatura, el 23 de Marzo. \rPablo Abdala\r Foto: Gast\u00f3n Britos \/ FocoUy\n\t\t\t\t<\/figcaption><\/figure><figure class='gallery-item'>\n\t\t\t<div class='gallery-icon landscape'>\n\t\t\t\t<a href='https:\/\/alianzanacional.com.uy\/web\/larranaga-nosotros-nos-queremos-hacer-cargo-del-timon-del-pais\/jorge-larranaga-presento-su-agrupacion-de-gobierno-15\/'><img loading=\"lazy\" decoding=\"async\" width=\"150\" height=\"150\" src=\"https:\/\/alianzanacional.com.uy\/web\/wp-content\/uploads\/2019\/02\/02022019-_GB_9805-Grande-150x150.jpg\" class=\"attachment-thumbnail size-thumbnail\" alt=\"\" aria-describedby=\"gallery-1-31550\" \/><\/a>\n\t\t\t<\/div>\n\t\t\t\t<figcaption class='wp-caption-text gallery-caption' id='gallery-1-31550'>\n\t\t\t\tMontevideo, Uruguay. 2 Febrero de 2019.. \rJorge Larra\u00f1aga presento su agrupaci\u00f3n de gobierno y puso fecha para el lanzamiento de su precandidatura, el 23 de Marzo. \rOmar Lafluf\r Foto: Gast\u00f3n Britos \/ FocoUy\n\t\t\t\t<\/figcaption><\/figure><figure class='gallery-item'>\n\t\t\t<div class='gallery-icon landscape'>\n\t\t\t\t<a href='https:\/\/alianzanacional.com.uy\/web\/larranaga-nosotros-nos-queremos-hacer-cargo-del-timon-del-pais\/jorge-larranaga-presento-su-agrupacion-de-gobierno-16\/'><img loading=\"lazy\" decoding=\"async\" width=\"150\" height=\"150\" src=\"https:\/\/alianzanacional.com.uy\/web\/wp-content\/uploads\/2019\/02\/02022019-_GB_9811-Grande-150x150.jpg\" class=\"attachment-thumbnail size-thumbnail\" alt=\"\" aria-describedby=\"gallery-1-31551\" \/><\/a>\n\t\t\t<\/div>\n\t\t\t\t<figcaption class='wp-caption-text gallery-caption' id='gallery-1-31551'>\n\t\t\t\tMontevideo, Uruguay. 2 Febrero de 2019.. \rJorge Larra\u00f1aga presento su agrupaci\u00f3n de gobierno y puso fecha para el lanzamiento de su precandidatura, el 23 de Marzo. \rCaramelo\r Foto: Gast\u00f3n Britos \/ FocoUy\n\t\t\t\t<\/figcaption><\/figure><figure class='gallery-item'>\n\t\t\t<div class='gallery-icon landscape'>\n\t\t\t\t<a href='https:\/\/alianzanacional.com.uy\/web\/larranaga-nosotros-nos-queremos-hacer-cargo-del-timon-del-pais\/jorge-larranaga-presento-su-agrupacion-de-gobierno-18\/'><img loading=\"lazy\" decoding=\"async\" width=\"150\" height=\"150\" src=\"https:\/\/alianzanacional.com.uy\/web\/wp-content\/uploads\/2019\/02\/02022019-_GB_9860-Grande-150x150.jpg\" class=\"attachment-thumbnail size-thumbnail\" alt=\"\" aria-describedby=\"gallery-1-31553\" \/><\/a>\n\t\t\t<\/div>\n\t\t\t\t<figcaption class='wp-caption-text gallery-caption' id='gallery-1-31553'>\n\t\t\t\tMontevideo, Uruguay. 2 Febrero de 2019.. \nJorge Larra\u00f1aga presento su agrupaci\u00f3n de gobierno y puso fecha para el lanzamiento de su precandidatura, el 23 de Marzo. \nCarlos Camy\n Foto: Gast\u00f3n Britos \/ FocoUy\n\t\t\t\t<\/figcaption><\/figure>\n\t\t<\/div>\n\n","protected":false},"excerpt":{"rendered":"<p>\u201cSiento que tengo que darle a mi pa\u00eds el mayor de los esfuerzos y la mayor de las luchas\u201d. En la reuni\u00f3n de la Agrupaci\u00f3n de Gobierno de los sectores que lo apoyan, Larra\u00f1aga anunci\u00f3 que el 23 de marzo lanzar\u00e1 su campa\u00f1a presidencial, cuando falten 100 d\u00edas para la elecci\u00f3n interna. RIESGOS \u201cHay dos [&hellip;]<\/p>\n","protected":false},"author":1,"featured_media":31554,"comment_status":"open","ping_status":"open","sticky":false,"template":"","format":"standard","meta":{"footnotes":""},"categories":[16],"tags":[],"class_list":["post-31529","post","type-post","status-publish","format-standard","has-post-thumbnail","hentry","category-noticias"],"_links":{"self":[{"href":"https:\/\/alianzanacional.com.uy\/web\/wp-json\/wp\/v2\/posts\/31529","targetHints":{"allow":["GET"]}}],"collection":[{"href":"https:\/\/alianzanacional.com.uy\/web\/wp-json\/wp\/v2\/posts"}],"about":[{"href":"https:\/\/alianzanacional.com.uy\/web\/wp-json\/wp\/v2\/types\/post"}],"author":[{"embeddable":true,"href":"https:\/\/alianzanacional.com.uy\/web\/wp-json\/wp\/v2\/users\/1"}],"replies":[{"embeddable":true,"href":"https:\/\/alianzanacional.com.uy\/web\/wp-json\/wp\/v2\/comments?post=31529"}],"version-history":[{"count":1,"href":"https:\/\/alianzanacional.com.uy\/web\/wp-json\/wp\/v2\/posts\/31529\/revisions"}],"predecessor-version":[{"id":31555,"href":"https:\/\/alianzanacional.com.uy\/web\/wp-json\/wp\/v2\/posts\/31529\/revisions\/31555"}],"wp:featuredmedia":[{"embeddable":true,"href":"https:\/\/alianzanacional.com.uy\/web\/wp-json\/wp\/v2\/media\/31554"}],"wp:attachment":[{"href":"https:\/\/alianzanacional.com.uy\/web\/wp-json\/wp\/v2\/media?parent=31529"}],"wp:term":[{"taxonomy":"category","embeddable":true,"href":"https:\/\/alianzanacional.com.uy\/web\/wp-json\/wp\/v2\/categories?post=31529"},{"taxonomy":"post_tag","embeddable":true,"href":"https:\/\/alianzanacional.com.uy\/web\/wp-json\/wp\/v2\/tags?post=31529"}],"curies":[{"name":"wp","href":"https:\/\/api.w.org\/{rel}","templated":true}]}}