{"id":31558,"date":"2019-02-14T12:13:44","date_gmt":"2019-02-14T15:13:44","guid":{"rendered":"http:\/\/alianzanacional.com.uy\/web\/?p=31558"},"modified":"2019-02-14T12:32:01","modified_gmt":"2019-02-14T15:32:01","slug":"larranaga-el-fa-tiene-mas-miedo-a-los-militares-que-a-los-delincuentes","status":"publish","type":"post","link":"https:\/\/alianzanacional.com.uy\/web\/larranaga-el-fa-tiene-mas-miedo-a-los-militares-que-a-los-delincuentes\/","title":{"rendered":"Larra\u00f1aga: el FA \u00abtiene m\u00e1s miedo a los militares que a los delincuentes\u00bb"},"content":{"rendered":"<p><a href=\"https:\/\/alianzanacional.com.uy\/web\/wp-content\/uploads\/2019\/02\/CHI3906.jpg\"><img fetchpriority=\"high\" decoding=\"async\" src=\"https:\/\/alianzanacional.com.uy\/web\/wp-content\/uploads\/2019\/02\/CHI3906-700x467.jpg\" alt=\"\" width=\"620\" height=\"414\" class=\"alignnone size-large wp-image-31559\" srcset=\"https:\/\/alianzanacional.com.uy\/web\/wp-content\/uploads\/2019\/02\/CHI3906-700x467.jpg 700w, https:\/\/alianzanacional.com.uy\/web\/wp-content\/uploads\/2019\/02\/CHI3906-400x267.jpg 400w, https:\/\/alianzanacional.com.uy\/web\/wp-content\/uploads\/2019\/02\/CHI3906-768x512.jpg 768w, https:\/\/alianzanacional.com.uy\/web\/wp-content\/uploads\/2019\/02\/CHI3906.jpg 1500w\" sizes=\"(max-width: 620px) 100vw, 620px\" \/><\/a><\/p>\n<p><em>Jorge Larra\u00f1aga se pone los guantes blancos para hablar de sus correligionarios, con los que competir\u00e1 en la interna nacionalista. Aunque defiende sus ideas con el mismo \u00e9nfasis de siempre, prefiere evitar el choque con los intendentes y Ver\u00f3nica Alonso que lo abandonaron y apenas lanza su discrepancia con la idea de la \u201cevoluci\u00f3n\u201d que anima la campa\u00f1a de Luis Lacalle Pou. En cambio, Larra\u00f1aga fija sus cr\u00edticas en el FA para hablar de cambio radical en seguridad, educaci\u00f3n y descentralizaci\u00f3n. Cree que es inevitable aplicar una regla fiscal para el pr\u00f3ximo per\u00edodo y defiende con pasi\u00f3n su caballo de batalla para esta elecci\u00f3n: un cambio constitucional que, entre otras cosas, permita que los militares tengan funciones policiales.  <\/em><\/p>\n<p><iframe width=\"876\" height=\"523\" src=\"https:\/\/www.youtube.com\/embed\/8nhQM_U3ttE\" frameborder=\"0\" allow=\"accelerometer; autoplay; encrypted-media; gyroscope; picture-in-picture\" allowfullscreen><\/iframe><\/p>\n<p><strong>Hace m\u00e1s de un a\u00f1o parec\u00edas liquidado con la p\u00e9rdida de algunos dirigentes importantes. Sin embargo, la gente que te conoce te define como una persona resiliente. \u00bfTe sent\u00eds c\u00f3modo con esa caracterizaci\u00f3n?<\/strong><\/p>\n<p>Es lo que hered\u00e9 de mis padres. La enorme voluntad para sobreponerme a las dificultades. La voluntad es lo que hace al ser humano. Eso me parece central y es una caracter\u00edstica que siempre me ha adornado. Yo ten\u00eda una situaci\u00f3n especial cuando perdimos en la \u00faltima instancia electoral y a los diez d\u00edas me saqu\u00e9 el polvo del porrazo, me ech\u00e9 un poco de agua en la lastimadura, y me puse en el frente de la lucha y de la batalla para defender a mi partido y a los principios por los que lucho.<\/p>\n<p><strong>Despu\u00e9s de perder la interna en 2014  dijiste que nunca m\u00e1s ibas a volver a subir las escaleras del directorio del Partido Nacional. \u00bfQu\u00e9 sent\u00edas en ese momento?<\/strong><\/p>\n<p>Sent\u00eda decepci\u00f3n porque recib\u00ed un resultado que no esperaba. Y dije lo que sent\u00ed en ese momento, humanamente. Despu\u00e9s, con el transcurrir de los d\u00edas, fui recibiendo la comunicaci\u00f3n de mucha gente de todos los partidos y recib\u00ed el pedido de los compa\u00f1eros intendentes del Partido Nacional. Comprend\u00ed que ten\u00eda que seguir luchando y as\u00ed fue que termin\u00e9 en la primera l\u00ednea. Porque el deber para m\u00ed es muy fuerte.<\/p>\n<p><strong>Pero cuando lo dijiste, \u00bfsent\u00edas que no ibas a volver a ser candidato?<\/strong><\/p>\n<p>S\u00ed, sent\u00ed que quiz\u00e1s me pod\u00eda estar alejando de la actividad pol\u00edtica. Me fui para la campa\u00f1a, para mi chacra all\u00e1 en R\u00edo Negro, y conversando con el silencio, recibiendo mensajes, decid\u00ed que deb\u00eda dar un esfuerzo m\u00e1s.<\/p>\n<p><strong>Lacalle Pou dijo la semana pasada en entrevista con El Observador, que en alg\u00fan momento de la campa\u00f1a 2014 se sinti\u00f3 muy optimista respecto a la posibilidad de ganar y que despu\u00e9s lo shocke\u00f3 bastante el hecho de no poder hacerlo. \u00bfT\u00fa tambi\u00e9n ve\u00edas con tanto optimismo la posibilidad de ganar o sent\u00edas que esa posibilidad no era tan real?<\/strong><\/p>\n<p>No puedo comunicar lo que sent\u00eda en ese momento. Quiz\u00e1s, ahora en perspectiva, no ten\u00eda tal certeza. Obviamente hay cosas que uno tiene que reservarlas para s\u00ed. Y mucho m\u00e1s cuando uno est\u00e1 en la intensidad de la brega. Quiz\u00e1s ten\u00edamos la expectativa de pasar a la segunda vuelta sin que el Frente Amplio tuviera mayor\u00eda parlamentarias. Cuando llegamos al Hotel Columbia las encuestas m\u00e1s o menos lo establec\u00edan, pero despu\u00e9s no fue as\u00ed.<\/p>\n<p><iframe width=\"876\" height=\"523\" src=\"https:\/\/www.youtube.com\/embed\/kH7WbMVAsX4\" frameborder=\"0\" allow=\"accelerometer; autoplay; encrypted-media; gyroscope; picture-in-picture\" allowfullscreen><\/iframe><\/p>\n<p><strong>Tuviste la particularidad de integrar f\u00f3rmula con Lacalle Herrera, con el padre, y con Lacalle Pou, el hijo. \u00bfCon qui\u00e9n te has sentido m\u00e1s c\u00f3modo de los dos?<\/strong><\/p>\n<p>No, no lo voy a decir. No voy a dar una opini\u00f3n de esta caracter\u00edstica.<\/p>\n<p><strong>En abril de 2018 un grupo de intendentes integrado por Sergio Botana, Eber da Rosa, Dardo S\u00e1nchez, Enrique Ant\u00eda, anunci\u00f3 que sal\u00edan de Alianza Nacional. \u00bfQu\u00e9 sentiste en ese momento?<\/strong><\/p>\n<p>Fue la decisi\u00f3n de un grupo de compa\u00f1eros, b\u00e1sicamente tres: Botana, da Rosa y S\u00e1nchez, porque Ant\u00eda era de un sector coligado que no integraba Alianza Nacional. Pero fue su camino y yo respeto las decisiones de  los compa\u00f1eros m\u00e1s all\u00e1 de compartir muchos a\u00f1os. Uno tiene la obligaci\u00f3n de mirar hacia adelante, examinar que hizo mal, que hizo bien.<\/p>\n<p><strong>\u00bfHiciste algo mal ah\u00ed?<\/strong><\/p>\n<p>Creo haber sido un compa\u00f1ero de los compa\u00f1eros. Entiendo que en definitiva alguien de nuestro sector pueda pretender llevar adelante un proceso pol\u00edtico distinto. Lo entiendo y punto. Qu\u00e9 pasa, se han ido como tantas veces se ha publicado la noticia, entonces es una suerte de cantidad de veces repetidas.<\/p>\n<p><strong>Pero llama la atenci\u00f3n que se haya ido un grupo coordinado y con dirigentes que eran importantes. Eber da Rosa en alg\u00fan momento era un dirigente muy cercano a ti, no s\u00e9 si llamarlo tu mano derecha pero\u2026<\/strong><\/p>\n<p>(Interrumpe) Bueno, preg\u00fantele a ellos.<\/p>\n<p><strong>No, lo que te pregunto a ti\u2026<\/strong><\/p>\n<p>(Interrumpe) Con nosotros compartieron un proyecto, estuvieron en el parlamento, estuvieron en el directorio en representaci\u00f3n de nuestro sector, y esa es la realidad de lo que pasa. Despu\u00e9s son avatares de la vida pol\u00edtica que se dan y bueno, yo no tengo que explicar ni tengo que justificar ni tengo que arrepentirme de cosas que hice o no hice. Y no formulo comentarios en contra de nadie, esa ha sido mi conducta y mi forma de definirme. <\/p>\n<p><strong>En esta elecci\u00f3n se habla mucho de gobierno de coalici\u00f3n y es algo de lo que hablaste. \u00bfCre\u00e9s que es algo que se tiene que armar desde ahora? \u00bfC\u00f3mo est\u00e1s trabajando para ese gobierno de coalici\u00f3n?<\/strong><\/p>\n<p>Desde el a\u00f1o 2015, 2016, lo expres\u00e9 en una charla de ADM en el Radisson, esto que tambi\u00e9n hab\u00eda dicho antes de la otra elecci\u00f3n. Creo que tenemos que ponernos de acuerdos sobre puntos lo antes posible, si es entre la interna y la primera vuelta, bueno ser\u00e1 as\u00ed. Pero es necesario concebir que el primero de marzo ser\u00e1 un d\u00eda brutal, porque ah\u00ed el gobierno que se instale ya tendr\u00e1 que haber tenido definiciones sobre c\u00f3mo construir mayor\u00edas parlamentarias que sustenten ese gobierno.<\/p>\n<p><iframe width=\"876\" height=\"523\" src=\"https:\/\/www.youtube.com\/embed\/qjjlhLwNHJY\" frameborder=\"0\" allow=\"accelerometer; autoplay; encrypted-media; gyroscope; picture-in-picture\" allowfullscreen><\/iframe><\/p>\n<p><strong>\u00bfSobre qu\u00e9 puntos cre\u00e9s que es necesario acordar desde ahora?<\/strong><\/p>\n<p>El tema del empleo, la educaci\u00f3n, la pol\u00edtica internacional, el gasto p\u00fablico, el tema del d\u00e9ficit fiscal. Tenemos que actuar sobre el gasto. Y en ese sentido nosotros creemos que debemos aprobar una regla fiscal. No basta con intenciones, tenemos que aprobar una regla fiscal que, por ejemplo, topee el gasto en un 2% anual real, en cuanto a que no pueda crecer por encima de ese par\u00e1metro. Si se hubiera cumplido la regla fiscal del primer gobierno del FA, en 2016 el pa\u00eds hubiera tenido un bols\u00f3n de 5 mil millones de d\u00f3lares. Ahora, \u00bfqu\u00e9 pasa? Hicieron de la regla fiscal un chicle, la fueron estirando en funci\u00f3n de las necesidades y de los espacios presupuestales que andaban buscando. Digo regla fiscal y, si quieren como compromiso para combatir el gasto, la firmamos antes de la elecci\u00f3n o cuando quieran. Una regla fiscal supone el mecanismo, el instrumento para buscar abatir el d\u00e9ficit fiscal. Eso me parece absolutamente prioritario. Quien no est\u00e9 dispuesto a firmar una regla fiscal y que su modificaci\u00f3n est\u00e9 sujeta a mayor\u00edas parlamentarias especiales para que sea un compromiso fuerte, me parece que le va a estar mintiendo a la gente con respecto a su intenci\u00f3n de bajar el gasto.<\/p>\n<p><strong>\u00bfD\u00f3nde ser\u00edan los recortes puntualmente?<\/strong><\/p>\n<p>No les voy a dar todos los contenidos de los recortes. Le quiero decir que nosotros no vamos a estar bajando las pol\u00edticas sociales.<\/p>\n<p><strong>Yo le pregunto c\u00f3mo lo piensa hacer<\/strong><\/p>\n<p>En los gastos de funcionamiento, tope\u00e1ndolos. Que no crezcan m\u00e1s de un 2% real anual los gastos discrecionales. Ah\u00ed le estoy dando un marco: sueldos, inversiones y gasto en funcionamiento. Esto no supone recortar pol\u00edticas sociales.<\/p>\n<p><strong>No, est\u00e1 bien, eso queda claro, pero yo le preguntaba dentro de esos gastos discrecionales de los que usted hablaba, si ya tiene un estudio pormenorizado que muestre de qu\u00e9 manera ser\u00eda posible&#8230;<\/strong><\/p>\n<p>(Interrumpe) Tenemos todos los an\u00e1lisis y por supuesto. Yo administr\u00e9 10 a\u00f1os un gobierno departamental, y le puedo asegurar que siempre hay lugares en donde poder abatir el gasto, estoy absolutamente convencido.<\/p>\n<p><iframe width=\"876\" height=\"523\" src=\"https:\/\/www.youtube.com\/embed\/R12c0b21DIo\" frameborder=\"0\" allow=\"accelerometer; autoplay; encrypted-media; gyroscope; picture-in-picture\" allowfullscreen><\/iframe><\/p>\n<p><strong>\u00bfDentro de ese plan de reducci\u00f3n fiscal hay lugar para modificar la estructura impositiva?<\/strong><\/p>\n<p>Creo que no es sencillo. En lo que refiere al empleo, ya estamos en contacto para lograr impacto social con el empleo y el salario m\u00ednimo. Hemos hecho alg\u00fan contacto con el Pit-Cnt y nos vamos a reunir el mi\u00e9rcoles con las c\u00e1maras empresariales, con Cambadu, con la c\u00e1mara de comercio, porque tenemos que discutir las amenazas que hoy tiene el trabajo: la inteligencia artificial, la rob\u00f3tica, la tecnolog\u00eda, va a suponer enormes desaf\u00edos y p\u00e9rdidas de puestos de trabajo. En Uruguay venimos perdiendo 40 mil puestos de trabajo en los \u00faltimos a\u00f1os. La lucha va a ser por el empleo. En los consejos de salario tenemos que discutir la productividad, tenemos que discutirlo. Y que esa productividad en el marco de la tributaci\u00f3n del IRPF no est\u00e9 gravada. O que por ejemplo, que la hora extra tribute por el 50% de lo que deber\u00eda tributar para que no sea un desaliento para el trabajador y que le pueda servir al empleador, para generar trabajo e inversi\u00f3n. Pol\u00edticas activas para las pymes, peque\u00f1as y medianas empresas, hoy el estado es un peso insoportable.<\/p>\n<p><iframe width=\"876\" height=\"523\" src=\"https:\/\/www.youtube.com\/embed\/VotnChUQzHk\" frameborder=\"0\" allow=\"accelerometer; autoplay; encrypted-media; gyroscope; picture-in-picture\" allowfullscreen><\/iframe><\/p>\n<p><strong>Para esta campa\u00f1a plante\u00e1s un cambio radical sin maquillaje \u00bfA qu\u00e9 te refer\u00eds?<\/strong><\/p>\n<p>No es solo desde ahora, ya lo hab\u00eda propuesto en el 2014 cuando fui precandidato en aquella instancia preelectoral. No le mientan a la gente, en algunos casos por parte del Frente Amplio, cuando est\u00e1n dici\u00e9ndole que vamos a militarizar las calles. S\u00e9 de algunas comisiones que se est\u00e1n formando y diciendo que vamos a militalizar las calles como si los tanques van a desembarcar frente al diario El Observador. Siempre con los prejuicios. Tenemos un gobierno que aparentemente le tiene m\u00e1s miedo a los militares que a los delincuentes. Es una cosa incre\u00edble, porque penalizan y censuran nuestra iniciativa que tiene un respaldo de 400 mil ciudadanos.<\/p>\n<p><strong>\u00bfNo est\u00e1s usando el miedo como una forma de hacer pol\u00edtica?<\/strong><\/p>\n<p>No se\u00f1or. Nosotros hicimos esa campa\u00f1a para describir el objetivo que tenemos como sociedad: vivir sin miedo. Y ahora nosotros hablamos \u201cSin miedo Larra\u00f1aga va\u201d porque es un compromiso de la persona, del precandidato para con el pa\u00eds. Es un compromiso de Larra\u00f1aga para luchar sin miedo contra la inseguridad. <\/p>\n<p><strong>Qu\u00e9 pens\u00e1s de esta frase: \u201cManejar el miedo y el hartazgo de la gente para una reforma constitucional no es ni jur\u00eddica, ni pol\u00edtica, ni c\u00edvicamente aceptable\u201d.<\/strong><\/p>\n<p>S\u00ed la dije yo y quiz\u00e1s fui extremadamente duro. Y si vamos al caso siento haberlo expresado en esos t\u00e9rminos tan duros.<\/p>\n<p><strong>\u00bfSab\u00e9s cuando lo dijiste? \u00bfLo ten\u00e9s claro?  <\/strong><\/p>\n<p>S\u00ed, con respecto a la baja de la edad de imputabilidad.<\/p>\n<p><strong>\u00bfNo cre\u00e9s que esta frase, tan contundente en lo conceptual, se choca de alguna forma con tu campa\u00f1a \u201cVivir sin miedo\u201d?<\/strong><\/p>\n<p>No. Aquella era una medida puntual y esto es un conjunto de medidas. Vamos a entendernos: La situaci\u00f3n que hoy vivimos no tiene nada que ver con la situaci\u00f3n que viv\u00edamos en aquel momento. Tenemos 382 homicidios en el a\u00f1o que pas\u00f3, tenemos el desastre de las rapi\u00f1as. En las calles mandan las rapi\u00f1as, de la misma forma que en las c\u00e1rceles mandan los delincuentes.<\/p>\n<p><iframe width=\"892\" height=\"532\" src=\"https:\/\/www.youtube.com\/embed\/b_4_IV52wg8\" frameborder=\"0\" allow=\"accelerometer; autoplay; encrypted-media; gyroscope; picture-in-picture\" allowfullscreen><\/iframe><\/p>\n<p><strong>Tu propuesta de cambio radical, en la que diste al menos dos temas que es necesario aplicar: la seguridad y la educaci\u00f3n&#8230;<\/strong><\/p>\n<p>(Interrumpe) Y le puedo agregar descentralizaci\u00f3n y desarrollo local. Creo que el pa\u00eds hay que removerlo con un gobierno nacional fuertemente descentralizado.<\/p>\n<p><strong>Pero el FA cre\u00f3 las alcald\u00edas, gener\u00f3 m\u00e1s descentralizaci\u00f3n.<\/strong><\/p>\n<p>S\u00ed, perfecto. Cre\u00f3 un tinglado. Lo que hicieron son carpas, donde iba el presidente y los ministros y despu\u00e9s que se levantaba la carpa.<\/p>\n<p><strong>Ah\u00ed te refer\u00eds al consejo de ministros abierto, son cosas diferentes.<\/strong><\/p>\n<p>Eso que llaman el gobierno de cercan\u00eda. Estoy hablando de c\u00f3mo ejercer el gobierno nacional. Las agencias de desarrollo regional,combinando lo p\u00fablico y lo privado. Lo nacional y lo departamental. Siendo un fuerte respaldo al desarrollo local. <\/p>\n<p><strong>\u00bfEso no es crear m\u00e1s burocracia?<\/strong><\/p>\n<p>No, no es m\u00e1s burocracia.<\/p>\n<p><iframe width=\"892\" height=\"532\" src=\"https:\/\/www.youtube.com\/embed\/s0Jr4uPoOOs\" frameborder=\"0\" allow=\"accelerometer; autoplay; encrypted-media; gyroscope; picture-in-picture\" allowfullscreen><\/iframe><\/p>\n<p><strong>Propon\u00e9s cambio radical en descentralizaci\u00f3n, seguridad y educaci\u00f3n. \u00bfEso no es una respuesta a la propuesta de Lacalle Pou de evolucionar?<\/strong><\/p>\n<p>Con toda franqueza. Soy una persona que nunca me he definido en funci\u00f3n de los dem\u00e1s. De cambios vengo hablando desde la elecci\u00f3n anterior.<\/p>\n<p><strong>\u00bfCon este concepto de cambio radical?<\/strong><\/p>\n<p>S\u00ed, porque el cambio es cambio.  <\/p>\n<p><strong>Cambio radical es un cambio total del status quo. <\/strong><\/p>\n<p>Bueno s\u00ed, no es gradualismo. Porque yo creo que en la educaci\u00f3n y seguridad no caben los gradualismos.<\/p>\n<p><strong>\u00bfY evolucionar es un gradualismo?<\/strong><\/p>\n<p>\u00bfY qu\u00e9 significa etimol\u00f3gicamente evolucionar? Un cambio gradual. Yo no estoy de acuerdo con eso. No me haga entrar, no sea p\u00edcaro. No me haga aparecer pronunci\u00e1ndome sobre una palabra que tiene todo el derecho a aparecer como proyecto y propuesta. <\/p>\n<p><strong>\u00bfC\u00f3mo tom\u00e1s los dichos de Ver\u00f3nica Alonso que dijo que ser\u00edas un buen ministro del Interior? <\/strong><\/p>\n<p>Yo voy a ser un buen presidente de la Rep\u00fablica. <\/p>\n<p><iframe width=\"892\" height=\"532\" src=\"https:\/\/www.youtube.com\/embed\/-Ks3rrfkMWI\" frameborder=\"0\" allow=\"accelerometer; autoplay; encrypted-media; gyroscope; picture-in-picture\" allowfullscreen><\/iframe><\/p>\n<p><em>Esta nota forma parte de un ciclo de entrevistas de El Observador a los precandidatos a la Presidencia<br \/>\nPor Mar\u00eda Eugenia Fern\u00e1ndez y Mart\u00edn Natalevich<br \/>\nEl Observador<\/em><\/p>\n","protected":false},"excerpt":{"rendered":"<p>Jorge Larra\u00f1aga se pone los guantes blancos para hablar de sus correligionarios, con los que competir\u00e1 en la interna nacionalista. Aunque defiende sus ideas con el mismo \u00e9nfasis de siempre, prefiere evitar el choque con los intendentes y Ver\u00f3nica Alonso que lo abandonaron y apenas lanza su discrepancia con la idea de la \u201cevoluci\u00f3n\u201d que [&hellip;]<\/p>\n","protected":false},"author":1,"featured_media":31559,"comment_status":"open","ping_status":"open","sticky":false,"template":"","format":"standard","meta":{"footnotes":""},"categories":[163],"tags":[],"class_list":["post-31558","post","type-post","status-publish","format-standard","has-post-thumbnail","hentry","category-entrevistas"],"_links":{"self":[{"href":"https:\/\/alianzanacional.com.uy\/web\/wp-json\/wp\/v2\/posts\/31558","targetHints":{"allow":["GET"]}}],"collection":[{"href":"https:\/\/alianzanacional.com.uy\/web\/wp-json\/wp\/v2\/posts"}],"about":[{"href":"https:\/\/alianzanacional.com.uy\/web\/wp-json\/wp\/v2\/types\/post"}],"author":[{"embeddable":true,"href":"https:\/\/alianzanacional.com.uy\/web\/wp-json\/wp\/v2\/users\/1"}],"replies":[{"embeddable":true,"href":"https:\/\/alianzanacional.com.uy\/web\/wp-json\/wp\/v2\/comments?post=31558"}],"version-history":[{"count":3,"href":"https:\/\/alianzanacional.com.uy\/web\/wp-json\/wp\/v2\/posts\/31558\/revisions"}],"predecessor-version":[{"id":31567,"href":"https:\/\/alianzanacional.com.uy\/web\/wp-json\/wp\/v2\/posts\/31558\/revisions\/31567"}],"wp:featuredmedia":[{"embeddable":true,"href":"https:\/\/alianzanacional.com.uy\/web\/wp-json\/wp\/v2\/media\/31559"}],"wp:attachment":[{"href":"https:\/\/alianzanacional.com.uy\/web\/wp-json\/wp\/v2\/media?parent=31558"}],"wp:term":[{"taxonomy":"category","embeddable":true,"href":"https:\/\/alianzanacional.com.uy\/web\/wp-json\/wp\/v2\/categories?post=31558"},{"taxonomy":"post_tag","embeddable":true,"href":"https:\/\/alianzanacional.com.uy\/web\/wp-json\/wp\/v2\/tags?post=31558"}],"curies":[{"name":"wp","href":"https:\/\/api.w.org\/{rel}","templated":true}]}}