{"id":31561,"date":"2019-02-14T11:15:41","date_gmt":"2019-02-14T14:15:41","guid":{"rendered":"http:\/\/alianzanacional.com.uy\/web\/?p=31561"},"modified":"2019-02-14T12:30:38","modified_gmt":"2019-02-14T15:30:38","slug":"larranaga-se-reunio-con-el-pit-cnt-por-acuerdo-por-empleo","status":"publish","type":"post","link":"https:\/\/alianzanacional.com.uy\/web\/larranaga-se-reunio-con-el-pit-cnt-por-acuerdo-por-empleo\/","title":{"rendered":"LARRA\u00d1AGA SE REUNI\u00d3 CON EL PIT CNT POR ACUERDO POR EMPLEO"},"content":{"rendered":"<p><a href=\"https:\/\/alianzanacional.com.uy\/web\/wp-content\/uploads\/2019\/02\/WhatsApp-Image-2019-02-13-at-2.40.18-PM-1.jpeg\"><img fetchpriority=\"high\" decoding=\"async\" src=\"https:\/\/alianzanacional.com.uy\/web\/wp-content\/uploads\/2019\/02\/WhatsApp-Image-2019-02-13-at-2.40.18-PM-1-700x497.jpeg\" alt=\"\" width=\"620\" height=\"440\" class=\"alignnone size-large wp-image-31562\" srcset=\"https:\/\/alianzanacional.com.uy\/web\/wp-content\/uploads\/2019\/02\/WhatsApp-Image-2019-02-13-at-2.40.18-PM-1-700x497.jpeg 700w, https:\/\/alianzanacional.com.uy\/web\/wp-content\/uploads\/2019\/02\/WhatsApp-Image-2019-02-13-at-2.40.18-PM-1-400x284.jpeg 400w, https:\/\/alianzanacional.com.uy\/web\/wp-content\/uploads\/2019\/02\/WhatsApp-Image-2019-02-13-at-2.40.18-PM-1-768x545.jpeg 768w, https:\/\/alianzanacional.com.uy\/web\/wp-content\/uploads\/2019\/02\/WhatsApp-Image-2019-02-13-at-2.40.18-PM-1.jpeg 1024w\" sizes=\"(max-width: 620px) 100vw, 620px\" \/><\/a><\/p>\n<p><a href=\"https:\/\/alianzanacional.com.uy\/web\/wp-content\/uploads\/2019\/02\/WhatsApp-Image-2019-02-13-at-2.40.18-PM.jpeg\"><img decoding=\"async\" src=\"https:\/\/alianzanacional.com.uy\/web\/wp-content\/uploads\/2019\/02\/WhatsApp-Image-2019-02-13-at-2.40.18-PM-700x525.jpeg\" alt=\"\" width=\"620\" height=\"465\" class=\"alignnone size-large wp-image-31563\" srcset=\"https:\/\/alianzanacional.com.uy\/web\/wp-content\/uploads\/2019\/02\/WhatsApp-Image-2019-02-13-at-2.40.18-PM-700x525.jpeg 700w, https:\/\/alianzanacional.com.uy\/web\/wp-content\/uploads\/2019\/02\/WhatsApp-Image-2019-02-13-at-2.40.18-PM-400x300.jpeg 400w, https:\/\/alianzanacional.com.uy\/web\/wp-content\/uploads\/2019\/02\/WhatsApp-Image-2019-02-13-at-2.40.18-PM-768x576.jpeg 768w, https:\/\/alianzanacional.com.uy\/web\/wp-content\/uploads\/2019\/02\/WhatsApp-Image-2019-02-13-at-2.40.18-PM.jpeg 1024w\" sizes=\"(max-width: 620px) 100vw, 620px\" \/><\/a><\/p>\n<p>En la jornada del mi\u00e9rcoles 13 de febrero el Senador y l\u00edder de Alianza Nacional y el Movimiento Juntos, concurri\u00f3 a la Sede del PIT CNT para hablar con sus principales autoridades sobre la generaci\u00f3n de un acuerdo por el empleo.<\/p>\n<p>El l\u00edder nacionalista estuvo acompa\u00f1ado por los legisladores, Jorge Gandini, Mario Ayala y Richard Charamelo, el presidente de la Fundaci\u00f3n Wilson Ferreira Aldunate, Jorge Bartesaghi y la vicepresidente de dicha fundaci\u00f3n, Daniella Pena.<\/p>\n<p>Tambi\u00e9n estuvieron presentes, Daniel Martinez (ex representante de la OIT para Am\u00e9rica Latina y el Caribe), el dirigente sindical Gustavo Macedo y los abogados Luis Calabria y Juan Andres Ramirez Saravia<\/p>\n<p>Al salir de la reuni\u00f3n y consultado por los medios, Larra\u00f1aga valor\u00f3 la reuni\u00f3n para hablar de algo que \u201cconsideramos fundamental como es el empleo, la defensa del trabajo, la defensa de la producci\u00f3n, y todo lo que ello implica\u201d<\/p>\n<p>\u201cHay que adaptarse a todo lo que supone la revoluci\u00f3n tecnol\u00f3gica, todo lo que supone la robotizaci\u00f3n, la inteligencia artificial en funci\u00f3n de estudios de organismos internacionales como la OIT  que determinan que es un tema de ahora, porque se van a perder millones de puestos de trabajo y Uruguay no es un isla\u2026\u201d expres\u00f3 el l\u00edder blanco.<\/p>\n<p><strong>Di\u00e1logo<\/strong><\/p>\n<p>Indic\u00f3: \u201cTenemos que tener una pol\u00edtica de di\u00e1logo por encima de las diferencias y de los entendimientos. Hemos tenido una extensa charla donde hemos podido tocar muchos temas vinculado al trabajo, en lo privado y en lo p\u00fablico, aspectos en los que tenemos coincidencias  y discrepancias\u201d.<\/p>\n<p>Sostuvo que incluso hubo oportunidad para hablar sobre la campa\u00f1a de recolecci\u00f3n de firmas para impulsar un referendum por el tema seguridad. Cabe recordar que el pr\u00f3ximo 25 de este mes se har\u00e1 entrega de las firmas a la Presidenta del Senado, la vice Presidente de la Rep\u00fablica Lucia Topolansky.<\/p>\n<p>\u201cEl di\u00e1logo no es una foto, no se puede agotar en un d\u00eda, el di\u00e1logo es una actitud, de c\u00f3mo llevar adelante la actividad pol\u00edtica\u201d agreg\u00f3 Larra\u00f1aga al tiempo que anunci\u00f3 que la pr\u00f3xima semana ser\u00e1 recibido por la C\u00e1mara de Comercio y la Confederaci\u00f3n de C\u00e1maras Empresariales, del mismo modo que lo har\u00e1n con Cambadu.<\/p>\n<p><strong>Desaf\u00edo<\/strong><\/p>\n<p>Expres\u00f3 que es importante llevar adelante esto como una marca muy firme de que queremos que el empleo y todo lo que supone sea un tema relevante en la campa\u00f1a electoral y tambi\u00e9n como desaf\u00edo del pr\u00f3ximo gobierno.<\/p>\n<p>\u201cEs el desaf\u00edo de inclusi\u00f3n, de distribuci\u00f3n, de la buena calidad del trabajo, de las buenas condiciones del trabajo, de la no precarizaci\u00f3n  que muchas veces termina conspirando contra el desarrollo humano\u201d agreg\u00f3 el senador.<\/p>\n<p>Marc\u00f3 como algunas coincidencias de la reuni\u00f3n la necesidad de ver c\u00f3mo defender el empleo, c\u00f3mo generar un desarrollo, una inversi\u00f3n que permita proteger el empleo. Si vamos a discutir la productividad, c\u00f3mo vamos a hacer que ese salario por productividad pueda ser incentivado, por ejemplo con la baja del impuesto o el no pago del impuesto a la renta a la persona f\u00edsica, o el tema de las horas extras.<\/p>\n<p>Larra\u00f1aga resalt\u00f3: \u201ctenemos desaf\u00edos de tal magnitud que o salimos juntos o si no la salida va a ser mucho m\u00e1s compleja\u201d.<\/p>\n<p><strong>Propone un Sistema Integrado de formaci\u00f3n y capacitaci\u00f3n<\/strong><\/p>\n<p>Consultado acerca de qu\u00e9 medidas tomar\u00eda de ser electo Presidente para impulsar el empleo expres\u00f3 que \u201chay componentes en donde desde el Estado podemos tambi\u00e9n impulsar esa pol\u00edtica de desgravaci\u00f3n para generar inversi\u00f3n desarrollo y empleo\u201d.<\/p>\n<p>Agreg\u00f3 que es de vital importancia la formaci\u00f3n y la educaci\u00f3n con formaci\u00f3n, y un Sistema Integrado de protecci\u00f3n del trabajo es vital para generar en el trabajador, cuando se presentan situaciones en donde es necesario adaptar ese trabajador a los desaf\u00edos que supone la rotaci\u00f3n en el trabajo.<\/p>\n<p>El pasado 2 de febrero Larra\u00f1aga present\u00f3 un documento \u201cAlgunos contenidos para el cambio\u201d donde ya anunciaba la propuesta de un Sistema Integrado de Formaci\u00f3n T\u00e9cnica y Capacitaci\u00f3n Laboral \u201cque incorpore al actual INEFOP, a la UTU, la UTEC y a otras instituciones p\u00fablicas de formaci\u00f3n, pero que sume tambi\u00e9n a las instituciones privadas, en busca de promover las modalidades de formaci\u00f3n en la empresa, formaci\u00f3n dual, certificaci\u00f3n de competencias, entre otras\u201d. <\/p>\n<p>El l\u00edder de Alianza Nacional y el Movimiento Juntos indic\u00f3 que \u201cel desaf\u00edo es el del crecimiento de la productividad, de la competitividad y en esto tenemos que dialogar para lograr que el pa\u00eds pueda crecer. Yo me quiero quedar en los puntos de entendimiento que buscan preservar un \u00e1mbito que me parece que tiene que ser enriquecido por el sistema pol\u00edtico, por las organizaciones sociales, por los actores empresariales de manera de poder construir respuestas\u201d.<\/p>\n<p>Culmin\u00f3 indicando que de llegar al gobierno mantendr\u00eda los Consejos de Salarios. <\/p>\n<p><iframe width=\"560\" height=\"315\" src=\"https:\/\/www.youtube.com\/embed\/BshlSXVnZY4\" frameborder=\"0\" allow=\"accelerometer; autoplay; encrypted-media; gyroscope; picture-in-picture\" allowfullscreen><\/iframe><\/p>\n","protected":false},"excerpt":{"rendered":"<p>En la jornada del mi\u00e9rcoles 13 de febrero el Senador y l\u00edder de Alianza Nacional y el Movimiento Juntos, concurri\u00f3 a la Sede del PIT CNT para hablar con sus principales autoridades sobre la generaci\u00f3n de un acuerdo por el empleo. El l\u00edder nacionalista estuvo acompa\u00f1ado por los legisladores, Jorge Gandini, Mario Ayala y Richard [&hellip;]<\/p>\n","protected":false},"author":1,"featured_media":31562,"comment_status":"open","ping_status":"open","sticky":false,"template":"","format":"standard","meta":{"footnotes":""},"categories":[16],"tags":[],"class_list":["post-31561","post","type-post","status-publish","format-standard","has-post-thumbnail","hentry","category-noticias"],"_links":{"self":[{"href":"https:\/\/alianzanacional.com.uy\/web\/wp-json\/wp\/v2\/posts\/31561","targetHints":{"allow":["GET"]}}],"collection":[{"href":"https:\/\/alianzanacional.com.uy\/web\/wp-json\/wp\/v2\/posts"}],"about":[{"href":"https:\/\/alianzanacional.com.uy\/web\/wp-json\/wp\/v2\/types\/post"}],"author":[{"embeddable":true,"href":"https:\/\/alianzanacional.com.uy\/web\/wp-json\/wp\/v2\/users\/1"}],"replies":[{"embeddable":true,"href":"https:\/\/alianzanacional.com.uy\/web\/wp-json\/wp\/v2\/comments?post=31561"}],"version-history":[{"count":2,"href":"https:\/\/alianzanacional.com.uy\/web\/wp-json\/wp\/v2\/posts\/31561\/revisions"}],"predecessor-version":[{"id":31565,"href":"https:\/\/alianzanacional.com.uy\/web\/wp-json\/wp\/v2\/posts\/31561\/revisions\/31565"}],"wp:featuredmedia":[{"embeddable":true,"href":"https:\/\/alianzanacional.com.uy\/web\/wp-json\/wp\/v2\/media\/31562"}],"wp:attachment":[{"href":"https:\/\/alianzanacional.com.uy\/web\/wp-json\/wp\/v2\/media?parent=31561"}],"wp:term":[{"taxonomy":"category","embeddable":true,"href":"https:\/\/alianzanacional.com.uy\/web\/wp-json\/wp\/v2\/categories?post=31561"},{"taxonomy":"post_tag","embeddable":true,"href":"https:\/\/alianzanacional.com.uy\/web\/wp-json\/wp\/v2\/tags?post=31561"}],"curies":[{"name":"wp","href":"https:\/\/api.w.org\/{rel}","templated":true}]}}