{"id":31568,"date":"2019-02-06T13:57:38","date_gmt":"2019-02-06T16:57:38","guid":{"rendered":"http:\/\/alianzanacional.com.uy\/web\/?p=31568"},"modified":"2019-02-14T13:59:16","modified_gmt":"2019-02-14T16:59:16","slug":"larranaga-pide-ayuda-humanitaria-para-venezuela","status":"publish","type":"post","link":"https:\/\/alianzanacional.com.uy\/web\/larranaga-pide-ayuda-humanitaria-para-venezuela\/","title":{"rendered":"Larra\u00f1aga pide ayuda humanitaria para Venezuela."},"content":{"rendered":"<p>En horas del mediod\u00eda el senador y l\u00edder de Alianza Nacional y el Movimiento Juntos realiz\u00f3 una Conferencia de Prensa para informar que solicit\u00f3 al Partido Nacional que env\u00ede una nota al Presidente Tabar\u00e9 V\u00e1zquez a efecto que el Gobierno nacional canalice la ayuda humanitaria para el pueblo de Venezuela.<\/p>\n<p>\u201cCreemos que es absolutamente prioritario llevar adelante una acci\u00f3n de esta naturaleza, que nuestro pa\u00eds tenga solidaridad con el pueblo de Venezuela frente a la contingencia humanitaria que est\u00e1 atravesando ante un r\u00e9gimen dictatorial como es el r\u00e9gimen de Maduro\u201d expres\u00f3 el l\u00edder blanco.<\/p>\n<p>Agreg\u00f3 que \u201cMaduro lamentablemente ha enfocado las armas que la Constituci\u00f3n y la soberan\u00eda popular le dio a su ej\u00e9rcito para dirigirlo directamente a sus ciudadanos\u201d.<\/p>\n<p><strong>Convocatoria al Parlasur<\/strong><\/p>\n<p>Larra\u00f1aga indic\u00f3 que tambi\u00e9n solicit\u00f3 a la coordinaci\u00f3n de la Agrupaci\u00f3n Parlamentaria que se generen contactos de manera urgente con los distintos partidos que integran la delegaci\u00f3n uruguaya para lograr una inmediata convocatoria del Parlasur, para que el mismo proceda al reconocimiento del gobierno de Guaid\u00f3 de la misma forma como lo han hecho otros bloques.<\/p>\n<p>El senador nacionalista sostuvo: \u201cEntendemos que esto son medidas contundentes y claras que apuntan precisamente a tener pronunciamientos frente a un posicionamiento con el cual discrepamos totalmente; porque la neutralidad del gobierno uruguayo no nos representa, la neutralidad pretendida termina siendo una suerte de complicidad con un r\u00e9gimen dictatorial que viene violando sistem\u00e1ticamente los derechos humanos con centenas de presos pol\u00edticos, muertos, detenidos, proscripciones, periodismo tambi\u00e9n preso o con enormes dificultades en todo lo que significan los derechos de la ciudadan\u00eda en Venezuela\u201d.<\/p>\n<p>\u201cCreemos que el Parlasur va a tener que pronunciarse\u201d agreg\u00f3 Larra\u00f1aga, al tiempo que expres\u00f3 que esto es a\u00fan m\u00e1s necesario cuando en la jornada de ma\u00f1ana el Gobierno se apresta a tener una reuni\u00f3n por este asunto. Reuni\u00f3n que no tendr\u00e1 la participaci\u00f3n de ninguna de las dos partes en pugna\u201d expres\u00f3: \u201cEs una reuni\u00f3n sin objetivos, una reuni\u00f3n en donde van a brillar las ausencias de las partes involucradas. Tenemos que criticar fuertemente al gobierno de nuestro pa\u00eds porque lo \u00fanico que hace es brindarle un tanque de ox\u00edgeno a un gobierno que agoniza que es el gobierno constituido en dictadura del se\u00f1or Nicol\u00e1s Maduro\u201d.<\/p>\n<p><strong>El camino<\/strong><\/p>\n<p>Larra\u00f1aga finalizando enfatiz\u00f3 en que \u201cel camino son las elecciones; ese es el camino y seguir con la presi\u00f3n internacional para que definitivamente este r\u00e9gimen que languidece, que est\u00e1 en retirada y que pretende solamente apoyarse en la fuerza de las bayonetas del Ej\u00e9rcito no se siga sosteniendo\u201d.<\/p>\n<p><a href=\"https:\/\/alianzanacional.com.uy\/web\/wp-content\/uploads\/2019\/02\/unnamed-1-1.jpg\"><img fetchpriority=\"high\" decoding=\"async\" src=\"https:\/\/alianzanacional.com.uy\/web\/wp-content\/uploads\/2019\/02\/unnamed-1-1-700x525.jpg\" alt=\"\" width=\"620\" height=\"465\" class=\"alignnone size-large wp-image-31569\" srcset=\"https:\/\/alianzanacional.com.uy\/web\/wp-content\/uploads\/2019\/02\/unnamed-1-1-700x525.jpg 700w, https:\/\/alianzanacional.com.uy\/web\/wp-content\/uploads\/2019\/02\/unnamed-1-1-400x300.jpg 400w, https:\/\/alianzanacional.com.uy\/web\/wp-content\/uploads\/2019\/02\/unnamed-1-1-768x576.jpg 768w, https:\/\/alianzanacional.com.uy\/web\/wp-content\/uploads\/2019\/02\/unnamed-1-1.jpg 1600w\" sizes=\"(max-width: 620px) 100vw, 620px\" \/><\/a><\/p>\n<p><a href=\"https:\/\/alianzanacional.com.uy\/web\/wp-content\/uploads\/2019\/02\/unnamed-5.jpg\"><img decoding=\"async\" src=\"https:\/\/alianzanacional.com.uy\/web\/wp-content\/uploads\/2019\/02\/unnamed-5-700x394.jpg\" alt=\"\" width=\"620\" height=\"349\" class=\"alignnone size-large wp-image-31570\" srcset=\"https:\/\/alianzanacional.com.uy\/web\/wp-content\/uploads\/2019\/02\/unnamed-5-700x394.jpg 700w, https:\/\/alianzanacional.com.uy\/web\/wp-content\/uploads\/2019\/02\/unnamed-5-400x225.jpg 400w, https:\/\/alianzanacional.com.uy\/web\/wp-content\/uploads\/2019\/02\/unnamed-5-768x432.jpg 768w, https:\/\/alianzanacional.com.uy\/web\/wp-content\/uploads\/2019\/02\/unnamed-5.jpg 1600w\" sizes=\"(max-width: 620px) 100vw, 620px\" \/><\/a><\/p>\n","protected":false},"excerpt":{"rendered":"<p>En horas del mediod\u00eda el senador y l\u00edder de Alianza Nacional y el Movimiento Juntos realiz\u00f3 una Conferencia de Prensa para informar que solicit\u00f3 al Partido Nacional que env\u00ede una nota al Presidente Tabar\u00e9 V\u00e1zquez a efecto que el Gobierno nacional canalice la ayuda humanitaria para el pueblo de Venezuela. \u201cCreemos que es absolutamente prioritario [&hellip;]<\/p>\n","protected":false},"author":1,"featured_media":31570,"comment_status":"open","ping_status":"open","sticky":false,"template":"","format":"standard","meta":{"footnotes":""},"categories":[16],"tags":[],"class_list":["post-31568","post","type-post","status-publish","format-standard","has-post-thumbnail","hentry","category-noticias"],"_links":{"self":[{"href":"https:\/\/alianzanacional.com.uy\/web\/wp-json\/wp\/v2\/posts\/31568","targetHints":{"allow":["GET"]}}],"collection":[{"href":"https:\/\/alianzanacional.com.uy\/web\/wp-json\/wp\/v2\/posts"}],"about":[{"href":"https:\/\/alianzanacional.com.uy\/web\/wp-json\/wp\/v2\/types\/post"}],"author":[{"embeddable":true,"href":"https:\/\/alianzanacional.com.uy\/web\/wp-json\/wp\/v2\/users\/1"}],"replies":[{"embeddable":true,"href":"https:\/\/alianzanacional.com.uy\/web\/wp-json\/wp\/v2\/comments?post=31568"}],"version-history":[{"count":1,"href":"https:\/\/alianzanacional.com.uy\/web\/wp-json\/wp\/v2\/posts\/31568\/revisions"}],"predecessor-version":[{"id":31571,"href":"https:\/\/alianzanacional.com.uy\/web\/wp-json\/wp\/v2\/posts\/31568\/revisions\/31571"}],"wp:featuredmedia":[{"embeddable":true,"href":"https:\/\/alianzanacional.com.uy\/web\/wp-json\/wp\/v2\/media\/31570"}],"wp:attachment":[{"href":"https:\/\/alianzanacional.com.uy\/web\/wp-json\/wp\/v2\/media?parent=31568"}],"wp:term":[{"taxonomy":"category","embeddable":true,"href":"https:\/\/alianzanacional.com.uy\/web\/wp-json\/wp\/v2\/categories?post=31568"},{"taxonomy":"post_tag","embeddable":true,"href":"https:\/\/alianzanacional.com.uy\/web\/wp-json\/wp\/v2\/tags?post=31568"}],"curies":[{"name":"wp","href":"https:\/\/api.w.org\/{rel}","templated":true}]}}