{"id":31573,"date":"2019-02-18T13:00:49","date_gmt":"2019-02-18T16:00:49","guid":{"rendered":"http:\/\/alianzanacional.com.uy\/web\/?p=31573"},"modified":"2019-02-18T12:58:04","modified_gmt":"2019-02-18T15:58:04","slug":"el-pit-cnt-el-frente-amplio-y-la-contracampana-a-vivir-sin-miedo-unidos-por-los-prejuicios","status":"publish","type":"post","link":"https:\/\/alianzanacional.com.uy\/web\/el-pit-cnt-el-frente-amplio-y-la-contracampana-a-vivir-sin-miedo-unidos-por-los-prejuicios\/","title":{"rendered":"El PIT-CNT, el Frente Amplio y la contracampa\u00f1a a Vivir Sin Miedo. Unidos por los prejuicios."},"content":{"rendered":"<p><a href=\"https:\/\/alianzanacional.com.uy\/web\/wp-content\/uploads\/2019\/02\/02.jpg\"><img fetchpriority=\"high\" decoding=\"async\" src=\"https:\/\/alianzanacional.com.uy\/web\/wp-content\/uploads\/2019\/02\/02-700x394.jpg\" alt=\"\" width=\"620\" height=\"349\" class=\"alignnone size-large wp-image-31575\" srcset=\"https:\/\/alianzanacional.com.uy\/web\/wp-content\/uploads\/2019\/02\/02-700x394.jpg 700w, https:\/\/alianzanacional.com.uy\/web\/wp-content\/uploads\/2019\/02\/02-400x225.jpg 400w, https:\/\/alianzanacional.com.uy\/web\/wp-content\/uploads\/2019\/02\/02-768x432.jpg 768w, https:\/\/alianzanacional.com.uy\/web\/wp-content\/uploads\/2019\/02\/02.jpg 1785w\" sizes=\"(max-width: 620px) 100vw, 620px\" \/><\/a><\/p>\n<p>El d\u00eda viernes se dio cuenta que el PIT-CNT y el Frente Amplio har\u00edan contracampa\u00f1a a la reforma \u201cvivir sin miedo\u201d, que \u201cdesaf\u00eda a Larra\u00f1aga\u201d.<\/p>\n<p>Hay que hacer una precisi\u00f3n, esa contracampa\u00f1a del PIT-CNT y Frente Amplio es contra los m\u00e1s de 400.000 uruguayos que firmaron. Sin contar a quienes apoyan pero por alguna raz\u00f3n no han firmado. Pero tambi\u00e9n est\u00e1n las v\u00edctimas y familiares de las victimas de la delincuencia, las que siempre son ignoradas y que sufren las consecuencias del delito; y est\u00e1n tambi\u00e9n las voluntades de aquellos que no tienen medios para pagar seguridad privada y que el Estado abandona ol\u00edmpicamente.<\/p>\n<p>Hago la precisi\u00f3n porque hay una reacci\u00f3n tard\u00eda. Si quer\u00edan desafiar a Larra\u00f1aga lo tendr\u00edan que haber hecho al inicio, cuando emprendimos esta iniciativa, cuando empezamos, est\u00e1bamos aparentemente solos. No s\u00e9 si \u00e9ramos un blanco f\u00e1cil, pero est\u00e1bamos aparentemente solos. Tal vez nos subestimaron, no lo s\u00e9.  Hoy estamos m\u00e1s firmes que nunca. Hoy son miles de voluntades de uruguayos y es contra ellos esa contracampa\u00f1a.<\/p>\n<p>La contracampa\u00f1a del PIT CNT y del FA es contra la gente que sufre la delincuencia, no contra Larra\u00f1aga.<\/p>\n<p>Si van a atacar que ataquen. Que vengan. Lo digo sin soberbia y sin \u00e1nimo de bravuconada. Con firmeza. Que se preparen, porque, en cada contradictorio que haya con quien se tendr\u00e1n que verse las caras es con la gente.<\/p>\n<p>Ataquen entonces, pero f\u00edjense bien a d\u00f3nde est\u00e1n atacando; despu\u00e9s no vengan con salmueras.  No es contra Larra\u00f1aga, es contra la gente. Esto lo eligi\u00f3 la gente, el pueblo. Ese pueblo del que tanto se dice identificado el PIT-CNT y el FA. Bueno, ese pueblo firm\u00f3 para que haya Plebiscito. Hagan lo que quieran hacer, pero sepan que nadie pone la firma para una cuesti\u00f3n tan republicana si no est\u00e1 hastiado, harto, impotente, descre\u00eddo. Hartos de las excusas, de los prejuicios. Vamos a defender a la gente que firm\u00f3 y a la gente que quiere cambiar radicalmente esta triste realidad.<\/p>\n<p>S\u00e9 que van a decir, ya lo han hacen, que Larra\u00f1aga quiere militarizar, que quiere poner \u00b4tanquetas\u00b4. S\u00e9 que van a decir que no a los allanamientos nocturnos porque \u201cel hogar es sagrado\u201d. Pero \u00bfcu\u00e1ndo dej\u00f3 de ser sagrado como para que se nos metan los delincuentes? \u00bfCu\u00e1ndo? Que nos digan cu\u00e1ndo. El hogar es sagrado, el kiosquito tambi\u00e9n es sagrado, el almac\u00e9n tambi\u00e9n lo es y nuestros hijos en la calle tambi\u00e9n lo son. Nuestras familias tambi\u00e9n lo son.<\/p>\n<p>Estos se\u00f1ores \u00bfqu\u00e9 proponen? \u00bfM\u00e1s de lo mismo?<\/p>\n<p>Nos acusan de \u00abusar el miedo\u00bb. El miedo lo usan ellos, porque son ellos los que lo han instalado en esta realidad \u00b4de miedo\u00b4, son ellos los que han fracasado con sus recetas que han sido incapaces de contender a la violencia y a la delincuencia.<\/p>\n<p>El FA, el PIT-CNT y la contracampa\u00f1a est\u00e1n unidos por los prejuicios. Somos  rehenes de la delincuencia pero tambi\u00e9n somos rehenes de una lamentable trama de prejuicios del FA. Esa trama es la misma que hace que algunos banquen a Maduro en Venezuela, aunque les rompa los ojos, tanto como la delincuencia ac\u00e1, pero no pueden admitirlo. Admitirlo jam\u00e1s. Buscan excusas: el capitalismo, el imperialismo, el consumismo, cualquier ismo sirve. En tanto la gente se muere y sufre.<\/p>\n<p>Vamos de prejuicio en prejuicio. \u00bfEl problema son los militares? \u00bfQu\u00e9 era L\u00edber Seregni? Era un prestigioso y respetado militar. Y fund\u00f3 el Frente Amplio. Si la din\u00e1mica para que entiendan es la de buenos y malos, sepan que los 2000 militares que vamos a poner al servicio de la ciudadan\u00eda son buenos militares. Son los mismos que cargan la basura, que meten lomo en las inundaciones, que van a las Misiones de Paz y que tambi\u00e9n quieren que sus familias vivan en paz.<\/p>\n<p>Ya est\u00e1, se\u00f1ores del PIT-CNT y del FA, ya est\u00e1. Ya nos pas\u00f3 el agua. No se dan cuenta que, cada vez m\u00e1s, los que mueren son vecinos, gente de trabajo, buena gente, de vida sencilla, de sue\u00f1os claros, de familia, de hijos.<\/p>\n<p>Han tenido tiempo, plata y poder para hacer todo lo que dijeron que se ten\u00eda que hacer. Han fracasado. No pueden con los delincuentes afuera ni con los delincuentes adentro, porque en las c\u00e1rceles mandan tambi\u00e9n los presos. Han fracasado en la rehabilitaci\u00f3n, en la prevenci\u00f3n y tienen precauciones a la hora de castigar el delito. \u00a1Encima hasta defienden permitir el uso de celulares a los presos!<\/p>\n<p>Como sociedad estamos siendo atacados por la delincuencia, pero tambi\u00e9n estamos hartos de indiferencia del Gobierno, de la ajenidad, del no hacerse cargo. Est\u00e1n sordos ante el reclamo de la gente, parece que viven en Saturno, est\u00e1n totalmente divorciados de la realidad de la gente. Ni escuchan, ni comprenden, ni hacen lo que tienen que hacer por la gente. No dan la cara. Tienen la obligaci\u00f3n de cuidar a la gente y no lo han hecho.<\/p>\n<p>Reaccionan, por facilismo, contra Larra\u00f1aga; reaccionan contra la gente que pide un cambio, pero no reaccionan contra los delincuentes.<\/p>\n<p>Quienes firmaron, quienes quieren cambiar, sepan que voy a estar con ellos,  que vamos a poner la cara, que cuentan conmigo, siempre.<\/p>\n<p>Estamos con una gran satisfacci\u00f3n porque hemos puesto a andar un mecanismo de activaci\u00f3n ineludible.<\/p>\n<p>Nos vemos en las urnas. <\/p>\n<p>Jorge Larra\u00f1aga<\/p>\n","protected":false},"excerpt":{"rendered":"<p>El d\u00eda viernes se dio cuenta que el PIT-CNT y el Frente Amplio har\u00edan contracampa\u00f1a a la reforma \u201cvivir sin miedo\u201d, que \u201cdesaf\u00eda a Larra\u00f1aga\u201d. Hay que hacer una precisi\u00f3n, esa contracampa\u00f1a del PIT-CNT y Frente Amplio es contra los m\u00e1s de 400.000 uruguayos que firmaron. Sin contar a quienes apoyan pero por alguna raz\u00f3n [&hellip;]<\/p>\n","protected":false},"author":1,"featured_media":31575,"comment_status":"open","ping_status":"open","sticky":false,"template":"","format":"standard","meta":{"footnotes":""},"categories":[17],"tags":[],"class_list":["post-31573","post","type-post","status-publish","format-standard","has-post-thumbnail","hentry","category-columna"],"_links":{"self":[{"href":"https:\/\/alianzanacional.com.uy\/web\/wp-json\/wp\/v2\/posts\/31573","targetHints":{"allow":["GET"]}}],"collection":[{"href":"https:\/\/alianzanacional.com.uy\/web\/wp-json\/wp\/v2\/posts"}],"about":[{"href":"https:\/\/alianzanacional.com.uy\/web\/wp-json\/wp\/v2\/types\/post"}],"author":[{"embeddable":true,"href":"https:\/\/alianzanacional.com.uy\/web\/wp-json\/wp\/v2\/users\/1"}],"replies":[{"embeddable":true,"href":"https:\/\/alianzanacional.com.uy\/web\/wp-json\/wp\/v2\/comments?post=31573"}],"version-history":[{"count":2,"href":"https:\/\/alianzanacional.com.uy\/web\/wp-json\/wp\/v2\/posts\/31573\/revisions"}],"predecessor-version":[{"id":31576,"href":"https:\/\/alianzanacional.com.uy\/web\/wp-json\/wp\/v2\/posts\/31573\/revisions\/31576"}],"wp:featuredmedia":[{"embeddable":true,"href":"https:\/\/alianzanacional.com.uy\/web\/wp-json\/wp\/v2\/media\/31575"}],"wp:attachment":[{"href":"https:\/\/alianzanacional.com.uy\/web\/wp-json\/wp\/v2\/media?parent=31573"}],"wp:term":[{"taxonomy":"category","embeddable":true,"href":"https:\/\/alianzanacional.com.uy\/web\/wp-json\/wp\/v2\/categories?post=31573"},{"taxonomy":"post_tag","embeddable":true,"href":"https:\/\/alianzanacional.com.uy\/web\/wp-json\/wp\/v2\/tags?post=31573"}],"curies":[{"name":"wp","href":"https:\/\/api.w.org\/{rel}","templated":true}]}}