{"id":31579,"date":"2019-02-21T18:14:59","date_gmt":"2019-02-21T21:14:59","guid":{"rendered":"http:\/\/alianzanacional.com.uy\/web\/?p=31579"},"modified":"2019-02-22T16:27:02","modified_gmt":"2019-02-22T19:27:02","slug":"un-acuerdo-para-garantizar-la-libertad-de-expresion-y-la-salud-de-la-democracia","status":"publish","type":"post","link":"https:\/\/alianzanacional.com.uy\/web\/un-acuerdo-para-garantizar-la-libertad-de-expresion-y-la-salud-de-la-democracia\/","title":{"rendered":"Un acuerdo para garantizar la libertad de expresi\u00f3n y la salud de la Democracia."},"content":{"rendered":"<p><a href=\"https:\/\/alianzanacional.com.uy\/web\/wp-content\/uploads\/2019\/01\/CDS2930.jpg\"><img fetchpriority=\"high\" decoding=\"async\" src=\"https:\/\/alianzanacional.com.uy\/web\/wp-content\/uploads\/2019\/01\/CDS2930-700x467.jpg\" alt=\"\" width=\"620\" height=\"414\" class=\"alignnone size-large wp-image-31492\" srcset=\"https:\/\/alianzanacional.com.uy\/web\/wp-content\/uploads\/2019\/01\/CDS2930-700x467.jpg 700w, https:\/\/alianzanacional.com.uy\/web\/wp-content\/uploads\/2019\/01\/CDS2930-400x267.jpg 400w, https:\/\/alianzanacional.com.uy\/web\/wp-content\/uploads\/2019\/01\/CDS2930-768x512.jpg 768w, https:\/\/alianzanacional.com.uy\/web\/wp-content\/uploads\/2019\/01\/CDS2930.jpg 970w\" sizes=\"(max-width: 620px) 100vw, 620px\" \/><\/a><\/p>\n<p>El tema del empleo es una de nuestras principales preocupaciones y por eso hemos planteado diversas propuestas para enfrentar la revoluci\u00f3n tecnol\u00f3gica, que est\u00e1 eliminando puestos de trabajo en todas partes del mundo. A causa de los cambios tecnol\u00f3gicos, uno de los sectores que m\u00e1s ha sufrido es la prensa escrita y el periodismo en general y no porque las computadoras est\u00e9n sustituyendo a los periodistas, que son y ser\u00e1n insustituibles. Si bien es cierto que las computadoras ya pueden escribir y divulgar por si solas algunas noticias, el periodismo de investigaci\u00f3n, el an\u00e1lisis, el comentario y la cr\u00edtica, son y ser\u00e1n insustituibles.<\/p>\n<p>Desde hace tiempo, los medios de comunicaci\u00f3n tradicional, prensa, radio y televisi\u00f3n, est\u00e1n reduciendo significativamente los puestos de trabajo. En efecto, a ra\u00edz de los cambios tecnol\u00f3gicos, gigantes como Google y Facebook, que no generan ning\u00fan contenido ni pagan derechos de autor, se est\u00e1n llevando la mayor parte del mercado publicitario que solventaba el negocio de los medios tradicionales. Google y Facebook ya tienen m\u00e1s del 70% del mercado publicitario digital en EE.UU. y la tendencia es seguir creciendo. Por esa raz\u00f3n, en muchos pa\u00edses, el Estado entendi\u00f3 que ten\u00eda el deber de garantizarle a los ciudadanos la subsistencia de una prensa plural, vigorosa y cr\u00edtica; solo de esta forma cada ciudadano puede elegir c\u00f3mo y cu\u00e1ndo informarse en base a una elecci\u00f3n libre y no acotada al men\u00fa reducido a un peque\u00f1o n\u00famero de medios, dependientes econ\u00f3micamente de sus anunciantes o peor a\u00fan, de la publicidad oficial.<\/p>\n<p>Una verdadera democracia requiere de una prensa independiente y al mismo tiempo una pluralidad de medios de comunicaci\u00f3n radial y televisiva que representen a distintas corrientes de pensamiento desde el punto de vista ideol\u00f3gico, pol\u00edtico y socioecon\u00f3mico.<\/p>\n<p>Por esa raz\u00f3n, cuando a consecuencia de problemas econ\u00f3micos van desapareciendo los medios, se reduce la oferta de informaci\u00f3n y se afecta el derecho a conocer la diversidad y pluralidad de opiniones, lo que repercute directamente en la calidad de la democracia.<\/p>\n<p>A contra pelo de lo que sucede en el mundo desarrollado, en nuestro pa\u00eds la reforma tributaria elimin\u00f3 las exoneraciones fiscales a los medios de comunicaci\u00f3n, lo que aceler\u00f3 el deterioro de la prensa nacional y con ello, de la libertad de expresi\u00f3n y del derecho a estar informados.<\/p>\n<p>Recordamos que Jos\u00e9 Pedro Varela refiri\u00e9ndose a la prensa supo decir: \u00abEl primordial de los derechos de la prensa es el de discutir los actos del poder p\u00fablico; m\u00e1s a\u00fan, el de discutir la persona de los mandatarios\u00bb.<\/p>\n<p>Entonces, en mi calidad de precandidato a la presidencia de la Republica, exhorto a los dem\u00e1s precandidatos, a asumir ahora, que ninguno sabe qui\u00e9n ser\u00e1 el gobernante al que le tocar\u00e1 ser juzgado, controlado y cuestionado diariamente por los medios de comunicaci\u00f3n, el compromiso de devolverle a la prensa las exoneraciones fiscales que le quit\u00f3 la reforma tributaria en el 2007.<\/p>\n<p>Este pa\u00eds no puede permitir que los periodistas vean c\u00f3mo desparecen sus puestos de trabajo, teniendo que sacrificar su vocaci\u00f3n, para emplear su capacidad intelectual en otras actividades menos relevantes para la democracia. Es gracias a la independencia y convicci\u00f3n de los periodistas, que se han descubierto la mayor\u00eda de los casos de corrupci\u00f3n en el mundo.<\/p>\n<p>Entonces, lleg\u00f3 la hora de discutir, entre todos los partidos pol\u00edticos, c\u00f3mo apoyar a los medios de comunicaci\u00f3n para que no desaparezcan, comenzando por reinstalar la exoneraci\u00f3n de aportes patronales a la prensa escrita. Lo mismo debe hacerse con el trabajo de los periodistas de los dem\u00e1s medios de comunicaci\u00f3n radial y televisiva.<\/p>\n<p>El momento de asumir el compromiso es ahora y por eso exhorto a todos los candidatos a demostrar que estamos dispuestos a fortalecer a los medios de comunicaci\u00f3n, para que controlen f\u00e9rreamente al partido que gane. Garantizar la salud de los medios de comunicaci\u00f3n es garantizar la libertad de expresi\u00f3n, que es la mejor herramienta para fortalecer la democracia.<\/p>\n<p>Jorge Larra\u00f1aga<\/p>\n","protected":false},"excerpt":{"rendered":"<p>El tema del empleo es una de nuestras principales preocupaciones y por eso hemos planteado diversas propuestas para enfrentar la revoluci\u00f3n tecnol\u00f3gica, que est\u00e1 eliminando puestos de trabajo en todas partes del mundo. A causa de los cambios tecnol\u00f3gicos, uno de los sectores que m\u00e1s ha sufrido es la prensa escrita y el periodismo en [&hellip;]<\/p>\n","protected":false},"author":1,"featured_media":31492,"comment_status":"open","ping_status":"open","sticky":false,"template":"","format":"standard","meta":{"footnotes":""},"categories":[17],"tags":[],"class_list":["post-31579","post","type-post","status-publish","format-standard","has-post-thumbnail","hentry","category-columna"],"_links":{"self":[{"href":"https:\/\/alianzanacional.com.uy\/web\/wp-json\/wp\/v2\/posts\/31579","targetHints":{"allow":["GET"]}}],"collection":[{"href":"https:\/\/alianzanacional.com.uy\/web\/wp-json\/wp\/v2\/posts"}],"about":[{"href":"https:\/\/alianzanacional.com.uy\/web\/wp-json\/wp\/v2\/types\/post"}],"author":[{"embeddable":true,"href":"https:\/\/alianzanacional.com.uy\/web\/wp-json\/wp\/v2\/users\/1"}],"replies":[{"embeddable":true,"href":"https:\/\/alianzanacional.com.uy\/web\/wp-json\/wp\/v2\/comments?post=31579"}],"version-history":[{"count":3,"href":"https:\/\/alianzanacional.com.uy\/web\/wp-json\/wp\/v2\/posts\/31579\/revisions"}],"predecessor-version":[{"id":31586,"href":"https:\/\/alianzanacional.com.uy\/web\/wp-json\/wp\/v2\/posts\/31579\/revisions\/31586"}],"wp:featuredmedia":[{"embeddable":true,"href":"https:\/\/alianzanacional.com.uy\/web\/wp-json\/wp\/v2\/media\/31492"}],"wp:attachment":[{"href":"https:\/\/alianzanacional.com.uy\/web\/wp-json\/wp\/v2\/media?parent=31579"}],"wp:term":[{"taxonomy":"category","embeddable":true,"href":"https:\/\/alianzanacional.com.uy\/web\/wp-json\/wp\/v2\/categories?post=31579"},{"taxonomy":"post_tag","embeddable":true,"href":"https:\/\/alianzanacional.com.uy\/web\/wp-json\/wp\/v2\/tags?post=31579"}],"curies":[{"name":"wp","href":"https:\/\/api.w.org\/{rel}","templated":true}]}}