{"id":31683,"date":"2019-03-25T01:14:37","date_gmt":"2019-03-25T04:14:37","guid":{"rendered":"http:\/\/alianzanacional.com.uy\/web\/?p=31683"},"modified":"2019-05-06T01:19:13","modified_gmt":"2019-05-06T04:19:13","slug":"lanzamiento-de-campana-larranaga-presidente-aqui-esta-el-proyecto-de-pais-que-garantiza-el-cambio","status":"publish","type":"post","link":"https:\/\/alianzanacional.com.uy\/web\/lanzamiento-de-campana-larranaga-presidente-aqui-esta-el-proyecto-de-pais-que-garantiza-el-cambio\/","title":{"rendered":"LANZAMIENTO DE CAMPA\u00d1A LARRA\u00d1AGA PRESIDENTE \u00abAqu\u00ed est\u00e1 el proyecto de pa\u00eds que garantiza el cambio\u00bb"},"content":{"rendered":"<p><em><strong>El l\u00edder de Alianza Nacional remarc\u00f3 que \u201cpara asegurar el cambio hay que participar en la interna votando, porque de junio sale el balotaje\u201d<\/strong><\/em><\/p>\n<p>En un multitudinario acto que desbord\u00f3 las instalaciones del simb\u00f3lico Club Trouville, donde el wilsonismo llev\u00f3 adelante la hist\u00f3rica Convenci\u00f3n de 1984, y a 100 d\u00edas de la elecci\u00f3n interna, Jorge Larra\u00f1aga, l\u00edder de Alianza Nacional y el Movimiento Juntos, lanz\u00f3 su candidatura presidencial.<\/p>\n<p>M\u00e1s de cuatro mil militantes que buscan un cambio se convocaron en el ic\u00f3nico punto del barrio Pocitos en Montevideo para escuchar a Larra\u00f1aga y a otros referentes del sector.<\/p>\n<p>El acto comenz\u00f3 con la oratoria del l\u00edder del Movimiento Por La Patria, el diputado Jorge Gandini, y de los intendentes Carlos Moreira de Colonia y Adriana Pe\u00f1a de Lavalleja.<\/p>\n<p>Gandini destac\u00f3 el liderazgo de Jorge Larra\u00f1aga y sostuvo que es \u00a8el \u00fanico que puede liderar un proceso de cambio\u00a8 y lo ejemplific\u00f3 en el caso del proceso de reforma constitucional donde Larra\u00f1aga \u00a8alumbr\u00f3 un camino que se recorre pac\u00edficamente y por la gente\u00a8. Lo calific\u00f3 como el \u00a8abanderado de la reforma\u00a8 destacando que \u00a8al principio las vanguardias partidarias y sociales no creyeron en nosotros, creyeron que \u00edbamos a fracasar. Pero solo el l\u00edder, el caudillo, el que puede ver para donde est\u00e1n las casas en la noche, el que puede interpretar el sentimiento profundo de la gente, se anim\u00f3 a recorrer ese camino\u00a8.<\/p>\n<p>Agreg\u00f3 que \u00a8va a haber plebiscito en octubre (\u2026) Pero para que haya reforma, el abanderado de la reforma tiene que ser el candidato del Partido Nacional porque si no, no hay reforma. No hay reforma si Jorge Larra\u00f1aga no es el candidato del Partido. El que la entendi\u00f3, el que la siente, el que la quiere, el que la lucha, el que la pelea es Jorge Larra\u00f1aga. Es el candidato de la reforma constitucional, es el que ha obligado al Gobierno a hacer algo\u00a8.<\/p>\n<p>Por su parte, la intendenta Adriana Pe\u00f1a sostuvo que para ganar la elecci\u00f3n nacional en noviembre \u201chay que dar en el blanco, Larra\u00f1aga s\u00ed o s\u00ed\u00a8.<\/p>\n<p>Sostuvo que \u00a8el Partido Nacional tiene excelentes candidatos. Pero Larra\u00f1aga es el \u00fanico que le va a ganar al Frente, el \u00fanico\u00a8.  Agreg\u00f3 que los uruguayos que quieran cambiar \u00a8en junio tienen que votar a Jorge Larra\u00f1aga\u00a8. \u00a8En junio es la elecci\u00f3n definitiva\u00a8 finaliz\u00f3.<\/p>\n<p>Carlos Moreira, uno de los principales referentes de Alianza Nacional, sostuvo que en Larra\u00f1aga el Partido Nacional \u00a8tiene al mejor hombre, el que gener\u00f3 la enorme  movilizaci\u00f3n por una reforma constitucional\u00a8 y remarc\u00f3 los atributos presidenciales de Jorge Larra\u00f1aga \u00a8tiene las condiciones para enfrentar los problemas grav\u00edsimos que tiene el Uruguay de hoy, el \u00fanico que tiene esas condiciones es Larra\u00f1aga. Tiene experiencia, inteligencia y ha gobernado un departamento como Paysand\u00fa 10 a\u00f1os y lo ha hecho muy bien, tiene una honestidad sin tacha, firmeza y coraje\u00a8.<\/p>\n<p>\u00a8Le discutimos el poder, pero tambi\u00e9n les discutimos el modelo de sociedad\u201d<\/p>\n<p>En su oratoria, un emocionado Jorge Larra\u00f1aga comenz\u00f3 su oratoria agradeciendo a sus compa\u00f1eros. \u201cGracias compa\u00f1eros. Soy de los que piensan que la gratitud y la lealtad son referencias morales que no pueden faltar en una persona. Les agradezco\u201d. Y destac\u00f3 que \u201clos que aqu\u00ed estamos somos protagonistas de un proyecto que tiene ra\u00edces profundas. No somos ni un capricho, ni un accidente de la historia. Abrevamos de una fuente ideol\u00f3gica que viene desde el origen mismo de la Patria (\u2026) Somos un proyecto de pa\u00eds, una forma de entender el Uruguay y una forma de ser entre orientales, somos wilsonistas\u201d.<\/p>\n<p>Luego repas\u00f3 lo que ha sido su propio camino en la vida pol\u00edtica del pa\u00eds. \u201cEste proyecto pol\u00edtico no ha tenido nunca un camino f\u00e1cil. Como no ha sido f\u00e1cil el camino de los blancos. Siempre nos ha tocado la cuesta (\u2026) Salimos de Paysand\u00fa luego de 10 a\u00f1os de intendente con un pu\u00f1ado de afectos y esperanzas, con peque\u00f1os fogones encendidos (\u2026) Tenemos m\u00e1s canas, m\u00e1s arrugas\u2026hemos perdido y hemos ganado. Pero hemos luchado siempre, siempre, siempre. No hemos claudicado nunca. Ni en la lucha ni en las ideas ni en los principios. Por eso sentimos que nuestro proyecto est\u00e1 intacto. Porque ni aun perdiendo hemos sido derrotados. \u00a1Derrotados nunca, nunca, nunca\u201d.<\/p>\n<p>Larra\u00f1aga resalt\u00f3 que el proyecto wilsonista tiene la misi\u00f3n de \u201cenderezar la historia\u201d. \u201cEstamos en este Trouville que tanto simboliza para los blancos, porque tenemos una e misi\u00f3n: tenemos que enderezar la historia. El pa\u00eds precisa un cambio radical y urgente para sustituir a los que se dec\u00edan enamorados del pueblo y terminaron enamorados del poder\u201d. Y apunt\u00f3 que \u201cen 2004, despu\u00e9s de la crisis del 2002, el pueblo opt\u00f3 por el Frente Amplio. Opt\u00f3 por sus promesas. Quince a\u00f1os despu\u00e9s hemos notado que eran falsas. Faltaron a sus promesas, enga\u00f1aron y lo quieren seguir haciendo\u2026 les decimos: no pasar\u00e1n. \u00a1No pasar\u00e1n! Los uruguayos aprendimos que los caminos torcidos no son otra cosa que tiempo perdido\u201d.<\/p>\n<p>El l\u00edder del Movimiento Juntos agreg\u00f3 que \u201cel desaf\u00edo que tenemos por delante no es meramente electoral o pol\u00edtico. Es un desaf\u00edo cultural. Es el desaf\u00edo de desmontar un relato y desmontar una cultura del abuso y la desmesura que representa este Frente Amplio. Por eso el cambio debe ser fuerte. No se arregla con parches ni con gradualismos. El cambio tiene que ser radical porque radicales son los problemas del pa\u00eds\u201d.<\/p>\n<p>En otro tramo Larra\u00f1aga dijo que el proyecto frentista est\u00e1 agotado y por eso los uruguayos tienen que saber que hay uno que trae esperanzas de cambio y har\u00e1 lo necesario para mejorar la vida de todos. \u201cLos orientales tienen que saber que hay un proyecto bien distinto que desaf\u00eda y pone en cuesti\u00f3n a la actual mayor\u00eda que gobierna, pero m\u00e1s que eso: desaf\u00eda y pone en cuesti\u00f3n al entramado ideol\u00f3gico y filos\u00f3fico que la sustenta. Le discutimos el poder, pero tambi\u00e9n les tenemos que discutir el modelo de sociedad que est\u00e1 en juego\u00a8. <\/p>\n<p>\u201cNo decimos que todo est\u00e1 mal. Lo que decimos es que en lo importante, en lo vital, en eso fracasaron (\u2026) Los presidenciables del Frente Amplio prometen como candidatos para los pr\u00f3ximos cinco a\u00f1os lo que no hicieron siendo gobernantes durante quince. No se les puede creer\u00a8 afirm\u00f3.<\/p>\n<p>En un pasaje sostuvo: \u00a8tiene que quedarle claro a los orientales por qu\u00e9 tenemos que asumir el tim\u00f3n del pa\u00eds. Porque tenemos proyecto, porque tenemos firmeza, porque tenemos trayectoria, porque podemos asumir liderazgos y porque puedo expresar con toda firmeza que voy a ser presidente para todos los uruguayos\u00a8.<\/p>\n<p>Luego recalc\u00f3 la necesidad de darle contenido a la discusi\u00f3n p\u00fablica. \u201cLos candidatos tenemos la obligaci\u00f3n de decir para qu\u00e9 queremos el Gobierno. Nosotros queremos el Gobierno para restablecer la cultura del orden, de la libertad, del respeto, y la recreaci\u00f3n de una sociedad de Valores para restablecer un clima de convivencia nacional\u201d.<\/p>\n<p>Larra\u00f1aga repas\u00f3 cu\u00e1les ser\u00e1n los ejes de su gobierno y se comprometi\u00f3 con los uruguayos en que no se rendir\u00e1 para conseguirlos. \u201cNo nos rendiremos por conseguir trabajo para los uruguayos. No nos rendiremos para conseguir mejor educaci\u00f3n p\u00fablica. No nos  rendiremos en la lucha contra la inseguridad que afecta nuestro derecho de convivencia. No nos rendiremos en la lucha por lograr un pa\u00eds descentralizado.  Esos pilares sostienen nuestro sue\u00f1o de pa\u00eds y no nos rendiremos para concretarlos\u00a8.  <\/p>\n<p>Luego asumi\u00f3 compromisos en \u00e1reas claves de la vida nacional. Se comprometi\u00f3 a conducir la educaci\u00f3n p\u00fablica con criterios republicanos y agreg\u00f3 que \u201cquiero que esa madre y ese padre sepan que cuando mande a su hijo a la escuela, ese hijo va a tener clase. Que se acab\u00f3 la cultura del paro; no es una amenaza ni una bravuconada, pero sepan que en mi gobierno, s\u00e9panlo, los  gurises no se quedar\u00e1n sin clase\u201d.<\/p>\n<p>Adem\u00e1s se\u00f1al\u00f3 como \u201cprioridad absoluta\u201d la atenci\u00f3n a la primera infancia. \u201cQuiero que todos sepan que ser\u00e1 una prioridad absoluta. La mitad de ni\u00f1os del Uruguay viven en los hogares m\u00e1s pobres (\u2026) Vamos a priorizar una pol\u00edtica nacional contra la pobreza infantil. Vamos a atender educativa, sanitaria y socialmente a esos ni\u00f1os y sus familias porque no hay nada m\u00e1s preciado para una sociedad \u00e9tica, digna y justa que cuidar a sus ni\u00f1os\u201d.<\/p>\n<p>En materia laboral se comprometi\u00f3 a mantener los Consejos de Salarios y destac\u00f3 \u201cque se sepa que hay derecho a la huelga consagrado por la Constituci\u00f3n, pero que la ocupaci\u00f3n y los piquetes no son una extensi\u00f3n de la huelga. Con la Constituci\u00f3n vamos a garantizar el derecho de huelga s\u00ed, pero tambi\u00e9n el derecho al trabajo\u201d.<br \/>\nAgreg\u00f3 que el Ministerio de Trabajo dejar\u00e1 de ser \u00a8el Ministerio del PIT CNT\u00a8.<\/p>\n<p>En materia de descentralizaci\u00f3n hizo un fuerte alegato. \u201cQuiero que el interior sepa que vamos a descentralizar de verdad. Que se nazca en donde se nazca o se viva en donde se viva, trabajaremos incansablemente para asegurar el derecho a tener el mismo derecho a prosperar e igualdad de oportunidades\u00a8.<br \/>\nEn materia de seguridad agradeci\u00f3 a la militancia y a la dirigencia que apoyaron y lograron juntar m\u00e1s de 400.000 firmas para la concreci\u00f3n del Plebiscito. En este sentido record\u00f3 que le advirtieron que no lograr\u00eda el objetivo y que igual sali\u00f3 a juntar firmas. \u201cMe dec\u00edan que un sector solo no pod\u00eda juntar esas firmas. Pero sent\u00ed que m\u00e1s all\u00e1 de mi destino que poco importaba,  ten\u00eda que intentarlo (\u2026) Dec\u00edan que no se pod\u00eda juntar esas 270.000 firmas y ten\u00edan raz\u00f3n, no juntamos 270.000\u00a1juntamos m\u00e1s de 400.000! Si hubiera escuchado esas muestras de escepticismo y de no se puede, si no hubi\u00e9ramos tenido ustedes y nosotros coraje y determinaci\u00f3n hoy la Rep\u00fablica no tendr\u00eda esta herramienta democr\u00e1tica\u00a8.<\/p>\n<p>Los que no creyeron  \u00a8se tienen que bancar un plebiscito. Y van a tener que bancar una Reforma. Y van a tener que implementarla. Pero no se preocupen: \u00a1a la reforma la voy a aplicar como Presidente de todos los uruguayos!<\/p>\n<p>Larra\u00f1aga tuvo palabras para los dem\u00f3cratas y la situaci\u00f3n en Venezuela. \u201cQuiero que los que aman la Democracia, que los dem\u00f3cratas del Uruguay sepan que nosotros no tenemos amigos dictadores, que sepan que queremos una Venezuela libre y democr\u00e1tica\u201d. \u201cQue  les de verg\u00fcenza a los que defienden dictaduras. Nos parece incre\u00edble que los candidatos del FA hayan tenido pronunciamientos maquillados, tenues y ben\u00e9volos para con la dictadura de Venezuela. No hay ejemplo m\u00e1s palmario de la decrepitud de un proyecto que tener que defender una dictadura\u201d, sostuvo.<\/p>\n<p>Finalizando la oratoria, Larra\u00f1aga dijo que su proyecto es el que asegura cambiar. \u201cSomos el cambio sin miedo. Somos los blancos que gobernaremos para todos. Somos la esperanza que le gana al continuismo.\u201d.<\/p>\n<p>Adem\u00e1s, el l\u00edder de Juntos hizo un llamado a participar de la interna, ya que de la interna blanca saldr\u00e1 el candidato que deber\u00e1 darle un proyecto de pa\u00eds a los uruguayos de todos los partidos que quieren un cambio: \u201ccompa\u00f1eros.  En la interna tenemos que decidir quien ser\u00e1 el encargado principal de congregar a los uruguayos. Tendr\u00e1 que congregar a los nuestros s\u00ed, pero tambi\u00e9n a compatriotas de otros partidos, de convocar a miles de ciudadanos desencantados. De eso tendr\u00e1 que ser capaz el candidato que vaya a pelear las nacionales. No nos quedemos con la caricia al ego de unas internas que para nada servir\u00e1n si no son capaces de ponerles por delante al que les pueda quitar el gobierno de las manos. Estamos ante ustedes y ante el pa\u00eds porque creemos en este proyecto, creemos que somos nosotros. Cuando digo nosotros, digo ustedes y yo, nosotros. Que nuestro proyecto representa de mejor manera a un modelo de pa\u00eds, que nosotros, que este equipo, que ustedes y yo tenemos para darle al Uruguay una impronta nueva que nunca ha tenido. Porque nan gobernado socialistas, marxistas, batllistas, herreristas, y la visi\u00f3n que falta es la visi\u00f3n nacional wilsonista. Quedan 100 d\u00edas para eso. Y saben qu\u00e9, lo vamos a lograr\u00a8. <\/p>\n<p>\u201cEn junio se decide el balotaje, es esencial para el Partido (\u2026) Quiero decirles que ante ustedes comprometo  ser su m\u00e1s aguerrido y esforzado luchador. Yo me postulo para ser el primer servidor p\u00fablico. Les aseguro que vamos a luchar por nuestro modelo de pa\u00eds. (\u2026) Saber sufrir, saber luchar, da una ventaja, permite tener m\u00e1s fuerzas para subir la m\u00e1s empinada de las cuestas y desde la cima divisar, construir, ejecutar y desarrollar el destino nacional  (\u2026) por eso sin miedo, vamos. Larra\u00f1aga Va. Vamos a luchar y vamos a lograr lo que pocos predicen, vamos a lograr  ganar para que gane la gente\u00a8 finaliz\u00f3.<\/p>\n<div id='gallery-1' class='gallery galleryid-31683 gallery-columns-3 gallery-size-thumbnail'><figure class='gallery-item'>\n\t\t\t<div class='gallery-icon landscape'>\n\t\t\t\t<a href='https:\/\/alianzanacional.com.uy\/web\/lanzamiento-de-campana-larranaga-presidente-aqui-esta-el-proyecto-de-pais-que-garantiza-el-cambio\/unnamed-48\/'><img decoding=\"async\" width=\"150\" height=\"150\" src=\"https:\/\/alianzanacional.com.uy\/web\/wp-content\/uploads\/2019\/05\/unnamed-150x150.jpg\" class=\"attachment-thumbnail size-thumbnail\" alt=\"\" \/><\/a>\n\t\t\t<\/div><\/figure><figure class='gallery-item'>\n\t\t\t<div class='gallery-icon landscape'>\n\t\t\t\t<a href='https:\/\/alianzanacional.com.uy\/web\/lanzamiento-de-campana-larranaga-presidente-aqui-esta-el-proyecto-de-pais-que-garantiza-el-cambio\/unnamed-1-11\/'><img decoding=\"async\" width=\"150\" height=\"150\" src=\"https:\/\/alianzanacional.com.uy\/web\/wp-content\/uploads\/2019\/05\/unnamed-1-150x150.jpg\" class=\"attachment-thumbnail size-thumbnail\" alt=\"\" \/><\/a>\n\t\t\t<\/div><\/figure><figure class='gallery-item'>\n\t\t\t<div class='gallery-icon landscape'>\n\t\t\t\t<a href='https:\/\/alianzanacional.com.uy\/web\/lanzamiento-de-campana-larranaga-presidente-aqui-esta-el-proyecto-de-pais-que-garantiza-el-cambio\/unnamed-19-5\/'><img decoding=\"async\" width=\"150\" height=\"150\" src=\"https:\/\/alianzanacional.com.uy\/web\/wp-content\/uploads\/2019\/05\/unnamed-19-150x150.jpg\" class=\"attachment-thumbnail size-thumbnail\" alt=\"\" \/><\/a>\n\t\t\t<\/div><\/figure><figure class='gallery-item'>\n\t\t\t<div class='gallery-icon landscape'>\n\t\t\t\t<a href='https:\/\/alianzanacional.com.uy\/web\/lanzamiento-de-campana-larranaga-presidente-aqui-esta-el-proyecto-de-pais-que-garantiza-el-cambio\/unnamed-3-7\/'><img loading=\"lazy\" decoding=\"async\" width=\"150\" height=\"150\" src=\"https:\/\/alianzanacional.com.uy\/web\/wp-content\/uploads\/2019\/05\/unnamed-3-150x150.jpg\" class=\"attachment-thumbnail size-thumbnail\" alt=\"\" \/><\/a>\n\t\t\t<\/div><\/figure><figure class='gallery-item'>\n\t\t\t<div class='gallery-icon landscape'>\n\t\t\t\t<a href='https:\/\/alianzanacional.com.uy\/web\/lanzamiento-de-campana-larranaga-presidente-aqui-esta-el-proyecto-de-pais-que-garantiza-el-cambio\/unnamed-4-6\/'><img loading=\"lazy\" decoding=\"async\" width=\"150\" height=\"150\" src=\"https:\/\/alianzanacional.com.uy\/web\/wp-content\/uploads\/2019\/05\/unnamed-4-150x150.jpg\" class=\"attachment-thumbnail size-thumbnail\" alt=\"\" \/><\/a>\n\t\t\t<\/div><\/figure><figure class='gallery-item'>\n\t\t\t<div class='gallery-icon landscape'>\n\t\t\t\t<a href='https:\/\/alianzanacional.com.uy\/web\/lanzamiento-de-campana-larranaga-presidente-aqui-esta-el-proyecto-de-pais-que-garantiza-el-cambio\/unnamed-5-6\/'><img loading=\"lazy\" decoding=\"async\" width=\"150\" height=\"150\" src=\"https:\/\/alianzanacional.com.uy\/web\/wp-content\/uploads\/2019\/05\/unnamed-5-150x150.jpg\" class=\"attachment-thumbnail size-thumbnail\" alt=\"\" \/><\/a>\n\t\t\t<\/div><\/figure><figure class='gallery-item'>\n\t\t\t<div class='gallery-icon landscape'>\n\t\t\t\t<a href='https:\/\/alianzanacional.com.uy\/web\/lanzamiento-de-campana-larranaga-presidente-aqui-esta-el-proyecto-de-pais-que-garantiza-el-cambio\/unnamed-6-5\/'><img loading=\"lazy\" decoding=\"async\" width=\"150\" height=\"150\" src=\"https:\/\/alianzanacional.com.uy\/web\/wp-content\/uploads\/2019\/05\/unnamed-6-150x150.jpg\" class=\"attachment-thumbnail size-thumbnail\" alt=\"\" \/><\/a>\n\t\t\t<\/div><\/figure><figure class='gallery-item'>\n\t\t\t<div class='gallery-icon landscape'>\n\t\t\t\t<a href='https:\/\/alianzanacional.com.uy\/web\/lanzamiento-de-campana-larranaga-presidente-aqui-esta-el-proyecto-de-pais-que-garantiza-el-cambio\/unnamed-7-5\/'><img loading=\"lazy\" decoding=\"async\" width=\"150\" height=\"150\" src=\"https:\/\/alianzanacional.com.uy\/web\/wp-content\/uploads\/2019\/05\/unnamed-7-150x150.jpg\" class=\"attachment-thumbnail size-thumbnail\" alt=\"\" \/><\/a>\n\t\t\t<\/div><\/figure><figure class='gallery-item'>\n\t\t\t<div class='gallery-icon landscape'>\n\t\t\t\t<a href='https:\/\/alianzanacional.com.uy\/web\/lanzamiento-de-campana-larranaga-presidente-aqui-esta-el-proyecto-de-pais-que-garantiza-el-cambio\/unnamed-8-5\/'><img loading=\"lazy\" decoding=\"async\" width=\"150\" height=\"150\" src=\"https:\/\/alianzanacional.com.uy\/web\/wp-content\/uploads\/2019\/05\/unnamed-8-150x150.jpg\" class=\"attachment-thumbnail size-thumbnail\" alt=\"\" \/><\/a>\n\t\t\t<\/div><\/figure><figure class='gallery-item'>\n\t\t\t<div class='gallery-icon landscape'>\n\t\t\t\t<a href='https:\/\/alianzanacional.com.uy\/web\/lanzamiento-de-campana-larranaga-presidente-aqui-esta-el-proyecto-de-pais-que-garantiza-el-cambio\/unnamed-9-3\/'><img loading=\"lazy\" decoding=\"async\" width=\"150\" height=\"150\" src=\"https:\/\/alianzanacional.com.uy\/web\/wp-content\/uploads\/2019\/05\/unnamed-9-150x150.jpg\" class=\"attachment-thumbnail size-thumbnail\" alt=\"\" \/><\/a>\n\t\t\t<\/div><\/figure><figure class='gallery-item'>\n\t\t\t<div class='gallery-icon landscape'>\n\t\t\t\t<a href='https:\/\/alianzanacional.com.uy\/web\/lanzamiento-de-campana-larranaga-presidente-aqui-esta-el-proyecto-de-pais-que-garantiza-el-cambio\/unnamed-10-8\/'><img loading=\"lazy\" decoding=\"async\" width=\"150\" height=\"150\" src=\"https:\/\/alianzanacional.com.uy\/web\/wp-content\/uploads\/2019\/05\/unnamed-10-150x150.jpg\" class=\"attachment-thumbnail size-thumbnail\" alt=\"\" \/><\/a>\n\t\t\t<\/div><\/figure><figure class='gallery-item'>\n\t\t\t<div class='gallery-icon landscape'>\n\t\t\t\t<a href='https:\/\/alianzanacional.com.uy\/web\/lanzamiento-de-campana-larranaga-presidente-aqui-esta-el-proyecto-de-pais-que-garantiza-el-cambio\/unnamed-12-6\/'><img loading=\"lazy\" decoding=\"async\" width=\"150\" height=\"150\" src=\"https:\/\/alianzanacional.com.uy\/web\/wp-content\/uploads\/2019\/05\/unnamed-12-150x150.jpg\" class=\"attachment-thumbnail size-thumbnail\" alt=\"\" \/><\/a>\n\t\t\t<\/div><\/figure><figure class='gallery-item'>\n\t\t\t<div class='gallery-icon landscape'>\n\t\t\t\t<a href='https:\/\/alianzanacional.com.uy\/web\/lanzamiento-de-campana-larranaga-presidente-aqui-esta-el-proyecto-de-pais-que-garantiza-el-cambio\/unnamed-13-6\/'><img loading=\"lazy\" decoding=\"async\" width=\"150\" height=\"150\" src=\"https:\/\/alianzanacional.com.uy\/web\/wp-content\/uploads\/2019\/05\/unnamed-13-150x150.jpg\" class=\"attachment-thumbnail size-thumbnail\" alt=\"\" \/><\/a>\n\t\t\t<\/div><\/figure><figure class='gallery-item'>\n\t\t\t<div class='gallery-icon landscape'>\n\t\t\t\t<a href='https:\/\/alianzanacional.com.uy\/web\/lanzamiento-de-campana-larranaga-presidente-aqui-esta-el-proyecto-de-pais-que-garantiza-el-cambio\/unnamed-14-5\/'><img loading=\"lazy\" decoding=\"async\" width=\"150\" height=\"150\" src=\"https:\/\/alianzanacional.com.uy\/web\/wp-content\/uploads\/2019\/05\/unnamed-14-150x150.jpg\" class=\"attachment-thumbnail size-thumbnail\" alt=\"\" \/><\/a>\n\t\t\t<\/div><\/figure><figure class='gallery-item'>\n\t\t\t<div class='gallery-icon landscape'>\n\t\t\t\t<a href='https:\/\/alianzanacional.com.uy\/web\/lanzamiento-de-campana-larranaga-presidente-aqui-esta-el-proyecto-de-pais-que-garantiza-el-cambio\/unnamed-15-6\/'><img loading=\"lazy\" decoding=\"async\" width=\"150\" height=\"150\" src=\"https:\/\/alianzanacional.com.uy\/web\/wp-content\/uploads\/2019\/05\/unnamed-15-150x150.jpg\" class=\"attachment-thumbnail size-thumbnail\" alt=\"\" \/><\/a>\n\t\t\t<\/div><\/figure><figure class='gallery-item'>\n\t\t\t<div class='gallery-icon portrait'>\n\t\t\t\t<a href='https:\/\/alianzanacional.com.uy\/web\/lanzamiento-de-campana-larranaga-presidente-aqui-esta-el-proyecto-de-pais-que-garantiza-el-cambio\/unnamed-16-6\/'><img loading=\"lazy\" decoding=\"async\" width=\"150\" height=\"150\" src=\"https:\/\/alianzanacional.com.uy\/web\/wp-content\/uploads\/2019\/05\/unnamed-16-150x150.jpg\" class=\"attachment-thumbnail size-thumbnail\" alt=\"\" \/><\/a>\n\t\t\t<\/div><\/figure><figure class='gallery-item'>\n\t\t\t<div class='gallery-icon landscape'>\n\t\t\t\t<a href='https:\/\/alianzanacional.com.uy\/web\/lanzamiento-de-campana-larranaga-presidente-aqui-esta-el-proyecto-de-pais-que-garantiza-el-cambio\/unnamed-17-5\/'><img loading=\"lazy\" decoding=\"async\" width=\"150\" height=\"150\" src=\"https:\/\/alianzanacional.com.uy\/web\/wp-content\/uploads\/2019\/05\/unnamed-17-150x150.jpg\" class=\"attachment-thumbnail size-thumbnail\" alt=\"\" \/><\/a>\n\t\t\t<\/div><\/figure><figure class='gallery-item'>\n\t\t\t<div class='gallery-icon landscape'>\n\t\t\t\t<a href='https:\/\/alianzanacional.com.uy\/web\/lanzamiento-de-campana-larranaga-presidente-aqui-esta-el-proyecto-de-pais-que-garantiza-el-cambio\/unnamed-18-6\/'><img loading=\"lazy\" decoding=\"async\" width=\"150\" height=\"150\" src=\"https:\/\/alianzanacional.com.uy\/web\/wp-content\/uploads\/2019\/05\/unnamed-18-150x150.jpg\" class=\"attachment-thumbnail size-thumbnail\" alt=\"\" \/><\/a>\n\t\t\t<\/div><\/figure>\n\t\t<\/div>\n\n","protected":false},"excerpt":{"rendered":"<p>El l\u00edder de Alianza Nacional remarc\u00f3 que \u201cpara asegurar el cambio hay que participar en la interna votando, porque de junio sale el balotaje\u201d En un multitudinario acto que desbord\u00f3 las instalaciones del simb\u00f3lico Club Trouville, donde el wilsonismo llev\u00f3 adelante la hist\u00f3rica Convenci\u00f3n de 1984, y a 100 d\u00edas de la elecci\u00f3n interna, Jorge [&hellip;]<\/p>\n","protected":false},"author":1,"featured_media":31702,"comment_status":"open","ping_status":"open","sticky":false,"template":"","format":"standard","meta":{"footnotes":""},"categories":[16],"tags":[],"class_list":["post-31683","post","type-post","status-publish","format-standard","has-post-thumbnail","hentry","category-noticias"],"_links":{"self":[{"href":"https:\/\/alianzanacional.com.uy\/web\/wp-json\/wp\/v2\/posts\/31683","targetHints":{"allow":["GET"]}}],"collection":[{"href":"https:\/\/alianzanacional.com.uy\/web\/wp-json\/wp\/v2\/posts"}],"about":[{"href":"https:\/\/alianzanacional.com.uy\/web\/wp-json\/wp\/v2\/types\/post"}],"author":[{"embeddable":true,"href":"https:\/\/alianzanacional.com.uy\/web\/wp-json\/wp\/v2\/users\/1"}],"replies":[{"embeddable":true,"href":"https:\/\/alianzanacional.com.uy\/web\/wp-json\/wp\/v2\/comments?post=31683"}],"version-history":[{"count":1,"href":"https:\/\/alianzanacional.com.uy\/web\/wp-json\/wp\/v2\/posts\/31683\/revisions"}],"predecessor-version":[{"id":31704,"href":"https:\/\/alianzanacional.com.uy\/web\/wp-json\/wp\/v2\/posts\/31683\/revisions\/31704"}],"wp:featuredmedia":[{"embeddable":true,"href":"https:\/\/alianzanacional.com.uy\/web\/wp-json\/wp\/v2\/media\/31702"}],"wp:attachment":[{"href":"https:\/\/alianzanacional.com.uy\/web\/wp-json\/wp\/v2\/media?parent=31683"}],"wp:term":[{"taxonomy":"category","embeddable":true,"href":"https:\/\/alianzanacional.com.uy\/web\/wp-json\/wp\/v2\/categories?post=31683"},{"taxonomy":"post_tag","embeddable":true,"href":"https:\/\/alianzanacional.com.uy\/web\/wp-json\/wp\/v2\/tags?post=31683"}],"curies":[{"name":"wp","href":"https:\/\/api.w.org\/{rel}","templated":true}]}}