{"id":31705,"date":"2019-04-14T01:25:48","date_gmt":"2019-04-14T04:25:48","guid":{"rendered":"http:\/\/alianzanacional.com.uy\/web\/?p=31705"},"modified":"2019-05-06T01:26:29","modified_gmt":"2019-05-06T04:26:29","slug":"larranagava-en-montevideo-tenemos-que-vencer-el-descreimiento-generado-por-tantas-promesas-que-se-incumplen","status":"publish","type":"post","link":"https:\/\/alianzanacional.com.uy\/web\/larranagava-en-montevideo-tenemos-que-vencer-el-descreimiento-generado-por-tantas-promesas-que-se-incumplen\/","title":{"rendered":"#LARRA\u00d1AGAVA en MONTEVIDEO  \u00abTenemos que vencer el descreimiento generado por tantas promesas que se incumplen\u00bb"},"content":{"rendered":"<p><em>El precandidato nacionalista recorri\u00f3 este s\u00e1bado la ciudad de Montevideo, en el marco de una gran jornada de militancia bajo el lema \u201cLarra\u00f1aga Va\u201d<\/em><br \/>\nLarra\u00f1aga recorri\u00f3 las ferias de Villa Biarritz y de Salto y Canelones, la Criolla del Prado, el Cerro de Montevideo, donde visit\u00f3 la hist\u00f3rica Coordinadora Cerro de la lista 250 de Jorge Gandini e inaugur\u00f3 el comit\u00e9 de la lista 2004-66 de Pablo Abdala en Grecia y China, para luego trasladarse a la Rambla de Montevideo, donde se dieron cita la juventudes que acompa\u00f1an su proyecto pol\u00edtico, para finalmente trasladarse a la Uni\u00f3n.<\/p>\n<p>All\u00ed, Larra\u00f1aga agradeci\u00f3 el esfuerzo de la militancia durante la jornada \u201cGracias de todo coraz\u00f3n por todo el esfuerzo que llevan adelante, estamos en un proceso en donde queremos ser el candidato \u00fanico a la presidencia por el Partido Nacional para ser el presidente de todos los uruguayos,  porque los problemas de la gente no tienen color pol\u00edtico ni partidario, son problemas y hay que enfrentarlos y hay que resolverlos. El 30 de junio en la noche vamos a tener la decisi\u00f3n. Lo importante es cambiar y para cambiar hay que cambiar al gobierno\u201d<\/p>\n<p><strong>LO IMPORTANTE ES EL PROYECTO<\/strong><\/p>\n<p>\u201cLo que tenemos que discutir es el proyecto pol\u00edtico que determine los cambios. La gente elige gobierno cada cinco a\u00f1os no para tener un torneo de banderas, de jingles o de colores pol\u00edticos partidarios, la gente elige cada cinco a\u00f1os para procurar cambiar un gobierno que mejore las condiciones de la gente m\u00e1s humilde, que mejore el trabajo, la educaci\u00f3n, la salud, el transporte, para tener una mejor sociedad\u201d.<\/p>\n<p>\u201cHay que acu\u00f1ar una esperanza de cambio necesaria, tenemos que vencer hoy el descreimiento que se ha generado como consecuencia de tantas promesas que se incumplen, de promesas que se incumplieron de no poner m\u00e1s impuestos y pusieron m\u00e1s impuestos, las promesas de cambiar la educaci\u00f3n y no cambiaron nada la educaci\u00f3n, las promesas de bajar las rapi\u00f1as y resulta que subieron las rapi\u00f1as y tenemos una rapi\u00f1a una rapi\u00f1a cada 18 minutos y eso es una barbaridad\u201d.<\/p>\n<p><strong>VIVIR SIN MIEDO<\/strong><\/p>\n<p>\u201cEl pa\u00eds necesita recuperar la libertad, nos han dicho de que somos explotadores del miedo, no! Los uruguayos que queremos un cambio a trav\u00e9s de una reforma constitucional no estamos explotando el miedo, queremos instrumentos que nos permitan enfrentar las causas que generan el miedo hoy en la sociedad uruguaya y las causas est\u00e1n en un gobierno que debiera cuidar a la gente y no la cuida, no han logrado hacer descender una criminalidad r\u00e9cord en el pa\u00eds y lo que es peor, hoy estamos perforados por el tema de la droga que est\u00e1 generando consecuencias nefastas en nuestras familias en nuestras vidas\u201d<\/p>\n<p>\u201cQuiero ser presidente para enfrentar sin miedo a la delincuencia y no es bravuconada, es tener la firmeza de la conducci\u00f3n de un proceso que permita enfrentar este tema y que se recree una necesaria e imprescindible mano firme en todo lo que significa la aplicaci\u00f3n de la ley porque no podemos seguir teniendo uruguayos honestos que viven presos y delincuentes que viven libres en las calles. No podemos aceptar m\u00e1s eso, tenemos que tener la convicci\u00f3n de aplicar la norma jur\u00eddica, de recrear un clima de convivencia de paz de inclusi\u00f3n humana social y de recuperaci\u00f3n del respeto, el orden y la autoridad, que se han ido lamentablemente perdiendo para recuperar las mejores pol\u00edticas sociales que un pa\u00eds puede tener: trabajo y educaci\u00f3n como pilares esenciales de una sociedad que vuelva a respetarse a s\u00ed mismo, de un pa\u00eds que vuelva a respetarse a s\u00ed mismo\u201d<\/p>\n<p><strong>LA REVOLUCI\u00d3N DE LA ESPERANZA<\/strong><\/p>\n<p>\u201cEn cinco minutos decidimos la suerte del pa\u00eds por cinco a\u00f1os. El futuro est\u00e1 en las manos de la democracia, en manos de la gente. El 30 de junio se elige balotaje, se elige presidente. Dicen que no es una elecci\u00f3n obligatoria, yo les digo que es obligatorio porque una elecci\u00f3n en donde se elija los candidatos que son trascendentes para elegir el pr\u00f3ximo gobierno en octubre y noviembre debe ser obligatoria porque va a ser determinantes de si cambiamos o no cambiamos y ac\u00e1 el desaf\u00edo es cambiar: o gana el Partido Nacional y ganamos nosotros o sigue el Frente Amplio. Esa es esa es la realidad de lo que viene. Tenemos que llevar adelante esta revoluci\u00f3n de la esperanza. Hay orden de no aflojar, hay que luchar, hay que construir el porvenir.<\/p>\n<div id='gallery-1' class='gallery galleryid-31705 gallery-columns-3 gallery-size-thumbnail'><figure class='gallery-item'>\n\t\t\t<div class='gallery-icon landscape'>\n\t\t\t\t<a href='https:\/\/alianzanacional.com.uy\/web\/larranagava-en-montevideo-tenemos-que-vencer-el-descreimiento-generado-por-tantas-promesas-que-se-incumplen\/unnamed-25-3\/'><img decoding=\"async\" width=\"150\" height=\"150\" src=\"https:\/\/alianzanacional.com.uy\/web\/wp-content\/uploads\/2019\/05\/unnamed-25-150x150.jpg\" class=\"attachment-thumbnail size-thumbnail\" alt=\"\" \/><\/a>\n\t\t\t<\/div><\/figure><figure class='gallery-item'>\n\t\t\t<div class='gallery-icon landscape'>\n\t\t\t\t<a href='https:\/\/alianzanacional.com.uy\/web\/larranagava-en-montevideo-tenemos-que-vencer-el-descreimiento-generado-por-tantas-promesas-que-se-incumplen\/unnamed-24-3\/'><img decoding=\"async\" width=\"150\" height=\"150\" src=\"https:\/\/alianzanacional.com.uy\/web\/wp-content\/uploads\/2019\/05\/unnamed-24-150x150.jpg\" class=\"attachment-thumbnail size-thumbnail\" alt=\"\" \/><\/a>\n\t\t\t<\/div><\/figure><figure class='gallery-item'>\n\t\t\t<div class='gallery-icon landscape'>\n\t\t\t\t<a href='https:\/\/alianzanacional.com.uy\/web\/larranagava-en-montevideo-tenemos-que-vencer-el-descreimiento-generado-por-tantas-promesas-que-se-incumplen\/unnamed-23-3\/'><img decoding=\"async\" width=\"150\" height=\"150\" src=\"https:\/\/alianzanacional.com.uy\/web\/wp-content\/uploads\/2019\/05\/unnamed-23-150x150.jpg\" class=\"attachment-thumbnail size-thumbnail\" alt=\"\" \/><\/a>\n\t\t\t<\/div><\/figure><figure class='gallery-item'>\n\t\t\t<div class='gallery-icon landscape'>\n\t\t\t\t<a href='https:\/\/alianzanacional.com.uy\/web\/larranagava-en-montevideo-tenemos-que-vencer-el-descreimiento-generado-por-tantas-promesas-que-se-incumplen\/unnamed-22-4\/'><img loading=\"lazy\" decoding=\"async\" width=\"150\" height=\"150\" src=\"https:\/\/alianzanacional.com.uy\/web\/wp-content\/uploads\/2019\/05\/unnamed-22-150x150.jpg\" class=\"attachment-thumbnail size-thumbnail\" alt=\"\" \/><\/a>\n\t\t\t<\/div><\/figure><figure class='gallery-item'>\n\t\t\t<div class='gallery-icon landscape'>\n\t\t\t\t<a href='https:\/\/alianzanacional.com.uy\/web\/larranagava-en-montevideo-tenemos-que-vencer-el-descreimiento-generado-por-tantas-promesas-que-se-incumplen\/unnamed-21-4\/'><img loading=\"lazy\" decoding=\"async\" width=\"150\" height=\"150\" src=\"https:\/\/alianzanacional.com.uy\/web\/wp-content\/uploads\/2019\/05\/unnamed-21-150x150.jpg\" class=\"attachment-thumbnail size-thumbnail\" alt=\"\" \/><\/a>\n\t\t\t<\/div><\/figure><figure class='gallery-item'>\n\t\t\t<div class='gallery-icon landscape'>\n\t\t\t\t<a href='https:\/\/alianzanacional.com.uy\/web\/larranagava-en-montevideo-tenemos-que-vencer-el-descreimiento-generado-por-tantas-promesas-que-se-incumplen\/unnamed-20-4\/'><img loading=\"lazy\" decoding=\"async\" width=\"150\" height=\"150\" src=\"https:\/\/alianzanacional.com.uy\/web\/wp-content\/uploads\/2019\/05\/unnamed-20-150x150.jpg\" class=\"attachment-thumbnail size-thumbnail\" alt=\"\" \/><\/a>\n\t\t\t<\/div><\/figure>\n\t\t<\/div>\n\n","protected":false},"excerpt":{"rendered":"<p>El precandidato nacionalista recorri\u00f3 este s\u00e1bado la ciudad de Montevideo, en el marco de una gran jornada de militancia bajo el lema \u201cLarra\u00f1aga Va\u201d Larra\u00f1aga recorri\u00f3 las ferias de Villa Biarritz y de Salto y Canelones, la Criolla del Prado, el Cerro de Montevideo, donde visit\u00f3 la hist\u00f3rica Coordinadora Cerro de la lista 250 de [&hellip;]<\/p>\n","protected":false},"author":1,"featured_media":31711,"comment_status":"open","ping_status":"open","sticky":false,"template":"","format":"standard","meta":{"footnotes":""},"categories":[16],"tags":[],"class_list":["post-31705","post","type-post","status-publish","format-standard","has-post-thumbnail","hentry","category-noticias"],"_links":{"self":[{"href":"https:\/\/alianzanacional.com.uy\/web\/wp-json\/wp\/v2\/posts\/31705","targetHints":{"allow":["GET"]}}],"collection":[{"href":"https:\/\/alianzanacional.com.uy\/web\/wp-json\/wp\/v2\/posts"}],"about":[{"href":"https:\/\/alianzanacional.com.uy\/web\/wp-json\/wp\/v2\/types\/post"}],"author":[{"embeddable":true,"href":"https:\/\/alianzanacional.com.uy\/web\/wp-json\/wp\/v2\/users\/1"}],"replies":[{"embeddable":true,"href":"https:\/\/alianzanacional.com.uy\/web\/wp-json\/wp\/v2\/comments?post=31705"}],"version-history":[{"count":1,"href":"https:\/\/alianzanacional.com.uy\/web\/wp-json\/wp\/v2\/posts\/31705\/revisions"}],"predecessor-version":[{"id":31712,"href":"https:\/\/alianzanacional.com.uy\/web\/wp-json\/wp\/v2\/posts\/31705\/revisions\/31712"}],"wp:featuredmedia":[{"embeddable":true,"href":"https:\/\/alianzanacional.com.uy\/web\/wp-json\/wp\/v2\/media\/31711"}],"wp:attachment":[{"href":"https:\/\/alianzanacional.com.uy\/web\/wp-json\/wp\/v2\/media?parent=31705"}],"wp:term":[{"taxonomy":"category","embeddable":true,"href":"https:\/\/alianzanacional.com.uy\/web\/wp-json\/wp\/v2\/categories?post=31705"},{"taxonomy":"post_tag","embeddable":true,"href":"https:\/\/alianzanacional.com.uy\/web\/wp-json\/wp\/v2\/tags?post=31705"}],"curies":[{"name":"wp","href":"https:\/\/api.w.org\/{rel}","templated":true}]}}