{"id":31713,"date":"2019-05-05T01:26:45","date_gmt":"2019-05-05T04:26:45","guid":{"rendered":"http:\/\/alianzanacional.com.uy\/web\/?p=31713"},"modified":"2019-05-06T01:39:35","modified_gmt":"2019-05-06T04:39:35","slug":"gran-exito-de-la-movida-larranaga-va-jorge-larranaga-es-el-unico-que-puede-ganarle-al-frente-amplio","status":"publish","type":"post","link":"https:\/\/alianzanacional.com.uy\/web\/gran-exito-de-la-movida-larranaga-va-jorge-larranaga-es-el-unico-que-puede-ganarle-al-frente-amplio\/","title":{"rendered":"Gran \u00e9xito de la movida Larra\u00f1aga Va \u201cJorge Larra\u00f1aga es el \u00fanico que puede ganarle al Frente Amplio\u201d"},"content":{"rendered":"<p><em>Larra\u00f1aga realiz\u00f3 este fin de semana una intensa recorrida que lo llev\u00f3 a varios barrios de la capital donde visit\u00f3 ferias, instituciones sociales y realiz\u00f3 actos. Bajo la consigna \u201cLarra\u00f1aga Va\u201d, las cuentas de dirigentes y militantes de Alianza Nacional llenaron las redes sociales con las fotos de la militancia en distintos puntos del pa\u00eds.<\/em><\/p>\n<p>Larra\u00f1aga concentr\u00f3 su actividad en Montevideo el s\u00e1bado y en localidades de Canelones el domingo.<\/p>\n<p>Al cierre la jornada, las distintas listas que en Montevideo acompa\u00f1an a Jorge Larra\u00f1aga realizaron un acto en Benito Blanco y Avenida Brasil donde estuvieron presentes Silvia Ferreira Sienra -quien preside la Comisi\u00f3n Pro Plebiscito Vivir Sin Miedo-, el ex Ministro Juan Andr\u00e9s Ram\u00edrez, el intendente de Colonia Carlos Moreira y los diputados Pablo Abdala y Jorge Gandini.<\/p>\n<p>Los oradores hicieron hincapi\u00e9 en la trascendencia de la participaci\u00f3n en la pr\u00f3xima elecci\u00f3n interna del 30 de junio y en la necesidad que Jorge Larra\u00f1aga sea el candidato de la oposici\u00f3n que dispute el balotaje con el Frente Amplio ya que es \u201cel \u00fanico que puede ganarle al Frente Amplio\u201d.<\/p>\n<h2>Jorge Gandini: \u00a8Jorge Larra\u00f1aga tiene que ser el candidato a Presidente porque es el candidato de la reforma\u00a8<\/h2>\n<p><a href=\"https:\/\/alianzanacional.com.uy\/web\/wp-content\/uploads\/2019\/05\/unnamed-27.jpg\"><img fetchpriority=\"high\" decoding=\"async\" class=\"alignnone size-large wp-image-31729\" src=\"https:\/\/alianzanacional.com.uy\/web\/wp-content\/uploads\/2019\/05\/unnamed-27-700x340.jpg\" alt=\"\" width=\"620\" height=\"301\" srcset=\"https:\/\/alianzanacional.com.uy\/web\/wp-content\/uploads\/2019\/05\/unnamed-27-700x340.jpg 700w, https:\/\/alianzanacional.com.uy\/web\/wp-content\/uploads\/2019\/05\/unnamed-27-400x194.jpg 400w, https:\/\/alianzanacional.com.uy\/web\/wp-content\/uploads\/2019\/05\/unnamed-27-768x373.jpg 768w, https:\/\/alianzanacional.com.uy\/web\/wp-content\/uploads\/2019\/05\/unnamed-27.jpg 1600w\" sizes=\"(max-width: 620px) 100vw, 620px\" \/><\/a><\/p>\n<p>Al hacer uso de la palabra, el Diputado Jorge Gandini se\u00f1al\u00f3 que: \u201cNo tenemos el 30 de junio s\u00f3lo una elecci\u00f3n interna, el 30 de junio los uruguayos que quieren un cambio, no s\u00f3lo los blancos, m\u00e1s de la mitad del pa\u00eds que busca un cambio en este pa\u00eds, tiene que votar un candidato que le pueda ganar al Frente Amplio. Porque el primer objetivo es sacar al Frente Amplio del gobierno para que empiecen los cambios y el candidato a presidente que el Partido Nacional elija no tengan dudas que es el que tiene que competir con el Frente Amplio.<\/p>\n<p>Y el que le puede ganar al Frente Amplio, pi\u00e9nsenlo bien, el \u00fanico que le puede ganar al Frente Amplio es Jorge Larra\u00f1aga. Por eso por eso no solo los blancos tenemos que ir a votar. Hablen tambi\u00e9n con aquellos que lo que quieren es un cambio en el pa\u00eds. Hablen con aquellos que est\u00e1n buscando que el Frente Amplio deje el gobierno. Hablen y cu\u00e9ntenles que Jorge Larra\u00f1aga es el \u00fanico que le puede ganar. Esta es la primera conclusi\u00f3n para el 30 de noviembre. Pero adem\u00e1s hoy recorr\u00edamos ferias de ma\u00f1ana con Jorge y la gente lo paraba y le dec\u00eda: \u201cTrabajo y Seguridad. Yo le pido trabajo y seguridad\u201d, son las dos cosas que la gente pide y para que haya seguridad tiene que haber reforma y para que haya reforma (constitucional) Jorge (Larra\u00f1aga) tiene que ser el candidato a presidente porque es el candidato de la reforma.<\/p>\n<p>Cuando lleguemos a octubre habr\u00e1 que votar presidente pero tambi\u00e9n s\u00ed o no a la reforma constitucional. Y el candidato de la reforma, el abanderado, el que ha inspirado a la gente para juntar 405 mil firmas es Jorge Larra\u00f1aga. Y si Jorge no est\u00e1 tampoco habr\u00e1 reforma, as\u00ed que lo que quieren que en este pa\u00eds haya seguridad tienen que votar al \u00fanico que ha tirado una idea nueva para cambiar tambi\u00e9n la seguridad en este pa\u00eds. Por eso estamos trabajando cada minuto de cada hora de cada d\u00eda de cada uno de esos 55 d\u00edas que nos quedan para transformar la primera victoria en el camino hacia el cambio en este pa\u00eds. Queremos un presidente del Partido Nacional que haga que valga la pena ganar la pr\u00f3xima elecci\u00f3n\u201d.<\/p>\n<h2>Carlos Moreira: \u201cJorge Larra\u00f1aga es el \u00fanico que puede ganarle al Frente Amplio\u201c<\/h2>\n<p><a href=\"https:\/\/alianzanacional.com.uy\/web\/wp-content\/uploads\/2019\/05\/unnamed-28.jpg\"><img decoding=\"async\" class=\"alignnone size-large wp-image-31728\" src=\"https:\/\/alianzanacional.com.uy\/web\/wp-content\/uploads\/2019\/05\/unnamed-28-700x340.jpg\" alt=\"\" width=\"620\" height=\"301\" srcset=\"https:\/\/alianzanacional.com.uy\/web\/wp-content\/uploads\/2019\/05\/unnamed-28-700x340.jpg 700w, https:\/\/alianzanacional.com.uy\/web\/wp-content\/uploads\/2019\/05\/unnamed-28-400x194.jpg 400w, https:\/\/alianzanacional.com.uy\/web\/wp-content\/uploads\/2019\/05\/unnamed-28-768x373.jpg 768w, https:\/\/alianzanacional.com.uy\/web\/wp-content\/uploads\/2019\/05\/unnamed-28.jpg 1600w\" sizes=\"(max-width: 620px) 100vw, 620px\" \/><\/a><\/p>\n<p>Por su parte el intendente de Colonia y ex Senador Carlos Moreira coincidi\u00f3 en que<br \/>\n\u201cJorge Larra\u00f1aga es el \u00fanico que puede ganarle al Frente Amplio y la encuesta se va a dar el 30 de junio\u201d.<\/p>\n<p>Sostuvo adem\u00e1s que \u201cpara que vivamos en una sociedad segura y que tengamos un pa\u00eds como la gente, que tengamos un pa\u00eds sin d\u00e9ficit fiscal, que tengamos un pa\u00eds que no pierda 50.000 puestos de trabajo en cuatro a\u00f1os, un pa\u00eds en que haya inversi\u00f3n, la \u00fanica forma de hacerlo es que Jorge sea presidente. Y va a ser y va a ser, depende de nosotros, porque miren que depende de nosotros, no depende s\u00f3lo de Jorge Larra\u00f1aga, depende del esfuerzo que tengamos nosotros porque esta elecci\u00f3n interna de voto voluntario no obligatorio va a requerir que estemos nosotros todos los d\u00edas hablando con los amigos, con los vecinos, con los parientes, es decir vamos a votar el 30 de junio y vamos a votar por el candidato que va a cambiar la historia del pa\u00eds y hay que cambiar la historia del pa\u00eds. Yo tengo unos cuantos a\u00f1os encima he vivido en un pa\u00eds mejor y ahora tengo la absoluta y firme esperanza de que tengamos el Uruguay que todos anhelamos para las generaciones que vendr\u00e1n, para nosotros y para las generaciones que vendr\u00e1n. Y ac\u00e1 tenemos el protagonista, ac\u00e1 tenemos el actor, ac\u00e1 el art\u00edfice de ese pa\u00eds que todos so\u00f1amos, as\u00ed que multipliquemos el esfuerzo, nosotros lo vamos a hacer, nosotros en Colonia por supuesto que lo vamos a hacer, y bueno yo los voy a acompa\u00f1ar en todo el pa\u00eds haciendo lo que podamos para lograr que la gente vote.<br \/>\nMiren, la \u00fanica opci\u00f3n posible de un gobierno para el futuro de un mejor Uruguay es Jorge Larra\u00f1aga\u201d concluy\u00f3.<\/p>\n<h2>Pablo Abdala: \u201cJorge Larra\u00f1aga es el que est\u00e1 en condiciones de ganar porque va a cautivar el voto de los blancos pero va a cautivar el voto de los que no son blancos y quieren cambiar\u201d<\/h2>\n<p><a href=\"https:\/\/alianzanacional.com.uy\/web\/wp-content\/uploads\/2019\/05\/unnamed-29.jpg\"><img decoding=\"async\" class=\"alignnone size-large wp-image-31727\" src=\"https:\/\/alianzanacional.com.uy\/web\/wp-content\/uploads\/2019\/05\/unnamed-29-700x340.jpg\" alt=\"\" width=\"620\" height=\"301\" srcset=\"https:\/\/alianzanacional.com.uy\/web\/wp-content\/uploads\/2019\/05\/unnamed-29-700x340.jpg 700w, https:\/\/alianzanacional.com.uy\/web\/wp-content\/uploads\/2019\/05\/unnamed-29-400x194.jpg 400w, https:\/\/alianzanacional.com.uy\/web\/wp-content\/uploads\/2019\/05\/unnamed-29-768x373.jpg 768w, https:\/\/alianzanacional.com.uy\/web\/wp-content\/uploads\/2019\/05\/unnamed-29.jpg 1600w\" sizes=\"(max-width: 620px) 100vw, 620px\" \/><\/a><\/p>\n<p>El Diputado Pablo Abdala apunt\u00f3 que \u201cpara ganar tenemos que ganar la interna, porque tenemos que tener un candidato a la Presidencia de la Rep\u00fablica que est\u00e9 en condiciones de ganar el gobierno nacional y ese es Jorge Larra\u00f1aga sin ninguna duda. Porque Jorge Larra\u00f1aga tiene las condiciones personales, pol\u00edticas, morales, humanas, que lo hacen el candidato necesario en esta particular oportunidad para solucionar todos estos graves problemas que el pa\u00eds tiene. Tendr\u00e1 que instaurarse el 1\u00ba de marzo un gobierno que sea debidamente conducido, debidamente liderado. Necesitamos por lo tanto un candidato que le ofrezca ya no a los blancos, al pa\u00eds, la capacidad de liderar al Uruguay, un liderazgo que tenga la firmeza necesaria de saber hacia d\u00f3nde ir. Y ese sin duda es Jorge Larra\u00f1aga. Pero para ganar el gobierno, porque los puentes se cruzan de a uno, tenemos que tener un candidato del Partido Nacional que est\u00e9 en condiciones de ganar. Es de sentido com\u00fan. Tenemos que ser inteligentes a la hora de hacer las opciones electorales y la m\u00e1s importante que tenemos que hacer es la del pr\u00f3ximo 30 de junio y Jorge por todo lo que dije antes, por esas condiciones personales pol\u00edticas y morales que engalanan su personalidad y que son reconocidas no s\u00f3lo por los blancos sino por los que no son blancos, por los propios y los ajenos, es el que est\u00e1 en condiciones de ganar porque va a cautivar el voto de los blancos pero va a cautivar el voto de los que no son blancos y quieren cambiar y saben que para cambiar hay que venir a votar al Partido Nacional\u201d.<\/p>\n<h2>Jorge Larra\u00f1aga: \u201cque tengan la fortaleza de las razones para discutir nada m\u00e1s ni nada menos que sobre la seguridad que tenemos y la seguridad que queremos\u201d<\/h2>\n<p>Jorge Larra\u00f1aga, al finalizar el acto y al hacer uso de la palabra, defendi\u00f3 el proyecto de reforma constitucional e invit\u00f3 a los candidatos del oficialismo Daniel Mart\u00ednez y Carolina Cosse a debatir sobre seguridad: \u201csi quieren debatir vamos a debatir por la seguridad de los uruguayos. Ya que tienen tantas razones para negar, para descalificar la voluntad de m\u00e1s de 400.000 uruguayos que firmaron, que tengan la fortaleza de las razones para discutir nada m\u00e1s ni nada menos que sobre la seguridad que tenemos y la seguridad que queremos\u201d.<\/p>\n<p><a href=\"https:\/\/alianzanacional.com.uy\/web\/wp-content\/uploads\/2019\/05\/unnamed-30.jpg\"><img loading=\"lazy\" decoding=\"async\" class=\"alignnone size-large wp-image-31726\" src=\"https:\/\/alianzanacional.com.uy\/web\/wp-content\/uploads\/2019\/05\/unnamed-30-700x340.jpg\" alt=\"\" width=\"620\" height=\"301\" srcset=\"https:\/\/alianzanacional.com.uy\/web\/wp-content\/uploads\/2019\/05\/unnamed-30-700x340.jpg 700w, https:\/\/alianzanacional.com.uy\/web\/wp-content\/uploads\/2019\/05\/unnamed-30-400x194.jpg 400w, https:\/\/alianzanacional.com.uy\/web\/wp-content\/uploads\/2019\/05\/unnamed-30-768x373.jpg 768w, https:\/\/alianzanacional.com.uy\/web\/wp-content\/uploads\/2019\/05\/unnamed-30.jpg 1600w\" sizes=\"(max-width: 620px) 100vw, 620px\" \/><\/a><\/p>\n<div id='gallery-1' class='gallery galleryid-31713 gallery-columns-3 gallery-size-thumbnail'><figure class='gallery-item'>\n\t\t\t<div class='gallery-icon landscape'>\n\t\t\t\t<a href='https:\/\/alianzanacional.com.uy\/web\/gran-exito-de-la-movida-larranaga-va-jorge-larranaga-es-el-unico-que-puede-ganarle-al-frente-amplio\/unnamed-26-3\/'><img loading=\"lazy\" decoding=\"async\" width=\"150\" height=\"150\" src=\"https:\/\/alianzanacional.com.uy\/web\/wp-content\/uploads\/2019\/05\/unnamed-26-150x150.jpg\" class=\"attachment-thumbnail size-thumbnail\" alt=\"\" \/><\/a>\n\t\t\t<\/div><\/figure><figure class='gallery-item'>\n\t\t\t<div class='gallery-icon landscape'>\n\t\t\t\t<a href='https:\/\/alianzanacional.com.uy\/web\/gran-exito-de-la-movida-larranaga-va-jorge-larranaga-es-el-unico-que-puede-ganarle-al-frente-amplio\/9f8993b3-ea54-4f8f-a143-109bbb8318c7\/'><img loading=\"lazy\" decoding=\"async\" width=\"150\" height=\"150\" src=\"https:\/\/alianzanacional.com.uy\/web\/wp-content\/uploads\/2019\/05\/9f8993b3-ea54-4f8f-a143-109bbb8318c7-150x150.jpg\" class=\"attachment-thumbnail size-thumbnail\" alt=\"\" \/><\/a>\n\t\t\t<\/div><\/figure><figure class='gallery-item'>\n\t\t\t<div class='gallery-icon landscape'>\n\t\t\t\t<a href='https:\/\/alianzanacional.com.uy\/web\/gran-exito-de-la-movida-larranaga-va-jorge-larranaga-es-el-unico-que-puede-ganarle-al-frente-amplio\/unnamed-32-2\/'><img loading=\"lazy\" decoding=\"async\" width=\"150\" height=\"150\" src=\"https:\/\/alianzanacional.com.uy\/web\/wp-content\/uploads\/2019\/05\/unnamed-32-150x150.jpg\" class=\"attachment-thumbnail size-thumbnail\" alt=\"\" \/><\/a>\n\t\t\t<\/div><\/figure><figure class='gallery-item'>\n\t\t\t<div class='gallery-icon landscape'>\n\t\t\t\t<a href='https:\/\/alianzanacional.com.uy\/web\/gran-exito-de-la-movida-larranaga-va-jorge-larranaga-es-el-unico-que-puede-ganarle-al-frente-amplio\/c8adb5f1-a7c5-46f8-b4b8-5aadc2fca372\/'><img loading=\"lazy\" decoding=\"async\" width=\"150\" height=\"150\" src=\"https:\/\/alianzanacional.com.uy\/web\/wp-content\/uploads\/2019\/05\/c8adb5f1-a7c5-46f8-b4b8-5aadc2fca372-150x150.jpg\" class=\"attachment-thumbnail size-thumbnail\" alt=\"\" \/><\/a>\n\t\t\t<\/div><\/figure><figure class='gallery-item'>\n\t\t\t<div class='gallery-icon landscape'>\n\t\t\t\t<a href='https:\/\/alianzanacional.com.uy\/web\/gran-exito-de-la-movida-larranaga-va-jorge-larranaga-es-el-unico-que-puede-ganarle-al-frente-amplio\/unnamed-44-2\/'><img loading=\"lazy\" decoding=\"async\" width=\"150\" height=\"150\" src=\"https:\/\/alianzanacional.com.uy\/web\/wp-content\/uploads\/2019\/05\/unnamed-44-150x150.jpg\" class=\"attachment-thumbnail size-thumbnail\" alt=\"\" \/><\/a>\n\t\t\t<\/div><\/figure><figure class='gallery-item'>\n\t\t\t<div class='gallery-icon landscape'>\n\t\t\t\t<a href='https:\/\/alianzanacional.com.uy\/web\/gran-exito-de-la-movida-larranaga-va-jorge-larranaga-es-el-unico-que-puede-ganarle-al-frente-amplio\/unnamed-35-2\/'><img loading=\"lazy\" decoding=\"async\" width=\"150\" height=\"150\" src=\"https:\/\/alianzanacional.com.uy\/web\/wp-content\/uploads\/2019\/05\/unnamed-35-150x150.jpg\" class=\"attachment-thumbnail size-thumbnail\" alt=\"\" \/><\/a>\n\t\t\t<\/div><\/figure><figure class='gallery-item'>\n\t\t\t<div class='gallery-icon landscape'>\n\t\t\t\t<a href='https:\/\/alianzanacional.com.uy\/web\/gran-exito-de-la-movida-larranaga-va-jorge-larranaga-es-el-unico-que-puede-ganarle-al-frente-amplio\/unnamed-34-2\/'><img loading=\"lazy\" decoding=\"async\" width=\"150\" height=\"150\" src=\"https:\/\/alianzanacional.com.uy\/web\/wp-content\/uploads\/2019\/05\/unnamed-34-150x150.jpg\" class=\"attachment-thumbnail size-thumbnail\" alt=\"\" \/><\/a>\n\t\t\t<\/div><\/figure><figure class='gallery-item'>\n\t\t\t<div class='gallery-icon landscape'>\n\t\t\t\t<a href='https:\/\/alianzanacional.com.uy\/web\/gran-exito-de-la-movida-larranaga-va-jorge-larranaga-es-el-unico-que-puede-ganarle-al-frente-amplio\/unnamed-43-2\/'><img loading=\"lazy\" decoding=\"async\" width=\"150\" height=\"150\" src=\"https:\/\/alianzanacional.com.uy\/web\/wp-content\/uploads\/2019\/05\/unnamed-43-150x150.jpg\" class=\"attachment-thumbnail size-thumbnail\" alt=\"\" \/><\/a>\n\t\t\t<\/div><\/figure><figure class='gallery-item'>\n\t\t\t<div class='gallery-icon landscape'>\n\t\t\t\t<a href='https:\/\/alianzanacional.com.uy\/web\/gran-exito-de-la-movida-larranaga-va-jorge-larranaga-es-el-unico-que-puede-ganarle-al-frente-amplio\/unnamed-36-2\/'><img loading=\"lazy\" decoding=\"async\" width=\"150\" height=\"150\" src=\"https:\/\/alianzanacional.com.uy\/web\/wp-content\/uploads\/2019\/05\/unnamed-36-150x150.jpg\" class=\"attachment-thumbnail size-thumbnail\" alt=\"\" \/><\/a>\n\t\t\t<\/div><\/figure><figure class='gallery-item'>\n\t\t\t<div class='gallery-icon landscape'>\n\t\t\t\t<a href='https:\/\/alianzanacional.com.uy\/web\/gran-exito-de-la-movida-larranaga-va-jorge-larranaga-es-el-unico-que-puede-ganarle-al-frente-amplio\/unnamed-31-2\/'><img loading=\"lazy\" decoding=\"async\" width=\"150\" height=\"150\" src=\"https:\/\/alianzanacional.com.uy\/web\/wp-content\/uploads\/2019\/05\/unnamed-31-150x150.jpg\" class=\"attachment-thumbnail size-thumbnail\" alt=\"\" \/><\/a>\n\t\t\t<\/div><\/figure><figure class='gallery-item'>\n\t\t\t<div class='gallery-icon landscape'>\n\t\t\t\t<a href='https:\/\/alianzanacional.com.uy\/web\/gran-exito-de-la-movida-larranaga-va-jorge-larranaga-es-el-unico-que-puede-ganarle-al-frente-amplio\/unnamed-33-2\/'><img loading=\"lazy\" decoding=\"async\" width=\"150\" height=\"150\" src=\"https:\/\/alianzanacional.com.uy\/web\/wp-content\/uploads\/2019\/05\/unnamed-33-150x150.jpg\" class=\"attachment-thumbnail size-thumbnail\" alt=\"\" \/><\/a>\n\t\t\t<\/div><\/figure><figure class='gallery-item'>\n\t\t\t<div class='gallery-icon landscape'>\n\t\t\t\t<a href='https:\/\/alianzanacional.com.uy\/web\/gran-exito-de-la-movida-larranaga-va-jorge-larranaga-es-el-unico-que-puede-ganarle-al-frente-amplio\/unnamed-38-2\/'><img loading=\"lazy\" decoding=\"async\" width=\"150\" height=\"150\" src=\"https:\/\/alianzanacional.com.uy\/web\/wp-content\/uploads\/2019\/05\/unnamed-38-150x150.jpg\" class=\"attachment-thumbnail size-thumbnail\" alt=\"\" \/><\/a>\n\t\t\t<\/div><\/figure><figure class='gallery-item'>\n\t\t\t<div class='gallery-icon landscape'>\n\t\t\t\t<a href='https:\/\/alianzanacional.com.uy\/web\/gran-exito-de-la-movida-larranaga-va-jorge-larranaga-es-el-unico-que-puede-ganarle-al-frente-amplio\/unnamed-41-2\/'><img loading=\"lazy\" decoding=\"async\" width=\"150\" height=\"150\" src=\"https:\/\/alianzanacional.com.uy\/web\/wp-content\/uploads\/2019\/05\/unnamed-41-150x150.jpg\" class=\"attachment-thumbnail size-thumbnail\" alt=\"\" \/><\/a>\n\t\t\t<\/div><\/figure><figure class='gallery-item'>\n\t\t\t<div class='gallery-icon landscape'>\n\t\t\t\t<a href='https:\/\/alianzanacional.com.uy\/web\/gran-exito-de-la-movida-larranaga-va-jorge-larranaga-es-el-unico-que-puede-ganarle-al-frente-amplio\/unnamed-39-2\/'><img loading=\"lazy\" decoding=\"async\" width=\"150\" height=\"150\" src=\"https:\/\/alianzanacional.com.uy\/web\/wp-content\/uploads\/2019\/05\/unnamed-39-150x150.jpg\" class=\"attachment-thumbnail size-thumbnail\" alt=\"\" \/><\/a>\n\t\t\t<\/div><\/figure><figure class='gallery-item'>\n\t\t\t<div class='gallery-icon landscape'>\n\t\t\t\t<a href='https:\/\/alianzanacional.com.uy\/web\/gran-exito-de-la-movida-larranaga-va-jorge-larranaga-es-el-unico-que-puede-ganarle-al-frente-amplio\/unnamed-40-2\/'><img loading=\"lazy\" decoding=\"async\" width=\"150\" height=\"150\" src=\"https:\/\/alianzanacional.com.uy\/web\/wp-content\/uploads\/2019\/05\/unnamed-40-150x150.jpg\" class=\"attachment-thumbnail size-thumbnail\" alt=\"\" \/><\/a>\n\t\t\t<\/div><\/figure><figure class='gallery-item'>\n\t\t\t<div class='gallery-icon landscape'>\n\t\t\t\t<a href='https:\/\/alianzanacional.com.uy\/web\/gran-exito-de-la-movida-larranaga-va-jorge-larranaga-es-el-unico-que-puede-ganarle-al-frente-amplio\/unnamed-37-2\/'><img loading=\"lazy\" decoding=\"async\" width=\"150\" height=\"150\" src=\"https:\/\/alianzanacional.com.uy\/web\/wp-content\/uploads\/2019\/05\/unnamed-37-150x150.jpg\" class=\"attachment-thumbnail size-thumbnail\" alt=\"\" \/><\/a>\n\t\t\t<\/div><\/figure><figure class='gallery-item'>\n\t\t\t<div class='gallery-icon landscape'>\n\t\t\t\t<a href='https:\/\/alianzanacional.com.uy\/web\/gran-exito-de-la-movida-larranaga-va-jorge-larranaga-es-el-unico-que-puede-ganarle-al-frente-amplio\/unnamed-42-2\/'><img loading=\"lazy\" decoding=\"async\" width=\"150\" height=\"150\" src=\"https:\/\/alianzanacional.com.uy\/web\/wp-content\/uploads\/2019\/05\/unnamed-42-150x150.jpg\" class=\"attachment-thumbnail size-thumbnail\" alt=\"\" \/><\/a>\n\t\t\t<\/div><\/figure>\n\t\t<\/div>\n\n","protected":false},"excerpt":{"rendered":"<p>Larra\u00f1aga realiz\u00f3 este fin de semana una intensa recorrida que lo llev\u00f3 a varios barrios de la capital donde visit\u00f3 ferias, instituciones sociales y realiz\u00f3 actos. Bajo la consigna \u201cLarra\u00f1aga Va\u201d, las cuentas de dirigentes y militantes de Alianza Nacional llenaron las redes sociales con las fotos de la militancia en distintos puntos del pa\u00eds. [&hellip;]<\/p>\n","protected":false},"author":1,"featured_media":31730,"comment_status":"open","ping_status":"open","sticky":false,"template":"","format":"standard","meta":{"footnotes":""},"categories":[16],"tags":[],"class_list":["post-31713","post","type-post","status-publish","format-standard","has-post-thumbnail","hentry","category-noticias"],"_links":{"self":[{"href":"https:\/\/alianzanacional.com.uy\/web\/wp-json\/wp\/v2\/posts\/31713","targetHints":{"allow":["GET"]}}],"collection":[{"href":"https:\/\/alianzanacional.com.uy\/web\/wp-json\/wp\/v2\/posts"}],"about":[{"href":"https:\/\/alianzanacional.com.uy\/web\/wp-json\/wp\/v2\/types\/post"}],"author":[{"embeddable":true,"href":"https:\/\/alianzanacional.com.uy\/web\/wp-json\/wp\/v2\/users\/1"}],"replies":[{"embeddable":true,"href":"https:\/\/alianzanacional.com.uy\/web\/wp-json\/wp\/v2\/comments?post=31713"}],"version-history":[{"count":1,"href":"https:\/\/alianzanacional.com.uy\/web\/wp-json\/wp\/v2\/posts\/31713\/revisions"}],"predecessor-version":[{"id":31735,"href":"https:\/\/alianzanacional.com.uy\/web\/wp-json\/wp\/v2\/posts\/31713\/revisions\/31735"}],"wp:featuredmedia":[{"embeddable":true,"href":"https:\/\/alianzanacional.com.uy\/web\/wp-json\/wp\/v2\/media\/31730"}],"wp:attachment":[{"href":"https:\/\/alianzanacional.com.uy\/web\/wp-json\/wp\/v2\/media?parent=31713"}],"wp:term":[{"taxonomy":"category","embeddable":true,"href":"https:\/\/alianzanacional.com.uy\/web\/wp-json\/wp\/v2\/categories?post=31713"},{"taxonomy":"post_tag","embeddable":true,"href":"https:\/\/alianzanacional.com.uy\/web\/wp-json\/wp\/v2\/tags?post=31713"}],"curies":[{"name":"wp","href":"https:\/\/api.w.org\/{rel}","templated":true}]}}