{"id":31759,"date":"2019-05-16T10:31:01","date_gmt":"2019-05-16T13:31:01","guid":{"rendered":"http:\/\/alianzanacional.com.uy\/web\/?p=31759"},"modified":"2019-05-16T10:31:01","modified_gmt":"2019-05-16T13:31:01","slug":"la-campana-todavia-no-empezo-se-define-en-los-ultimos-dias-y-voy-a-ganar","status":"publish","type":"post","link":"https:\/\/alianzanacional.com.uy\/web\/la-campana-todavia-no-empezo-se-define-en-los-ultimos-dias-y-voy-a-ganar\/","title":{"rendered":"La campa\u00f1a todav\u00eda \u201cno empez\u00f3\u201d, \u201cse define\u201d en los \u00faltimos d\u00edas y \u201cvoy a ganar\u201d"},"content":{"rendered":"<p><a href=\"https:\/\/alianzanacional.com.uy\/web\/wp-content\/uploads\/2019\/05\/in_larraniaga_nda_9445-1.jpg\"><img fetchpriority=\"high\" decoding=\"async\" src=\"https:\/\/alianzanacional.com.uy\/web\/wp-content\/uploads\/2019\/05\/in_larraniaga_nda_9445-1-700x466.jpg\" alt=\"\" width=\"620\" height=\"413\" class=\"alignnone size-large wp-image-31760\" srcset=\"https:\/\/alianzanacional.com.uy\/web\/wp-content\/uploads\/2019\/05\/in_larraniaga_nda_9445-1-700x466.jpg 700w, https:\/\/alianzanacional.com.uy\/web\/wp-content\/uploads\/2019\/05\/in_larraniaga_nda_9445-1-400x266.jpg 400w, https:\/\/alianzanacional.com.uy\/web\/wp-content\/uploads\/2019\/05\/in_larraniaga_nda_9445-1-768x512.jpg 768w, https:\/\/alianzanacional.com.uy\/web\/wp-content\/uploads\/2019\/05\/in_larraniaga_nda_9445-1.jpg 1300w\" sizes=\"(max-width: 620px) 100vw, 620px\" \/><\/a><\/p>\n<p><em>Jorge Larra\u00f1aga anunciar\u00e1 una propuesta por d\u00eda en el tramo final de la carrera y pide bajar las peleas entre dirigentes del Partido Nacional porque la poblaci\u00f3n va a pensar que no pueden gobernar<\/em><\/p>\n<p>Jorge Larra\u00f1aga respira hondo, aparatosamente profundo, pone su mejor cara de control mental, agarra unas bolas chinas de esas que se usan para manejar el estr\u00e9s y responde sobre un tema inc\u00f3modo: las encuestas y el fen\u00f3meno Juan Sartori. Para hacerlo, apela a su propia historia de resiliencia. A su costado combativo. A su fama de luchador. \u201cGuarda con los combatientes\u201d, avisa. Dice que siempre que estuvo en el piso, se levant\u00f3. Que si se hubiera guiado por las encuestas no habr\u00eda encarado en soledad una recolecci\u00f3n de firmas para reformar la Constituci\u00f3n e introducir cambios en seguridad. Y sin embargo en su respuesta tambi\u00e9n trata de quitarle relevancia a lo que dicen los n\u00fameros que miden la opini\u00f3n p\u00fablica y a Sartori, que ya pas\u00f3 de ser una sombra amenazante para ser una realidad que inquieta. Para Larra\u00f1aga, la encuesta es la gente que \u201ccada vez se hace m\u00e1s presente\u201d en sus actos pol\u00edticos y que reci\u00e9n est\u00e1 entrando en clima de campa\u00f1a. Est\u00e1 \u201cconvencido\u201d de que todo se va a definir en las \u00faltimos 20 d\u00edas o en la \u00faltima semana. Y por eso promete que en el tramo final har\u00e1 una propuesta en cada jornada. \u201cNos vemos el 30 de junio y el 30 de junio, vamos a ver qu\u00e9 dicen las urnas\u201d, desaf\u00eda.<\/p>\n<p>Lo que sigue es un resumen de la entrevista con B\u00fasqueda.<\/p>\n<p><em>\u2014Hace unos d\u00edas alcanz\u00f3 las firmas necesarias para impulsar un plebiscito por la seguridad, algo que se transform\u00f3 en un caballito de batalla suyo y tambi\u00e9n una forma de estar en la agenda. \u00bfQu\u00e9 reflexi\u00f3n puede hacer ahora con esa parte de la misi\u00f3n cumplida?<\/em><\/p>\n<p>\u2014Creo que se trata de un gran \u00e9xito democr\u00e1tico. Hay plebiscito, y lo hay por el trabajo enorme de un grupo de mujeres y de hombres que sectorialmente y en soledad empujamos un proyecto pol\u00edtico. Nos sentimos enormemente orgullosos porque logramos instalar el tema en la agenda. No lo va a sacar nadie de ah\u00ed. Y va a obligar a discutir hasta el \u00faltimo domingo de octubre sobre seguridad.<\/p>\n<p><em>\u2014Ahora esto lo tiene que defender, porque una cosa es alcanzar las firmas y otra es que la gente lo acompa\u00f1e en un plebiscito para reformar la Constituci\u00f3n.<\/em><\/p>\n<p>\u2014Somos el candidato de la reforma. Somos el precandidato blanco que asegura que la reforma salga. Y esto lo han dicho muchos compa\u00f1eros y lo dice la l\u00f3gica de los hechos. Por eso nos parece que el 30 de junio se elige candidato a la presidencia, pero detr\u00e1s de esa candidatura al que defienda la reforma constitucional. En cualquier escenario la vamos a defender, pero desde la condici\u00f3n de candidato \u00fanico a la presidencia va a ser todo mucho m\u00e1s fuerte.<\/p>\n<p><em>\u2014\u00bfNo le parece que qued\u00f3 demasiado atado a la seguridad y cuesta verlo en otros temas? Todav\u00eda no ha presentado un programa de gobierno, \u00bfcu\u00e1les son sus otras prioridades?<\/em><\/p>\n<p>\u2014Pero fuimos el primero en presentar un programa.<\/p>\n<p><em>\u2014\u00bfCu\u00e1ndo?<\/em><\/p>\n<p>\u2014Hace m\u00e1s de un a\u00f1o presentamos la Agenda para el Progreso, que es un documento program\u00e1tico que lo enviamos al Directorio del Partido Nacional, que le hizo algunas correcciones y se la envi\u00f3 a todos los partidos de la oposici\u00f3n. Hemos presentado documentos sobre un pacto nacional sobre empleo, basado en la productividad y en la no aportaci\u00f3n tributaria. Hemos presentado un estupendo documento sobre la educaci\u00f3n, elaborado por el doctor Guillermo Fosatti. Vamos a presentar una propuesta sobre la corrupci\u00f3n, hecha por Juan Andr\u00e9s Ram\u00edrez Turell y Carlos Delpiazzo. Es un documento referido a la reforma del Estado y orientado a combatir la corrupci\u00f3n y el despilfarro. Somos los \u00fanicos que venimos hablando de la descentralizaci\u00f3n, de las agencias de desarrollo regional, del fondo de descentralizaci\u00f3n, del cual ha hecho uso y abuso publicitario el gobierno de una manera totalmente equivocada. Es decir, hemos tocado y venimos tocando todos los temas del pa\u00eds. Fuimos los primeros que hablamos de un acuerdo nacional de la oposici\u00f3n sobre los principales temas del pa\u00eds. \u00a1Tengo programa desde 2004! Si vas a revisar el programa del 2004, fue en buena medida recogido en el 2009 y en el 2014.<\/p>\n<p><em>\u2014\u00bfY sigue vigente?<\/em><\/p>\n<p>\u2014Sigue vigente m\u00e1s all\u00e1 de los problemas que tenemos. Hemos hablado de la regla fiscal y de la pol\u00edtica de sostenibilidad financiera y econ\u00f3mica para llevar adelante un abatimiento del d\u00e9ficit fiscal del 4,5%. Es decir, venimos acompa\u00f1ados de proyectos, de ideas. Vamos a entrar en el \u00faltimo tramo de la campa\u00f1a con una iniciativa por d\u00eda. \u00a1Una iniciativa por d\u00eda! Vamos a estar tirando, los \u00faltimos 40 d\u00edas, una iniciativa por d\u00eda a la opini\u00f3n p\u00fablica, documentada, detallada, como lo hemos hecho siempre, responsablemente. Estamos con mucha fortaleza.<\/p>\n<p><em>\u2014Durante su lanzamiento de campa\u00f1a en Trouville, se insisti\u00f3 en la idea de que el wilsonismo tiene que ganar para que despu\u00e9s gane el Partido Nacional.<\/em><\/p>\n<p>\u2014Con todo respeto por todos, quien asegura el triunfo del Partido Nacional es el wilsonismo.<\/p>\n<p><em>\u2014\u00bfPor qu\u00e9?<\/em><\/p>\n<p>\u2014Porque es una visi\u00f3n m\u00e1s integradora, descentralizadora. Porque es una visi\u00f3n que pone el acento en el desarrollo productivo. Y porque tiene una mayor coraza contra ese ataque divisorio que hace el Frente Amplio de los distintos proyectos pol\u00edticos. La rebeld\u00eda blanca, el voto por Wilson, es un proyecto que no va a tener contraindicaciones para la segunda vuelta electoral. Porque es un proyecto de igualdad de oportunidades por excelencia. Y nosotros buscamos ese objetivo: corregir las inequidades. El pa\u00eds necesita un cambio fuerte en educaci\u00f3n, en seguridad, en seguridad social. Es absolutamente imperioso que el pa\u00eds tenga un blindaje pol\u00edtico en la educaci\u00f3n para preservarla de los pujos corporativos.<\/p>\n<p><em>\u2014Siempre se habla de un blindaje pol\u00edtico en la educaci\u00f3n, pero siempre termina naufragando en la idea.<\/em><\/p>\n<p>\u2014Naufraga porque no hemos ganado. El problema a mi juicio es de una claridad enorme: \u00bfse les puede creer a los candidatos del Frente Amplio que habiendo tenido 15 a\u00f1os para ejecutar proyectos no lo hicieron? \u00bfPueden levantar promesas sobre educaci\u00f3n, seguridad, trabajo? Otra pregunta: \u00bfcon qui\u00e9nes va a formar mayor\u00eda parlamentaria el Frente Amplio? Porque si esa pregunta es v\u00e1lida para el Partido Nacional, mucho m\u00e1s v\u00e1lida y dif\u00edcil de contestar es para el Frente Amplio. No pueden gobernar sin mayor\u00edas. \u00bfC\u00f3mo tira un puente? \u00bfC\u00f3mo sale ahora Daniel Mart\u00ednez a hablar de un nuevo impulso? El impulso que tendr\u00edan que tomar es para irse. Dilapidaron la bonanza, administraron mal las empresas p\u00fablicas. Tuvo que renunciar un vicepresidente de la Rep\u00fablica, que fue procesado. Prometieron cambiar el ADN de la educaci\u00f3n y no hicieron nada. Prometieron menos impuestos y pusieron m\u00e1s. Prometieron bajar las rapi\u00f1as y subieron.<\/p>\n<p><em>\u2014\u00bfHay algo que haya hecho bien el gobierno?<\/em><\/p>\n<p>\u2014Seguramente que s\u00ed. Est\u00e1 aquel inicio del Plan Ceibal, aquel tema de la descentralizaci\u00f3n universitaria. Pero hay materias en la que saca deficiente: en seguridad y en educaci\u00f3n. Y son vitales para decir que el Frente fracas\u00f3.<\/p>\n<p><em>\u2014\u00bfCree que la interna ser\u00eda otra si la votaci\u00f3n fuera obligatoria?<\/em><\/p>\n<p>\u2014Lo digo desde el 2004. Es un enorme error el haber hecho una interna no obligatoria. Si un ciudadano no puede disponer de cinco minutos cada cinco a\u00f1os\u2026, bueno, no vale quejarse. Es un fallo garrafal. Porque eso hubiera determinado un involucramiento de la gente en la pol\u00edtica.<\/p>\n<p><em>\u2014\u00bfQu\u00e9 flancos quedan abiertos si no es obligatoria la elecci\u00f3n interna?<\/em><\/p>\n<p>\u2014Hay especulaciones de todo tipo en cuanto a lo que pueda ser la participaci\u00f3n externa en la interna de otros partidos. Es una primaria, no es una interna. La gente debe advertir que el 30 de junio comienza la elecci\u00f3n del presidente, y que el presidente que no elija en esa fecha no lo puede elegir m\u00e1s.<\/p>\n<p><em>\u2014\u00bfCree que en las elecciones pasadas hubo votantes de otros partidos incidiendo en la interna blanca?<\/em><\/p>\n<p>\u2014Lo que pas\u00f3, pas\u00f3. Alg\u00fan polit\u00f3logo ha hecho referencia a ello. Pero esa agua pas\u00f3 por debajo del puente y ya est\u00e1 lejos.<\/p>\n<p><em>\u2014Hablemos del agua que viene ahora: \u00bfc\u00f3mo ve la interna hoy? Tuvo que mandar un mensaje v\u00eda Twitter a Juan Sartori para pedirle unidad.<\/em><\/p>\n<p>\u2014Mire, yo no voy a hacer menciones a ning\u00fan candidato dentro del partido. No voy a hacer menciones puntuales. Simplemente, lo m\u00e1s importante es la unidad. La gente no puede ver que un partido pueda gobernar si ve enfrentamiento en ese partido. Los adversarios est\u00e1n afuera. Esa es mi visi\u00f3n.<\/p>\n<p><em>\u2014Pero el mensaje con el pedido de unidad lo hizo p\u00fablico.<\/em><\/p>\n<p>\u2014S\u00ed, lo hice p\u00fablico porque pretend\u00eda llamarlo por tel\u00e9fono, lo llam\u00e9, no hubo contestaci\u00f3n y entonces lo llam\u00e9. Punto y aparte. Pas\u00f3 ese tema ya. Ta.<\/p>\n<p><em>\u2014\u00bfNo cree que hacer p\u00fablico un pedido de unidad deja en evidencia que no existe esa unidad?<\/em><\/p>\n<p>\u2014No. No. Porque me parece que cualquier dirigente\u2026 Y adem\u00e1s, vamos a entendernos: podr\u00e1 haber igual pero no hay nadie que haya aportado m\u00e1s a la unidad que quien habla. Est\u00e1 claro, pero no s\u00e9 si suficientemente reconocido. Me importa reconocerlo. Yo he aportado al Partido Nacional desde la derrota. Y cuando todos cre\u00edan que yo estaba desarmado, y mal, saqu\u00e9 m\u00e1s de 300.000 votos en el 2014, seis senadores y 16 diputados. Cuando todos cre\u00edan que no ten\u00eda ninguna chance de alcanzar las firmas, juntamos las firmas y nos sobraron firmas. Cuando algunos puedan tener dudas con respecto a lo que pueda suceder el 30 de junio, le digo nos vemos el 30 de junio porque voy a ganar. Voy a ganar.<\/p>\n<p><em>\u2014 En los \u00faltimos d\u00edas, usted invit\u00f3 a debatir a dos precandidatos oficialistas que no aceptaron y se trunc\u00f3 un debate entre blancos organizado por B\u00fasqueda porque Luis Lacalle Pou prefiri\u00f3 bajarse. \u00bfFalta cultura de debate en Uruguay? \u00bfHay temor a debatir?<\/em><\/p>\n<p>\u2014Me parece que terminan todos cuidando el cuero. Y no es as\u00ed la cosa. Es mi impresi\u00f3n y no quiero aludir a nadie. Antes que nada digo que nadie se sienta aludido. Pero me parece que el pa\u00eds necesita saber. Y el debate genera transparencia en la discusi\u00f3n pol\u00edtica y se terminan las impostaciones, las propuestas que no tienen consistencia, se sabe qui\u00e9n es el que tiene m\u00e1s temple y fortaleza para poder sostener con veracidad y razones un debate. Y eso lo aplico a todo el sistema pol\u00edtico. En todos los pa\u00edses del mundo se generan esas instancias de debate. No me parece que sea bueno resguardarse en la unidad para no tener un debate. Y no lo digo por Luis, lo digo por el Frente Amplio tambi\u00e9n. Siempre hay excusas. V\u00e1zquez antes debat\u00eda con todo el mundo, \u00bfpor qu\u00e9? \u00a1Porque iba atr\u00e1s! Porque iba cobijado en las ventajas que presuntamente ten\u00edan y despu\u00e9s confirmaron en los hechos.<\/p>\n<p><em>\u2014\u00bfSe mira mucho los n\u00fameros para eludir estas instancias?<\/em><\/p>\n<p>\u2014No s\u00e9, en lo que me es personal\u2026<\/p>\n<p><em>\u2014\u00bfUsted qu\u00e9 peso le da a las encuestas?<\/em><\/p>\n<p>\u2014Ser\u00eda irrespetuoso si digo que no las miro, pero expreso que no soy un referente pol\u00edtico que se lleve por las encuestas. Si me hubiera llevado por las encuestas, no hubiera iniciado la campa\u00f1a de recolecci\u00f3n de firmas por el plebiscito.<\/p>\n<p><em>\u2014Lo que muestran las \u00faltimas encuestas es que por primera vez se ve desplazado de un segundo lugar. \u00bfEso c\u00f3mo lo toma?<\/em><\/p>\n<p>\u2014Vuelvo a repetir: cuando creyeron que Larra\u00f1aga estaba en el piso, Larra\u00f1aga sali\u00f3 a defender al Partido y obtuvo m\u00e1s de 300.000 votos. Cuando pensaron que Larra\u00f1aga no pod\u00eda juntar las firmas, Larra\u00f1aga las junt\u00f3. Nos vemos el 30 de junio, y el 30 de junio vamos a ver qu\u00e9 dicen las urnas. Estoy realmente muy entusiasmado. Nadie puede decir que no soy un combatiente. Guarda con los combatientes. Porque entonces qu\u00e9 podremos decir de Wilson que nunca pudo alcanzar la presidencia de la Rep\u00fablica. \u00bfEra un perdedor? Tabar\u00e9 V\u00e1zquez perdi\u00f3 dos elecciones nacionales. Yo perd\u00ed una elecci\u00f3n nacional, sin perjuicio de las internas.<\/p>\n<p><em>\u2014Hace un tiempo, cuando un grupo de intendentes abandonaron su sector, usted avizor\u00f3 que iban a volver bajo su ala. Ahora se dio el retorno del intendente de Treinta y Tres, Dardo S\u00e1nchez. \u00bfCree que todo el grupo se pueda sumar a su candidatura?<\/em><\/p>\n<p>\u2014Yo no quiero disminuir ning\u00fan proyecto pol\u00edtico. Respeto a todos lo suficiente. Pero tenemos retornos muy importantes. Eso potencia nuestro proyecto. Tenemos un estructura muy s\u00f3lida en todo el pa\u00eds. Tambi\u00e9n digo algo: estoy convencido de que la campa\u00f1a no empez\u00f3.<\/p>\n<p><em>\u2014\u00bfC\u00f3mo es eso?<\/em><\/p>\n<p>\u2014Creo que esta campa\u00f1a va a ser de 30 d\u00edas, de 20 d\u00edas, de una semana. \u00bfPor qu\u00e9 sostengo eso? Porque lo percibo. Cada vez veo que a nuestros actos va m\u00e1s gente. Hace dos meses ve\u00edamos gente que ni sab\u00eda que hab\u00edan elecciones. Va a ser un tema de 30 d\u00edas, de los \u00faltimos d\u00edas. Estoy convencido.<\/p>\n<p><em>\u2014La interna blanca aparece m\u00e1s entreverada que en el inicio, apareci\u00f3 un actor que no estaba\u2026<\/em><\/p>\n<p>\u2014Pero el tema es no hablar con la gente. \u00bfA alguien se le puede ocurrir que la gente deja de respirar, deja de comer, por las encuestas? \u00bfA alguien se le ocurre que a la gente le preocupan las encuestas? A ninguna persona, en ning\u00fan barrio del Uruguay.<\/p>\n<p><em>\u2014\u00bf Qu\u00e9 peso puede tener la convenci\u00f3n si se confirma que es una interna pareja?<\/em><\/p>\n<p>\u2014Ya lo dije y lo voy a volver a repetir: el que gana, gana. El Partido Nacional no aguantar\u00eda si el que festej\u00f3 en esa noche de las elecciones, despu\u00e9s pierde en la liga. Ser\u00eda una fuente de disputa. Por lo tanto sostengo: el que gana, gana.<\/p>\n<p><em>\u2014Hay quienes no sostienen eso.<\/em><\/p>\n<p>\u2014Est\u00e1n en su leg\u00edtimo derecho. Yo sostengo lo otro y lo voy a defender. Si gano con el 38% y otro tiene el 32% voy a reclamar eso. Y si pierdo con el 32% y otro tiene el 38%, voy a apoyar al de 38%. As\u00ed de simple y claro. Lo que yo s\u00ed creo es que la convenci\u00f3n del Partido deber\u00eda completar la f\u00f3rmula. La f\u00f3rmula se completa en la Convenci\u00f3n. Eso s\u00ed.<\/p>\n<p>Entrevista de Federico Castillo para B\u00fasqueda<br \/>\nFoto: Nicol\u00e1s Der Agopi\u00e1n<\/p>\n","protected":false},"excerpt":{"rendered":"<p>Jorge Larra\u00f1aga anunciar\u00e1 una propuesta por d\u00eda en el tramo final de la carrera y pide bajar las peleas entre dirigentes del Partido Nacional porque la poblaci\u00f3n va a pensar que no pueden gobernar Jorge Larra\u00f1aga respira hondo, aparatosamente profundo, pone su mejor cara de control mental, agarra unas bolas chinas de esas que se [&hellip;]<\/p>\n","protected":false},"author":1,"featured_media":31760,"comment_status":"open","ping_status":"open","sticky":false,"template":"","format":"standard","meta":{"footnotes":""},"categories":[163],"tags":[],"class_list":["post-31759","post","type-post","status-publish","format-standard","has-post-thumbnail","hentry","category-entrevistas"],"_links":{"self":[{"href":"https:\/\/alianzanacional.com.uy\/web\/wp-json\/wp\/v2\/posts\/31759","targetHints":{"allow":["GET"]}}],"collection":[{"href":"https:\/\/alianzanacional.com.uy\/web\/wp-json\/wp\/v2\/posts"}],"about":[{"href":"https:\/\/alianzanacional.com.uy\/web\/wp-json\/wp\/v2\/types\/post"}],"author":[{"embeddable":true,"href":"https:\/\/alianzanacional.com.uy\/web\/wp-json\/wp\/v2\/users\/1"}],"replies":[{"embeddable":true,"href":"https:\/\/alianzanacional.com.uy\/web\/wp-json\/wp\/v2\/comments?post=31759"}],"version-history":[{"count":1,"href":"https:\/\/alianzanacional.com.uy\/web\/wp-json\/wp\/v2\/posts\/31759\/revisions"}],"predecessor-version":[{"id":31761,"href":"https:\/\/alianzanacional.com.uy\/web\/wp-json\/wp\/v2\/posts\/31759\/revisions\/31761"}],"wp:featuredmedia":[{"embeddable":true,"href":"https:\/\/alianzanacional.com.uy\/web\/wp-json\/wp\/v2\/media\/31760"}],"wp:attachment":[{"href":"https:\/\/alianzanacional.com.uy\/web\/wp-json\/wp\/v2\/media?parent=31759"}],"wp:term":[{"taxonomy":"category","embeddable":true,"href":"https:\/\/alianzanacional.com.uy\/web\/wp-json\/wp\/v2\/categories?post=31759"},{"taxonomy":"post_tag","embeddable":true,"href":"https:\/\/alianzanacional.com.uy\/web\/wp-json\/wp\/v2\/tags?post=31759"}],"curies":[{"name":"wp","href":"https:\/\/api.w.org\/{rel}","templated":true}]}}