{"id":31818,"date":"2019-06-06T09:16:11","date_gmt":"2019-06-06T12:16:11","guid":{"rendered":"http:\/\/alianzanacional.com.uy\/web\/?p=31818"},"modified":"2019-06-06T09:16:11","modified_gmt":"2019-06-06T12:16:11","slug":"larranaga-en-adm-el-wilsonismo-es-el-mejor-proyecto-para-el-pais","status":"publish","type":"post","link":"https:\/\/alianzanacional.com.uy\/web\/larranaga-en-adm-el-wilsonismo-es-el-mejor-proyecto-para-el-pais\/","title":{"rendered":"LARRA\u00d1AGA EN ADM: \u201cEL WILSONISMO ES EL MEJOR PROYECTO PARA EL PA\u00cdS\u201d"},"content":{"rendered":"<p>Propuso 10 cambios para \u201cdevolverle el ADN\u201d al Uruguay<\/p>\n<p>El l\u00edder blanco disert\u00f3 en los cl\u00e1sicos desayunos de ADM y all\u00ed sostuvo que \u201cel wilsonismo es el remedio para algunas enfermedades que el pa\u00eds registra hace mucho tiempo\u201d.<\/p>\n<p><strong>Cultura de la autosuficiencia<\/strong><\/p>\n<p>Durante su exposici\u00f3n, Larra\u00f1aga indic\u00f3: \u201cEstoy profundamente convencido de que tenemos que ponerle fin a la cultura de la autosuficiencia, cultura que ha sido el predicamento del gobierno del Frente Amplio. Una l\u00f3gica anclada en una hegemon\u00eda pol\u00edtica y en una hemiplejia ideol\u00f3gica: la primera, hija de una mayor\u00eda parlamentaria que se dio en tres instancias, y la segunda, excluyente en muchas oportunidades de la posibilidad de acuerdos y de entendimientos que el pa\u00eds necesita. Esto se agot\u00f3 como proyecto pol\u00edtico y por eso creo que tenemos que estar en un tiempo de cambios dr\u00e1sticos, fuertes\u201d.<\/p>\n<p><strong>El cambio<\/strong><\/p>\n<p>El precandidato nacionalista manifest\u00f3 que \u201cel cambio no es inevitable\u201d y agreg\u00f3 que \u201cel cambio se construye, la alternativa se construye o puede destruirse. La suerte del balotaje de noviembre se define el 30 de junio\u201d. Subray\u00f3 tambi\u00e9n que \u201cse ha permitido el abuso, la desmesura, el desborde jur\u00eddico y eso es lo que se discute en este proceso electoral. Lo que se discute es qu\u00e9 nos va a pasar como sociedad: esto est\u00e1 en juego, cr\u00e9anme\u201d.<\/p>\n<p><strong>Proyecto wilsonista para curar heridas<\/strong><\/p>\n<p>Larra\u00f1aga expres\u00f3 pertenecer y promover un proyecto wilsonista basado en una visi\u00f3n humanista, libertaria e inclusiva.<\/p>\n<p>\u201cUna visi\u00f3n desarrollista, descentralizadora y generadora de igualdad de oportunidades. El wilsonismo es un proyecto de desarrollo nacional integral que no ha gobernado nuestro pa\u00eds y que creo que es el mejor proyecto. Supone el remedio para algunas enfermedades que el pa\u00eds registra desde hace mucho tiempo y que puede suturar heridas profundas que tenemos en nuestro tejido social. Tenemos una crisis en la cultura de convivencia, una violencia desatada sin que prime la autoridad ni el orden\u201d.<\/p>\n<p>Larra\u00f1aga remarc\u00f3 que antes sol\u00eda escucharse la frase \u201cesto en el Uruguay no pasa\u201d, pero agreg\u00f3 que ahora \u201cac\u00e1 pasa\u201d. \u201cEst\u00e1 pasando de todo en la sociedad: barrios copados por narcos, sicarios, guerra de drogas y donde vemos cosas de insania en la delincuencia que realmente impactan muy fuertemente\u201d.<\/p>\n<p><strong>Modelo de sociedad<\/strong><\/p>\n<p>El legislador nacionalista manifest\u00f3 que \u201cla opulencia puso a los gobernantes del Frente Amplio en una en una nube y verdaderamente hay que bajarlos porque, con toda franqueza, llegaron enamorados del pueblo y terminaron emborrachado de poder\u201d.<\/p>\n<p>Sostuvo que \u201cun cuarto gobierno del Frente Amplio supondr\u00eda para la sociedad uruguaya un punto de no retorno. Nuestro modelo de sociedad tiene acechanzas, peligros realmente muy importantes por una depreciaci\u00f3n de valores y principios que, a mi juicio, impactan hoy en la sociedad uruguaya. Porque se ha permitido el abuso, la desmesura, el desborde jur\u00eddico. Y eso es lo que se discute en este proceso electoral: se discute qu\u00e9 nos va a pasar como sociedad\u201d.<\/p>\n<p><strong>Ciclos Populistas<\/strong><\/p>\n<p>El precandidato blanco analiz\u00f3 c\u00f3mo lleg\u00f3 el Frente Amplio al gobierno nacional. \u201cMiren: los ciclos populistas empiezan con una crisis -pol\u00edtica, econ\u00f3mica o de confianza-, se desarrollan con la bonanza, la bonanza econ\u00f3mica apoya un asistencialismo que fortalece la esperanza que la sociedad deposita en el populista al inicio y se terminan cuando se termina la plata. Esto es indiscutiblemente as\u00ed. En pa\u00edses como el nuestro la fortaleza de las instituciones lleva a que sea el propio modelo democr\u00e1tico el que permita que el populismo acceda al Gobierno\u201d, indic\u00f3.<\/p>\n<p>Asegur\u00f3 que el Frente Amplio \u201cprometi\u00f3 un pa\u00eds de primera y nos van a entregar un pa\u00eds de tercera. Nos prometieron un gobierno honrado y resulta que han tenido defecciones de todo tipo y naturaleza en materia de administraci\u00f3n de los dineros de todos los uruguayos y eso no se puede discutir frente a hechos que son notorios\u201d.<\/p>\n<h1>10 cambios<\/h1>\n<p>Larra\u00f1aga propuso 10 cambios asociados a los principales temas del pa\u00eds: seguridad, educaci\u00f3n, drogas, corrupci\u00f3n y despilfarro, pacto por el empleo, descentralizaci\u00f3n, salud, regla fiscal contra el mal gasto, inserci\u00f3n internacional y pol\u00edtica social superadora del mero asistencialismo.<\/p>\n<p><strong>1. REFORMA CONSTITUCIONAL PARA LA SEGURIDAD<\/strong><\/p>\n<p>\u201cTenemos una enorme emergencia en materia de seguridad p\u00fablica. Los acontecimientos son devastadores: un homicidio cada 20 horas y una rapi\u00f1a cada 18 minutos. Nosotros nos sentimos responsables, orgullosos responsables, de la reforma constitucional que se va a plebiscitar. Sin quemar cubiertas, sin hacer piquetes, sin cortar calles, sin tirar piedras, provocamos una instancia beneficiosa que se va a dar el \u00faltimo domingo de octubre. Miles de compatriotas firmaron porque est\u00e1n hartos, est\u00e1n cansados de pasar lo que pasan, de ver lo que sucede en la sociedad uruguaya\u201d.<\/p>\n<p><strong>2. LUCHA CONTRA LA DROGA<\/strong><\/p>\n<p>\u201cParad\u00f3jicamente mientras el gobierno frentista libr\u00f3 una extraordinaria lucha contra el tabaco y el alcohol, promovi\u00f3 y legaliz\u00f3 la cultura del consumo recreativo del cannabis. Lo llaman cannabis, pero es marihuana. Hicieron creer a nuestros j\u00f3venes que el consumo de marihuana lejos de ser perjudicial para la salud ten\u00eda condiciones positivas en tanto el Estado facilitaba su consumo. El resultado est\u00e1 a la vista: aument\u00f3 el consumo y no descendi\u00f3 el narcotr\u00e1fico.<\/p>\n<p>Respecto a las adicciones, Larra\u00f1aga dijo que \u201cel Estado ha dejado abandonado a miles de muchachos y sus familias, porque el que no tiene plata no puede pagar una cl\u00ednica y el sistema no cubre la demanda social\u201d.<\/p>\n<p><strong>3. LA LUCHA CONTRA LA CORRUPCION Y EL DESPILFARRO<\/strong><\/p>\n<p>\u201cPresentamos un documento muy preciso realizado por los doctores Juan Andr\u00e9s Ram\u00edrez y Carlos Delpiazzo que refieren a una suerte de huida del derecho administrativo por parte de empresas privadas conformadas por capitales propios del Estado que eluden los controles p\u00fablicos y terminan en el m\u00e1s absoluto desparpajo en cuanto al despilfarro y a la mala gesti\u00f3n de esas empresas\u201d.<\/p>\n<p><strong>4. UN PACTO POR EL EMPLEO Y LOS SALARIOS<\/strong><\/p>\n<p>\u201cPromovemos un pacto nacional por el empleo y sobre el salario. Nos parece absolutamente prioritario llevar adelante una respuesta en este sentido, manteniendo los Consejos de Salarios, pero poniendo el centro en la productividad como pilar del crecimiento del salario\u201d.<\/p>\n<p>\u201cEl Estado estar\u00e1 presente en la negociaci\u00f3n, pero ser\u00e1 neutral. Ya lo he dicho y lo vuelvo a reafirmar en este \u00e1mbito: el Ministerio de Trabajo no puede ser una sucursal del PIT-CNT bajo ning\u00fan punto de vista. Y vamos a promover, ya lo hemos hecho, una ley que reglamente el derecho de huelga como lo marca la Constituci\u00f3n, estableciendo que la ocupaci\u00f3n no es parte de la huelga. No puede ser que la ocupaci\u00f3n y los piquetes terminan siendo una extensi\u00f3n del derecho de huelga, porque eso termina perjudicando el derecho de propiedad protegido por la Constituci\u00f3n de la Rep\u00fablica y el derecho al trabajo tambi\u00e9n\u201d.<\/p>\n<p><strong>5. EDUCACION: \u201cLA REFORMA MADRE\u201d<\/strong><\/p>\n<p>\u201cLa educaci\u00f3n es la reforma madre, esencial, fundamental. Hay que redireccionar la educaci\u00f3n hacia metas concretas: lograr que los j\u00f3venes finalicen la matr\u00edcula completa, atenci\u00f3n espec\u00edfica y focalizada frente a los de contexto cr\u00edtico, priorizar la primera infancia. Es un fracaso inexcusable que la izquierda progresista le haya generado al pa\u00eds la privatizaci\u00f3n de las oportunidades en funci\u00f3n del bolsillo de los padres a los hijos de los uruguayos. Es una de las peores injusticias que se ha generado en el pa\u00eds\u201d.<\/p>\n<p><strong>6. LA EQUIDAD TERRITORIAL<\/strong><\/p>\n<p>\u201cLa descentralizaci\u00f3n bien entendida no se trata de crear m\u00e1s burocracia: se trata de combinar lo p\u00fablico nacional y departamental con lo privado nacional y departamental y, de esa forma, apuntar al desarrollo local como forma de generar oportunidades para todos los compatriotas en todo el pa\u00eds. Esto es fundamental: hay que invertir en infraestructura, bajar las tarifas, trabajar sobre los costos de producci\u00f3n, promover los acuerdos comerciales internacionales con mercados serios y no con socios ideol\u00f3gicos como Venezuela, y fomentar la actividad agropecuaria\u201d.<\/p>\n<p><strong>7. SALUD<\/strong><\/p>\n<p>\u201cEl Sistema Nacional Integrado de Salud se financia casi en su totalidad con fondos p\u00fablicos que recauda coactivamente el Estado, por el tributo de FONASA, y las transferencias de Rentas Generales, provenientes tambi\u00e9n de impuestos.<\/p>\n<p>\u201cNo puede morir la gente reclamando por acci\u00f3n de amparo por medicamentos que de otra forma no recibe. No puede ser que haya gente con ACV que si est\u00e1 cerca de Montevideo tiene chances y, si no, no las tiene.<\/p>\n<p>\u201cEso no quiere decir que podamos prometer todo, porque tampoco podemos entrar en cualquier camino. La primera promesa que siempre yo hago es no mentir\u201d.<\/p>\n<p><strong>8. REGLA FISCAL CONTRA EL MALGASTO<\/strong><\/p>\n<p>\u201cUna regla fiscal como elemento de control contra el mal gasto. Si se hubiera mantenido la regla fiscal de Astori en el a\u00f1o 2005, en el primer presupuesto quinquenal que mandaba el gobierno del Frente Amplio, en el 2016 el pa\u00eds tendr\u00eda un fondo de estabilizaci\u00f3n de m\u00e1s de 5.000 millones de d\u00f3lares para enfrentar todo lo que eso significa en estos tiempos\u201d.<\/p>\n<p>\u201cComo fueron creando el eufemismo de los espacios fiscales terminamos en esto de hoy, en esta realidad en donde tenemos un agujero de 2700 millones de d\u00f3lares: 4.8 % del Producto Bruto. Cada d\u00eda el Estado cierra con un d\u00e9ficit de 7 millones de d\u00f3lares, una canilla abierta. Es necesaria una regla fiscal para contener el malgasto para que el gasto p\u00fablico discrecional no crezca por encima de la actividad y ponerle coto a eso desde el Presidente de la Rep\u00fablica hacia abajo.<\/p>\n<p>\u201cY si es necesario un compromiso legislativo para aprobar esa conformaci\u00f3n de conducta en el ejercicio del gobierno lo vamos a hacer porque, adem\u00e1s, tenemos que jugar al crecimiento, al desarrollo, a la generaci\u00f3n de inversi\u00f3n, de trabajo, como \u00fanico camino. No le podemos seguir apretando la cintura a la gente si no le apretamos la cintura al Estado que termina gastando mucho y mal\u201d.<\/p>\n<p><strong>9. UNA POL\u00cdTICA SOCIAL SUPERADORA DEL MERO ASISTENCIALISMO<\/strong><\/p>\n<p>\u201cEl Ministerio de Desarrollo Social es una agencia clientelar de la izquierda y dentro de la izquierda de un partido. Esa es la realidad. Nosotros vamos a mantener las pol\u00edticas sociales, pero tambi\u00e9n queremos que esas pol\u00edticas sociales tengan contraprestaciones y que todas aquellas personas que puedan trabajar consigan trabajo. Utilizaremos ese monto que le damos de pol\u00edticas sociales para que el empleador tenga un cr\u00e9dito fiscal y entonces generar un c\u00edrculo virtuoso y pasar del camino del asistencialismo al camino de la dignidad del trabajo que me parece absolutamente prioritario y fundamental\u201d.<\/p>\n<p><strong>10. REFORMA EN EL MODELO DE INSERCION INTERNACIONAL.<\/strong><\/p>\n<p>\u201cEn materia de inserci\u00f3n internacional hay que ser pragm\u00e1ticos y defender el inter\u00e9s nacional. Hemos sentido verg\u00fcenza de como nuestro pa\u00eds ha estado asociado a una dictadura como lo es Venezuela. Es la reforma m\u00e1s sencilla: inter\u00e9s nacional, pragmatismo y profesionalizaci\u00f3n y sobre esos pilares buscar esa inserci\u00f3n internacional que nos permita tener relaciones con todos y llevar adelante una pol\u00edtica en materia de tratados de libre comercio\u201d.<\/p>\n<p>Concluyendo con los diez puntos, Larra\u00f1aga dijo que \u201ctodo esto requiere liderazgo para poder cambiarlo. El Partido Nacional es la reserva de garant\u00eda para el cambio en nuestro pa\u00eds. Estoy absolutamente convencido, porque el Partido tiene la capacidad de liderazgo y de convicci\u00f3n de ideas\u201d.<\/p>\n<p><strong>El wilsonismo es el remedio<\/strong><\/p>\n<p>Finalizando su exposici\u00f3n, Larra\u00f1aga reivindic\u00f3 la figura del wilsonismo como proyecto pol\u00edtico. \u201cEl wilsonismo es el remedio para algunas enfermedades que registra el pa\u00eds. Y ustedes saben: hay remedios que son buenos, pero son tan fuertes que a veces hacen mal. El wilsonismo es el remedio sin contraindicaciones, es la esencia que precisa el pa\u00eds\u201d. Y agreg\u00f3: \u201cNosotros queremos ser ese gobierno para el pa\u00eds, porque, adem\u00e1s, estoy absolutamente convencido de que el wilsonismo asegura ganar el balotaje. Es el proyecto pol\u00edtico con mayor coraza contra la divisi\u00f3n; nuestro proyecto le gana a la grieta\u201d.<\/p>\n<p><strong>\u201cYo les gano\u201d<\/strong><\/p>\n<p>Antes de cerrar, Larra\u00f1aga pregunt\u00f3 al p\u00fablico presente: \u201c\u00bfUstedes de verdad creen que cualquiera les gana? \u00bfApostar\u00edan el futuro de cambio a que todo es lo mismo? Pi\u00e9nsenlo bien\u201d. Y expres\u00f3: \u201cla cosa se define el 30 de junio. Yo les aseguro tres cosas: les aseguro el cambio, les aseguro el balotaje y les aseguro que les gano\u201d.<\/p>\n<p>&nbsp;<\/p>\n<div id='gallery-1' class='gallery galleryid-31818 gallery-columns-3 gallery-size-thumbnail'><figure class='gallery-item'>\n\t\t\t<div class='gallery-icon landscape'>\n\t\t\t\t<a href='https:\/\/alianzanacional.com.uy\/web\/larranaga-en-adm-el-wilsonismo-es-el-mejor-proyecto-para-el-pais\/whatsapp-image-2019-06-05-at-10-55-24-am\/'><img decoding=\"async\" width=\"150\" height=\"150\" src=\"https:\/\/alianzanacional.com.uy\/web\/wp-content\/uploads\/2019\/06\/WhatsApp-Image-2019-06-05-at-10.55.24-AM-150x150.jpeg\" class=\"attachment-thumbnail size-thumbnail\" alt=\"\" \/><\/a>\n\t\t\t<\/div><\/figure><figure class='gallery-item'>\n\t\t\t<div class='gallery-icon landscape'>\n\t\t\t\t<a href='https:\/\/alianzanacional.com.uy\/web\/larranaga-en-adm-el-wilsonismo-es-el-mejor-proyecto-para-el-pais\/whatsapp-image-2019-06-05-at-10-55-24-am-1\/'><img decoding=\"async\" width=\"150\" height=\"150\" src=\"https:\/\/alianzanacional.com.uy\/web\/wp-content\/uploads\/2019\/06\/WhatsApp-Image-2019-06-05-at-10.55.24-AM-1-150x150.jpeg\" class=\"attachment-thumbnail size-thumbnail\" alt=\"\" \/><\/a>\n\t\t\t<\/div><\/figure><figure class='gallery-item'>\n\t\t\t<div class='gallery-icon landscape'>\n\t\t\t\t<a href='https:\/\/alianzanacional.com.uy\/web\/larranaga-en-adm-el-wilsonismo-es-el-mejor-proyecto-para-el-pais\/whatsapp-image-2019-06-05-at-10-55-24-am-2\/'><img decoding=\"async\" width=\"150\" height=\"150\" src=\"https:\/\/alianzanacional.com.uy\/web\/wp-content\/uploads\/2019\/06\/WhatsApp-Image-2019-06-05-at-10.55.24-AM-2-150x150.jpeg\" class=\"attachment-thumbnail size-thumbnail\" alt=\"\" \/><\/a>\n\t\t\t<\/div><\/figure><figure class='gallery-item'>\n\t\t\t<div class='gallery-icon landscape'>\n\t\t\t\t<a href='https:\/\/alianzanacional.com.uy\/web\/larranaga-en-adm-el-wilsonismo-es-el-mejor-proyecto-para-el-pais\/whatsapp-image-2019-06-05-at-10-55-24-am-3\/'><img loading=\"lazy\" decoding=\"async\" width=\"150\" height=\"150\" src=\"https:\/\/alianzanacional.com.uy\/web\/wp-content\/uploads\/2019\/06\/WhatsApp-Image-2019-06-05-at-10.55.24-AM-3-150x150.jpeg\" class=\"attachment-thumbnail size-thumbnail\" alt=\"\" \/><\/a>\n\t\t\t<\/div><\/figure><figure class='gallery-item'>\n\t\t\t<div class='gallery-icon landscape'>\n\t\t\t\t<a href='https:\/\/alianzanacional.com.uy\/web\/larranaga-en-adm-el-wilsonismo-es-el-mejor-proyecto-para-el-pais\/whatsapp-image-2019-06-05-at-9-27-12-am\/'><img loading=\"lazy\" decoding=\"async\" width=\"150\" height=\"150\" src=\"https:\/\/alianzanacional.com.uy\/web\/wp-content\/uploads\/2019\/06\/WhatsApp-Image-2019-06-05-at-9.27.12-AM-150x150.jpeg\" class=\"attachment-thumbnail size-thumbnail\" alt=\"\" \/><\/a>\n\t\t\t<\/div><\/figure><figure class='gallery-item'>\n\t\t\t<div class='gallery-icon landscape'>\n\t\t\t\t<a href='https:\/\/alianzanacional.com.uy\/web\/larranaga-en-adm-el-wilsonismo-es-el-mejor-proyecto-para-el-pais\/whatsapp-image-2019-06-05-at-9-27-14-am-2\/'><img loading=\"lazy\" decoding=\"async\" width=\"150\" height=\"150\" src=\"https:\/\/alianzanacional.com.uy\/web\/wp-content\/uploads\/2019\/06\/WhatsApp-Image-2019-06-05-at-9.27.14-AM-2-150x150.jpeg\" class=\"attachment-thumbnail size-thumbnail\" alt=\"\" \/><\/a>\n\t\t\t<\/div><\/figure><figure class='gallery-item'>\n\t\t\t<div class='gallery-icon landscape'>\n\t\t\t\t<a href='https:\/\/alianzanacional.com.uy\/web\/larranaga-en-adm-el-wilsonismo-es-el-mejor-proyecto-para-el-pais\/whatsapp-image-2019-06-05-at-9-27-14-am-3\/'><img loading=\"lazy\" decoding=\"async\" width=\"150\" height=\"150\" src=\"https:\/\/alianzanacional.com.uy\/web\/wp-content\/uploads\/2019\/06\/WhatsApp-Image-2019-06-05-at-9.27.14-AM-3-150x150.jpeg\" class=\"attachment-thumbnail size-thumbnail\" alt=\"\" \/><\/a>\n\t\t\t<\/div><\/figure>\n\t\t<\/div>\n\n<p>&nbsp;<\/p>\n<p>&nbsp;<\/p>\n<p>&nbsp;<\/p>\n","protected":false},"excerpt":{"rendered":"<p>Propuso 10 cambios para \u201cdevolverle el ADN\u201d al Uruguay El l\u00edder blanco disert\u00f3 en los cl\u00e1sicos desayunos de ADM y all\u00ed sostuvo que \u201cel wilsonismo es el remedio para algunas enfermedades que el pa\u00eds registra hace mucho tiempo\u201d. Cultura de la autosuficiencia Durante su exposici\u00f3n, Larra\u00f1aga indic\u00f3: \u201cEstoy profundamente convencido de que tenemos que ponerle [&hellip;]<\/p>\n","protected":false},"author":1,"featured_media":31819,"comment_status":"open","ping_status":"open","sticky":false,"template":"","format":"standard","meta":{"footnotes":""},"categories":[16],"tags":[],"class_list":["post-31818","post","type-post","status-publish","format-standard","has-post-thumbnail","hentry","category-noticias"],"_links":{"self":[{"href":"https:\/\/alianzanacional.com.uy\/web\/wp-json\/wp\/v2\/posts\/31818","targetHints":{"allow":["GET"]}}],"collection":[{"href":"https:\/\/alianzanacional.com.uy\/web\/wp-json\/wp\/v2\/posts"}],"about":[{"href":"https:\/\/alianzanacional.com.uy\/web\/wp-json\/wp\/v2\/types\/post"}],"author":[{"embeddable":true,"href":"https:\/\/alianzanacional.com.uy\/web\/wp-json\/wp\/v2\/users\/1"}],"replies":[{"embeddable":true,"href":"https:\/\/alianzanacional.com.uy\/web\/wp-json\/wp\/v2\/comments?post=31818"}],"version-history":[{"count":1,"href":"https:\/\/alianzanacional.com.uy\/web\/wp-json\/wp\/v2\/posts\/31818\/revisions"}],"predecessor-version":[{"id":31826,"href":"https:\/\/alianzanacional.com.uy\/web\/wp-json\/wp\/v2\/posts\/31818\/revisions\/31826"}],"wp:featuredmedia":[{"embeddable":true,"href":"https:\/\/alianzanacional.com.uy\/web\/wp-json\/wp\/v2\/media\/31819"}],"wp:attachment":[{"href":"https:\/\/alianzanacional.com.uy\/web\/wp-json\/wp\/v2\/media?parent=31818"}],"wp:term":[{"taxonomy":"category","embeddable":true,"href":"https:\/\/alianzanacional.com.uy\/web\/wp-json\/wp\/v2\/categories?post=31818"},{"taxonomy":"post_tag","embeddable":true,"href":"https:\/\/alianzanacional.com.uy\/web\/wp-json\/wp\/v2\/tags?post=31818"}],"curies":[{"name":"wp","href":"https:\/\/api.w.org\/{rel}","templated":true}]}}