{"id":31827,"date":"2019-06-06T09:24:06","date_gmt":"2019-06-06T12:24:06","guid":{"rendered":"http:\/\/alianzanacional.com.uy\/web\/?p=31827"},"modified":"2019-06-11T16:11:00","modified_gmt":"2019-06-11T19:11:00","slug":"regla-fiscal","status":"publish","type":"post","link":"https:\/\/alianzanacional.com.uy\/web\/regla-fiscal\/","title":{"rendered":"REGLA FISCAL"},"content":{"rendered":"<p>Las finanzas p\u00fablicas del Uruguay se han caracterizado por contar con ingresos vol\u00e1tiles y egresos r\u00edgidos a la baja, adem\u00e1s de un componente altamente pro c\u00edclico. El sector p\u00fablico es, adem\u00e1s, hist\u00f3ricamente deficitario, pero desde 2013 a esta parte el d\u00e9ficit ha crecido sostenidamente, siendo hoy de 4.8% del Producto Bruto Interno.<\/p>\n<p>En el Uruguay del FA, a contracara de lo que recomienda cualquier buena pr\u00e1ctica en la materia, la regla fiscal es heredera de la negociaci\u00f3n pol\u00edtica, en donde primero se establece el gasto, luego se lo corrige al alza, luego se observa qu\u00e9 financiamiento se requiere como resultado de lo anterior y luego se ajusta el tope de endeudamiento a esas las necesidades.<\/p>\n<p>Vamos por una regla en serio, no un chicle, para contener el malgasto.<\/p>\n<p>Si tomamos, solo a modo de ejemplo, una regla fiscal referida exclusivamente a los gastos de funcionamiento en los incisos del 2 al 19, esto es sin tocar Educaci\u00f3n ni Pol\u00edticas Sociales, con un tope del crecimiento del 3% m\u00e1s inflaci\u00f3n, se hubiesen generado m\u00e1s de 5000 millones de d\u00f3lares disponibles para un fondo de estabilizaci\u00f3n. Una regla de este tipo es simple, transparente, en tanto son cifras disponibles en cada Rendici\u00f3n de Cuentas y para la cual, de ser necesario, apelaremos a un mecanismo legislativo para que tenga el apoyo parlamentario que haga obligatorio su cumplimiento.<\/p>\n<p>Ni recorte ni ajuste: compromiso con una responsabilidad fiscal que conduzca a una mayor eficiencia del gasto p\u00fablico que ayudar\u00eda a reducir la presi\u00f3n fiscal que, durante los \u00faltimos a\u00f1os ha sido factor distorsionante en el sector productivo y que a la vez sea el cobijo de los m\u00e1s necesitados en los momentos de mayor necesidad. <\/p>\n<p><a href=\"https:\/\/alianzanacional.com.uy\/web\/wp-content\/uploads\/2019\/06\/01f498e3-c12c-4534-8c6b-785a0b518a54.jpg\"><img fetchpriority=\"high\" decoding=\"async\" src=\"https:\/\/alianzanacional.com.uy\/web\/wp-content\/uploads\/2019\/06\/01f498e3-c12c-4534-8c6b-785a0b518a54-700x394.jpg\" alt=\"\" width=\"620\" height=\"349\" class=\"alignnone size-large wp-image-31829\" srcset=\"https:\/\/alianzanacional.com.uy\/web\/wp-content\/uploads\/2019\/06\/01f498e3-c12c-4534-8c6b-785a0b518a54-700x394.jpg 700w, https:\/\/alianzanacional.com.uy\/web\/wp-content\/uploads\/2019\/06\/01f498e3-c12c-4534-8c6b-785a0b518a54-400x225.jpg 400w, https:\/\/alianzanacional.com.uy\/web\/wp-content\/uploads\/2019\/06\/01f498e3-c12c-4534-8c6b-785a0b518a54-768x432.jpg 768w, https:\/\/alianzanacional.com.uy\/web\/wp-content\/uploads\/2019\/06\/01f498e3-c12c-4534-8c6b-785a0b518a54.jpg 1584w\" sizes=\"(max-width: 620px) 100vw, 620px\" \/><\/a><\/p>\n","protected":false},"excerpt":{"rendered":"<p>Las finanzas p\u00fablicas del Uruguay se han caracterizado por contar con ingresos vol\u00e1tiles y egresos r\u00edgidos a la baja, adem\u00e1s de un componente altamente pro c\u00edclico. El sector p\u00fablico es, adem\u00e1s, hist\u00f3ricamente deficitario, pero desde 2013 a esta parte el d\u00e9ficit ha crecido sostenidamente, siendo hoy de 4.8% del Producto Bruto Interno. En el Uruguay [&hellip;]<\/p>\n","protected":false},"author":1,"featured_media":31829,"comment_status":"open","ping_status":"open","sticky":false,"template":"","format":"standard","meta":{"footnotes":""},"categories":[18,366],"tags":[338],"class_list":["post-31827","post","type-post","status-publish","format-standard","has-post-thumbnail","hentry","category-propuestas","category-una-propuesta-por-dia","tag-una-propuesta-por-dia"],"_links":{"self":[{"href":"https:\/\/alianzanacional.com.uy\/web\/wp-json\/wp\/v2\/posts\/31827","targetHints":{"allow":["GET"]}}],"collection":[{"href":"https:\/\/alianzanacional.com.uy\/web\/wp-json\/wp\/v2\/posts"}],"about":[{"href":"https:\/\/alianzanacional.com.uy\/web\/wp-json\/wp\/v2\/types\/post"}],"author":[{"embeddable":true,"href":"https:\/\/alianzanacional.com.uy\/web\/wp-json\/wp\/v2\/users\/1"}],"replies":[{"embeddable":true,"href":"https:\/\/alianzanacional.com.uy\/web\/wp-json\/wp\/v2\/comments?post=31827"}],"version-history":[{"count":4,"href":"https:\/\/alianzanacional.com.uy\/web\/wp-json\/wp\/v2\/posts\/31827\/revisions"}],"predecessor-version":[{"id":31833,"href":"https:\/\/alianzanacional.com.uy\/web\/wp-json\/wp\/v2\/posts\/31827\/revisions\/31833"}],"wp:featuredmedia":[{"embeddable":true,"href":"https:\/\/alianzanacional.com.uy\/web\/wp-json\/wp\/v2\/media\/31829"}],"wp:attachment":[{"href":"https:\/\/alianzanacional.com.uy\/web\/wp-json\/wp\/v2\/media?parent=31827"}],"wp:term":[{"taxonomy":"category","embeddable":true,"href":"https:\/\/alianzanacional.com.uy\/web\/wp-json\/wp\/v2\/categories?post=31827"},{"taxonomy":"post_tag","embeddable":true,"href":"https:\/\/alianzanacional.com.uy\/web\/wp-json\/wp\/v2\/tags?post=31827"}],"curies":[{"name":"wp","href":"https:\/\/api.w.org\/{rel}","templated":true}]}}