{"id":31844,"date":"2019-06-08T10:03:30","date_gmt":"2019-06-08T13:03:30","guid":{"rendered":"http:\/\/alianzanacional.com.uy\/web\/?p=31844"},"modified":"2019-06-11T16:10:58","modified_gmt":"2019-06-11T19:10:58","slug":"cumplimiento-efectivo-de-las-penas","status":"publish","type":"post","link":"https:\/\/alianzanacional.com.uy\/web\/cumplimiento-efectivo-de-las-penas\/","title":{"rendered":"Cumplimiento efectivo de las penas"},"content":{"rendered":"<p><em><strong>Vamos por m\u00e1s seguridad para Vivir Sin Miedo<\/strong><\/em><\/p>\n<p>Cuando las penas no se cumplen, hay impunidad. Se observa diariamente que delincuentes recuperan su libertad antes del tiempo establecido por la pena que le hab\u00edan impuesto, lo que alimenta el fen\u00f3meno de puerta giratoria, que hace que los que delinquen entren y salgan con facilidad del sistema de Justicia. Cada a\u00f1o 6.000 presos son liberados, 4.000 reinciden en el delito.<\/p>\n<p>Lo que se propone es que quien cometa delitos graves no podr\u00e1 recibir beneficios liberatorios y deber\u00e1 cumplir la pena en su totalidad.  El Estado, desde su sistema penitenciario es el que tiene que cumplir los roles asignados constitucionalmente: asegurar a los procesados y penados, persiguiendo su reeducaci\u00f3n, la aptitud para el trabajo y la profilaxis del delito. Consideramos que esto solo se logra mediante el cumplimiento \u00edntegro y efectivo de las penas.<\/p>\n<p>Los condenados por delitos de violaci\u00f3n, abuso sexual, rapi\u00f1a, copamiento, secuestro, homicidio con circunstancias agravantes especiales y con circunstancias agravantes muy especiales, no podr\u00e1n recibir el beneficio de libertad anticipada, vigilada y vigilada intensiva, ni ning\u00fan otro beneficio liberatorio o sustitutivo de la privaci\u00f3n de libertad, debiendo cumplir la pena dispuesta en forma efectiva.<\/p>\n<p>El proyecto de cumplimiento efectivo de las penas forma parte de la reforma a plebiscitarse el \u00faltimo domingo de octubre, plebiscito apoyado con m\u00e1s de 405.000 firmas y del cual Jorge Larra\u00f1aga es el principal impulsor. <\/p>\n<p><a href=\"https:\/\/alianzanacional.com.uy\/web\/wp-content\/uploads\/2019\/06\/matriz-propuestas-Recovered-2.jpg\"><img fetchpriority=\"high\" decoding=\"async\" src=\"https:\/\/alianzanacional.com.uy\/web\/wp-content\/uploads\/2019\/06\/matriz-propuestas-Recovered-2-700x394.jpg\" alt=\"\" width=\"620\" height=\"349\" class=\"alignnone size-large wp-image-31847\" srcset=\"https:\/\/alianzanacional.com.uy\/web\/wp-content\/uploads\/2019\/06\/matriz-propuestas-Recovered-2-700x394.jpg 700w, https:\/\/alianzanacional.com.uy\/web\/wp-content\/uploads\/2019\/06\/matriz-propuestas-Recovered-2-400x225.jpg 400w, https:\/\/alianzanacional.com.uy\/web\/wp-content\/uploads\/2019\/06\/matriz-propuestas-Recovered-2-768x432.jpg 768w, https:\/\/alianzanacional.com.uy\/web\/wp-content\/uploads\/2019\/06\/matriz-propuestas-Recovered-2.jpg 1584w\" sizes=\"(max-width: 620px) 100vw, 620px\" \/><\/a><\/p>\n","protected":false},"excerpt":{"rendered":"<p>Vamos por m\u00e1s seguridad para Vivir Sin Miedo Cuando las penas no se cumplen, hay impunidad. Se observa diariamente que delincuentes recuperan su libertad antes del tiempo establecido por la pena que le hab\u00edan impuesto, lo que alimenta el fen\u00f3meno de puerta giratoria, que hace que los que delinquen entren y salgan con facilidad del [&hellip;]<\/p>\n","protected":false},"author":1,"featured_media":31847,"comment_status":"open","ping_status":"open","sticky":false,"template":"","format":"standard","meta":{"footnotes":""},"categories":[18,366],"tags":[338],"class_list":["post-31844","post","type-post","status-publish","format-standard","has-post-thumbnail","hentry","category-propuestas","category-una-propuesta-por-dia","tag-una-propuesta-por-dia"],"_links":{"self":[{"href":"https:\/\/alianzanacional.com.uy\/web\/wp-json\/wp\/v2\/posts\/31844","targetHints":{"allow":["GET"]}}],"collection":[{"href":"https:\/\/alianzanacional.com.uy\/web\/wp-json\/wp\/v2\/posts"}],"about":[{"href":"https:\/\/alianzanacional.com.uy\/web\/wp-json\/wp\/v2\/types\/post"}],"author":[{"embeddable":true,"href":"https:\/\/alianzanacional.com.uy\/web\/wp-json\/wp\/v2\/users\/1"}],"replies":[{"embeddable":true,"href":"https:\/\/alianzanacional.com.uy\/web\/wp-json\/wp\/v2\/comments?post=31844"}],"version-history":[{"count":3,"href":"https:\/\/alianzanacional.com.uy\/web\/wp-json\/wp\/v2\/posts\/31844\/revisions"}],"predecessor-version":[{"id":31848,"href":"https:\/\/alianzanacional.com.uy\/web\/wp-json\/wp\/v2\/posts\/31844\/revisions\/31848"}],"wp:featuredmedia":[{"embeddable":true,"href":"https:\/\/alianzanacional.com.uy\/web\/wp-json\/wp\/v2\/media\/31847"}],"wp:attachment":[{"href":"https:\/\/alianzanacional.com.uy\/web\/wp-json\/wp\/v2\/media?parent=31844"}],"wp:term":[{"taxonomy":"category","embeddable":true,"href":"https:\/\/alianzanacional.com.uy\/web\/wp-json\/wp\/v2\/categories?post=31844"},{"taxonomy":"post_tag","embeddable":true,"href":"https:\/\/alianzanacional.com.uy\/web\/wp-json\/wp\/v2\/tags?post=31844"}],"curies":[{"name":"wp","href":"https:\/\/api.w.org\/{rel}","templated":true}]}}