{"id":31850,"date":"2019-06-09T09:52:50","date_gmt":"2019-06-09T12:52:50","guid":{"rendered":"http:\/\/alianzanacional.com.uy\/web\/?p=31850"},"modified":"2019-06-11T16:10:58","modified_gmt":"2019-06-11T19:10:58","slug":"ciudad-universitaria","status":"publish","type":"post","link":"https:\/\/alianzanacional.com.uy\/web\/ciudad-universitaria\/","title":{"rendered":"Ciudad Universitaria"},"content":{"rendered":"<p>La centralizaci\u00f3n de los centros de estudios sigue siendo una de las mayores desigualdades que enfrentan los j\u00f3venes del interior que deben realizar sus estudios en la capital del pa\u00eds, lo que implica no solo un desarraigo de su ciudad natal sino tambi\u00e9n el costo de vida que deben afrontar las familias, muchas de las cuales lo hacen desde un enorme esfuerzo.<\/p>\n<p>De acuerdo a los informes estad\u00edsticos de la Universidad de la Rep\u00fablica del a\u00f1o 2017, la Universidad cuenta con 130.690 estudiantes activos, con inscripciones nuevas de un promedio de 22.000 estudiantes en los \u00faltimos 10 a\u00f1os 2007-2017 de los cuales alrededor de un 15% por nueva generaci\u00f3n son del interior del pa\u00eds.<\/p>\n<p>Estos datos y las desigualdades que viven los estudiantes del interior que cursan sus estudios en Montevideo han sido siempre una de las preocupaciones de Jorge Larra\u00f1aga habiendo presentado un proyecto de Ley que tiempo despu\u00e9s fue ley, que establece la creaci\u00f3n de una Ciudad Universitaria para j\u00f3venes del Interior. (Ley 17.296 Art.296).<\/p>\n<p>Por este motivo nos comprometemos a cumplir con la Ley y crear la Ciudad Universitaria, resolviendo el problema de la vivienda de miles de j\u00f3venes de hoy y del ma\u00f1ana, que es determinante en la continuaci\u00f3n de su trayectoria educativa.<\/p>\n<p><a href=\"https:\/\/alianzanacional.com.uy\/web\/wp-content\/uploads\/2019\/06\/matriz-propuestas-Recovered-3.jpg\"><img fetchpriority=\"high\" decoding=\"async\" src=\"https:\/\/alianzanacional.com.uy\/web\/wp-content\/uploads\/2019\/06\/matriz-propuestas-Recovered-3-700x394.jpg\" alt=\"\" width=\"620\" height=\"349\" class=\"alignnone size-large wp-image-31851\" srcset=\"https:\/\/alianzanacional.com.uy\/web\/wp-content\/uploads\/2019\/06\/matriz-propuestas-Recovered-3-700x394.jpg 700w, https:\/\/alianzanacional.com.uy\/web\/wp-content\/uploads\/2019\/06\/matriz-propuestas-Recovered-3-400x225.jpg 400w, https:\/\/alianzanacional.com.uy\/web\/wp-content\/uploads\/2019\/06\/matriz-propuestas-Recovered-3-768x432.jpg 768w, https:\/\/alianzanacional.com.uy\/web\/wp-content\/uploads\/2019\/06\/matriz-propuestas-Recovered-3.jpg 1584w\" sizes=\"(max-width: 620px) 100vw, 620px\" \/><\/a><\/p>\n","protected":false},"excerpt":{"rendered":"<p>La centralizaci\u00f3n de los centros de estudios sigue siendo una de las mayores desigualdades que enfrentan los j\u00f3venes del interior que deben realizar sus estudios en la capital del pa\u00eds, lo que implica no solo un desarraigo de su ciudad natal sino tambi\u00e9n el costo de vida que deben afrontar las familias, muchas de las [&hellip;]<\/p>\n","protected":false},"author":1,"featured_media":31851,"comment_status":"open","ping_status":"open","sticky":false,"template":"","format":"standard","meta":{"footnotes":""},"categories":[18,366],"tags":[338],"class_list":["post-31850","post","type-post","status-publish","format-standard","has-post-thumbnail","hentry","category-propuestas","category-una-propuesta-por-dia","tag-una-propuesta-por-dia"],"_links":{"self":[{"href":"https:\/\/alianzanacional.com.uy\/web\/wp-json\/wp\/v2\/posts\/31850","targetHints":{"allow":["GET"]}}],"collection":[{"href":"https:\/\/alianzanacional.com.uy\/web\/wp-json\/wp\/v2\/posts"}],"about":[{"href":"https:\/\/alianzanacional.com.uy\/web\/wp-json\/wp\/v2\/types\/post"}],"author":[{"embeddable":true,"href":"https:\/\/alianzanacional.com.uy\/web\/wp-json\/wp\/v2\/users\/1"}],"replies":[{"embeddable":true,"href":"https:\/\/alianzanacional.com.uy\/web\/wp-json\/wp\/v2\/comments?post=31850"}],"version-history":[{"count":3,"href":"https:\/\/alianzanacional.com.uy\/web\/wp-json\/wp\/v2\/posts\/31850\/revisions"}],"predecessor-version":[{"id":31854,"href":"https:\/\/alianzanacional.com.uy\/web\/wp-json\/wp\/v2\/posts\/31850\/revisions\/31854"}],"wp:featuredmedia":[{"embeddable":true,"href":"https:\/\/alianzanacional.com.uy\/web\/wp-json\/wp\/v2\/media\/31851"}],"wp:attachment":[{"href":"https:\/\/alianzanacional.com.uy\/web\/wp-json\/wp\/v2\/media?parent=31850"}],"wp:term":[{"taxonomy":"category","embeddable":true,"href":"https:\/\/alianzanacional.com.uy\/web\/wp-json\/wp\/v2\/categories?post=31850"},{"taxonomy":"post_tag","embeddable":true,"href":"https:\/\/alianzanacional.com.uy\/web\/wp-json\/wp\/v2\/tags?post=31850"}],"curies":[{"name":"wp","href":"https:\/\/api.w.org\/{rel}","templated":true}]}}