{"id":31856,"date":"2019-06-10T10:45:32","date_gmt":"2019-06-10T13:45:32","guid":{"rendered":"http:\/\/alianzanacional.com.uy\/web\/?p=31856"},"modified":"2019-06-14T12:29:58","modified_gmt":"2019-06-14T15:29:58","slug":"tarifas-publicas-claras-y-al-servicio-de-los-uruguayos","status":"publish","type":"post","link":"https:\/\/alianzanacional.com.uy\/web\/tarifas-publicas-claras-y-al-servicio-de-los-uruguayos\/","title":{"rendered":"Tarifas p\u00fablicas claras y al servicio de los uruguayos"},"content":{"rendered":"<p>Las tarifas p\u00fablicas se utilizan como sost\u00e9n del excesivo e ineficiente gasto p\u00fablico, haciendo las veces de impuesto encubierto, encareciendo la canasta de los hogares y afectando la competitividad empresarial.<br \/>\nEntendemos que las empresas p\u00fablicas, adem\u00e1s de trabajar en mejorar su productividad, deben manejar sus tarifas en funci\u00f3n de sus fundamentos, respondiendo a sus costos de producci\u00f3n y comercializaci\u00f3n y sus utilidades deben estar destinadas a bajar los precios o para reinversi\u00f3n.<\/p>\n<p>Las principales empresas p\u00fablicas uruguayas act\u00faan sobre sectores estrat\u00e9gicos de la econom\u00eda por lo que las decisiones que estas toman tienen gran impacto, no solo sobre el presupuesto de las familias, sino tambi\u00e9n  sobre la competitividad de las empresas que se encuentran en el territorio nacional. La realidad marca que las tarifas p\u00fablicas se han venido utilizando sistem\u00e1ticamente como sost\u00e9n del gasto del aparato estatal en perjuicio del bolsillo de las familias uruguayas y de la competitividad de las empresas.<\/p>\n<p>En los \u00faltimos 14 a\u00f1os las Empresas P\u00fablicas han transferido a Rentas Generales 2.850 millones de d\u00f3lares, de los cuales 1.350 millones de d\u00f3lares fueron transferidos en los \u00faltimos 4 a\u00f1os. UTE, por poner un ejemplo, en los \u00faltimos 14 a\u00f1os transfiri\u00f3 a Rentas Generales el equivalente a casi un 9% de su facturaci\u00f3n, seg\u00fan datos publicados por el MEF con fuente en la OPP.<\/p>\n<p>Est\u00e1 claro que la prioridad del Estado ha sido el financiamiento del d\u00e9ficit fiscal, de lo que el Estado gast\u00f3 de m\u00e1s y las consecuencias son que los uruguayos debemos pagar las tarifas m\u00e1s caras de la regi\u00f3n.<br \/>\nNuestro mensaje es claro: las tarifas p\u00fablicas no pueden ser usadas para asistir financieramente al Gobierno Central. Las utilidades de estas deben estar destinadas a la reinversi\u00f3n y a la baja de precios futuros. Las tarifas deben responder a los costos de producci\u00f3n y comercializaci\u00f3n.<\/p>\n<p>No vale la pena ahondar en lo que ha sido la gesti\u00f3n de ANCAP, o lo que han sido otras inversiones totalmente innecesarias y fuera de los mandatos de algunas empresas p\u00fablicas, excesos que pagamos todos.<\/p>\n<p>Es por esto que las tarifas de los servicios p\u00fablicos deben estar al servicio de los uruguayos y de las empresas que dan trabajo a los uruguayos y deben dejar de cumplir con el objetivo de tapar el despilfarro del gobierno nacional.<\/p>\n<p><a href=\"https:\/\/alianzanacional.com.uy\/web\/wp-content\/uploads\/2019\/06\/matriz-propuestas-eeRecovered.jpg\"><img fetchpriority=\"high\" decoding=\"async\" src=\"https:\/\/alianzanacional.com.uy\/web\/wp-content\/uploads\/2019\/06\/matriz-propuestas-eeRecovered-700x394.jpg\" alt=\"\" width=\"620\" height=\"349\" class=\"alignnone size-large wp-image-31857\" srcset=\"https:\/\/alianzanacional.com.uy\/web\/wp-content\/uploads\/2019\/06\/matriz-propuestas-eeRecovered-700x394.jpg 700w, https:\/\/alianzanacional.com.uy\/web\/wp-content\/uploads\/2019\/06\/matriz-propuestas-eeRecovered-400x225.jpg 400w, https:\/\/alianzanacional.com.uy\/web\/wp-content\/uploads\/2019\/06\/matriz-propuestas-eeRecovered-768x432.jpg 768w, https:\/\/alianzanacional.com.uy\/web\/wp-content\/uploads\/2019\/06\/matriz-propuestas-eeRecovered.jpg 1584w\" sizes=\"(max-width: 620px) 100vw, 620px\" \/><\/a><\/p>\n","protected":false},"excerpt":{"rendered":"<p>Las tarifas p\u00fablicas se utilizan como sost\u00e9n del excesivo e ineficiente gasto p\u00fablico, haciendo las veces de impuesto encubierto, encareciendo la canasta de los hogares y afectando la competitividad empresarial. Entendemos que las empresas p\u00fablicas, adem\u00e1s de trabajar en mejorar su productividad, deben manejar sus tarifas en funci\u00f3n de sus fundamentos, respondiendo a sus costos [&hellip;]<\/p>\n","protected":false},"author":1,"featured_media":31857,"comment_status":"open","ping_status":"open","sticky":false,"template":"","format":"standard","meta":{"footnotes":""},"categories":[18,366],"tags":[338],"class_list":["post-31856","post","type-post","status-publish","format-standard","has-post-thumbnail","hentry","category-propuestas","category-una-propuesta-por-dia","tag-una-propuesta-por-dia"],"_links":{"self":[{"href":"https:\/\/alianzanacional.com.uy\/web\/wp-json\/wp\/v2\/posts\/31856","targetHints":{"allow":["GET"]}}],"collection":[{"href":"https:\/\/alianzanacional.com.uy\/web\/wp-json\/wp\/v2\/posts"}],"about":[{"href":"https:\/\/alianzanacional.com.uy\/web\/wp-json\/wp\/v2\/types\/post"}],"author":[{"embeddable":true,"href":"https:\/\/alianzanacional.com.uy\/web\/wp-json\/wp\/v2\/users\/1"}],"replies":[{"embeddable":true,"href":"https:\/\/alianzanacional.com.uy\/web\/wp-json\/wp\/v2\/comments?post=31856"}],"version-history":[{"count":1,"href":"https:\/\/alianzanacional.com.uy\/web\/wp-json\/wp\/v2\/posts\/31856\/revisions"}],"predecessor-version":[{"id":31858,"href":"https:\/\/alianzanacional.com.uy\/web\/wp-json\/wp\/v2\/posts\/31856\/revisions\/31858"}],"wp:featuredmedia":[{"embeddable":true,"href":"https:\/\/alianzanacional.com.uy\/web\/wp-json\/wp\/v2\/media\/31857"}],"wp:attachment":[{"href":"https:\/\/alianzanacional.com.uy\/web\/wp-json\/wp\/v2\/media?parent=31856"}],"wp:term":[{"taxonomy":"category","embeddable":true,"href":"https:\/\/alianzanacional.com.uy\/web\/wp-json\/wp\/v2\/categories?post=31856"},{"taxonomy":"post_tag","embeddable":true,"href":"https:\/\/alianzanacional.com.uy\/web\/wp-json\/wp\/v2\/tags?post=31856"}],"curies":[{"name":"wp","href":"https:\/\/api.w.org\/{rel}","templated":true}]}}