{"id":31874,"date":"2019-06-13T09:45:28","date_gmt":"2019-06-13T12:45:28","guid":{"rendered":"http:\/\/alianzanacional.com.uy\/web\/?p=31874"},"modified":"2019-06-14T12:29:56","modified_gmt":"2019-06-14T15:29:56","slug":"plan-nacional-de-lucha-contra-las-adicciones","status":"publish","type":"post","link":"https:\/\/alianzanacional.com.uy\/web\/plan-nacional-de-lucha-contra-las-adicciones\/","title":{"rendered":"Plan nacional de lucha contra las adicciones"},"content":{"rendered":"<p><em>Vamos por la creaci\u00f3n de centros de atenci\u00f3n y rehabilitaci\u00f3n<\/em><\/p>\n<p>Las adicciones son un gran drama para muchos uruguayos y sus familias y la respuesta del Estado es totalmente insuficiente.<\/p>\n<p>Por eso proponemos la creaci\u00f3n de un Plan Nacional para la Rehabilitaci\u00f3n de las Adicciones y la creaci\u00f3n de Centros de Atenci\u00f3n y Rehabilitaci\u00f3n adecuados en todo el territorio nacional as\u00ed como Centros de Tratamiento Ambulatorio.<\/p>\n<p>Al Uruguay le faltan pol\u00edticas eficaces sobre la atenci\u00f3n a personas con problemas de consumo problem\u00e1tico, no s\u00f3lo en relaci\u00f3n a la cantidad de camas sino a los procedimientos concretos a la hora de recibir una atenci\u00f3n secundaria en salud.<\/p>\n<p>Frente a ello procuramos un Plan Nacional de Rehabilitaci\u00f3n que debe focalizarse en la atenci\u00f3n primaria en salud, atenci\u00f3n secundaria y realizar un acompa\u00f1amiento comprometido y totalmente responsable al consumidor y a sus familias.<\/p>\n<p>La prevenci\u00f3n cumple un rol determinante para nuestra visi\u00f3n de Gobierno con la realizaci\u00f3n de campa\u00f1as de concientizaci\u00f3n, educaci\u00f3n y sensibilizaci\u00f3n en toda la poblaci\u00f3n, siendo premisa fundamental la atenci\u00f3n primaria en salud. Desde este enfoque, el trabajo con las personas con consumo problem\u00e1tico deben incluir necesariamente el abordaje del trabajo con sus familiares, no solo en la orientaci\u00f3n sino en el trabajo puntual durante el proceso de recuperaci\u00f3n.<\/p>\n<p>El sost\u00e9n, la contenci\u00f3n familiar y el trabajo son ejes centrales de nuestra propuesta a la hora de pensar en este tipo de pol\u00edticas.<\/p>\n<p>La falta de respuesta adecuada del Estado, que no brinda el tratamiento adecuado, se traduce en la internaci\u00f3n en lugares para personas con otras problem\u00e1ticas, por ejemplo psiqui\u00e1tricas, y no espec\u00edficas referidas al consumo.<br \/>\nLa cantidad de plazas y la posibilidad de realizar tratamientos con tiempos adecuados que favorezcan la rehabilitaci\u00f3n est\u00e1n siendo actualmente insuficientes en donde una inversi\u00f3n por parte del Estado debe realizarse de manera urgente y necesaria. El objetivo primordial es abordar los conflictos de base del usuario que consume drogas.<\/p>\n<p>En este sentido, nuestras propuestas apuntan a la generaci\u00f3n de camas disponibles, a la mejora de la gesti\u00f3n y adem\u00e1s la creaci\u00f3n de perfiles t\u00e9cnicos espec\u00edficos (T\u00e9cnicos Vinculantes) que apuesten al trabajo en diferentes localidades y con las poblaciones m\u00e1s vulnerables.<\/p>\n<p>A la hora del trabajo en rehabilitaci\u00f3n, el tratamiento farmacol\u00f3gico, instancias psicoterap\u00e9uticas grupales e individuales deben cumplir un lugar especial, siendo determinante el trabajo con especialistas en la materia, incluyendo a sus familiares, generando espacios de discusi\u00f3n y tratamiento espec\u00edficos de sus situaciones, ya que cada realidad debe atenderse de manera espec\u00edfica.<\/p>\n<p>La laborterapia, el regenerar proyectos de vida saludable que apuesten a la consolidaci\u00f3n, as\u00ed como otras herramientas como instancias recreativas saludables y l\u00fadicas que acompa\u00f1en y fortalezcan el proceso de recuperaci\u00f3n del paciente, son imprescindibles.<\/p>\n<p>En este sentido proponemos un Plan Nacional para la Rehabilitaci\u00f3n de las Adicciones que incluya:<\/p>\n<ul>\n<li>Acciones conjuntas comunitarias y constantes a largo plazo apuntando a un cambio de paradigma: involucramiento familiar, instituciones educativas, referentes comunitarios y educaci\u00f3n en lazos parentales saludables.<\/li>\n<li>Instalaci\u00f3n de Centros de Atenci\u00f3n y Rehabilitaci\u00f3n adecuados en cada uno de los departamentos del territorio nacional as\u00ed como Centros de Tratamiento Ambulatorio.<\/li>\n<li>Creaci\u00f3n de la figura de un T\u00e9cnico vinculante (operador terap\u00e9utico) que tiene como rol principal el articular el trabajo del paciente con la familia y la instituci\u00f3n, en contexto de poblaciones vulnerables (imperiosa promoci\u00f3n de lazos parentales saludables).<\/li>\n<li>Tratamientos con tiempo prudente para atender la problem\u00e1tica de base del usuario.<\/li>\n<li>Realizar una Auditor\u00eda de los cupos actuales a nivel de ASSE y generar mayor n\u00famero de camas a nivel pa\u00eds como pol\u00edtica y prioridad Nacional.<\/li>\n<li>Apostar a la reincorporaci\u00f3n de los h\u00e1bitos de trabajo y ense\u00f1anza de nuevos oficios recuperando as\u00ed fortalezas y capacidades que con el tiempo puedan aparecer como adormecidas.<\/li>\n<li>Crear m\u00e1s Centros de Tratamiento Ambulatorio para determinadas situaciones bien diagnosticadas, las cuales ser\u00e1n derivadas por su pertinencia y no por falta de cupos para realizar tratamientos como ocurre en la actualidad.<\/li>\n<li>Sostener y sobre todo acompa\u00f1ar el trabajo con los familiares de los usuarios de drogas es fundamental y factor clave en la recuperaci\u00f3n de los mismos.<\/li>\n<\/ul>\n<p><a href=\"https:\/\/alianzanacional.com.uy\/web\/wp-content\/uploads\/2019\/06\/adicciones.jpg\"><img fetchpriority=\"high\" decoding=\"async\" class=\"alignnone size-large wp-image-31875\" src=\"https:\/\/alianzanacional.com.uy\/web\/wp-content\/uploads\/2019\/06\/adicciones-700x394.jpg\" alt=\"\" width=\"620\" height=\"349\" srcset=\"https:\/\/alianzanacional.com.uy\/web\/wp-content\/uploads\/2019\/06\/adicciones-700x394.jpg 700w, https:\/\/alianzanacional.com.uy\/web\/wp-content\/uploads\/2019\/06\/adicciones-400x225.jpg 400w, https:\/\/alianzanacional.com.uy\/web\/wp-content\/uploads\/2019\/06\/adicciones-768x432.jpg 768w, https:\/\/alianzanacional.com.uy\/web\/wp-content\/uploads\/2019\/06\/adicciones.jpg 1584w\" sizes=\"(max-width: 620px) 100vw, 620px\" \/><\/a><\/p>\n","protected":false},"excerpt":{"rendered":"<p>Vamos por la creaci\u00f3n de centros de atenci\u00f3n y rehabilitaci\u00f3n Las adicciones son un gran drama para muchos uruguayos y sus familias y la respuesta del Estado es totalmente insuficiente. Por eso proponemos la creaci\u00f3n de un Plan Nacional para la Rehabilitaci\u00f3n de las Adicciones y la creaci\u00f3n de Centros de Atenci\u00f3n y Rehabilitaci\u00f3n adecuados [&hellip;]<\/p>\n","protected":false},"author":1,"featured_media":31875,"comment_status":"open","ping_status":"open","sticky":false,"template":"","format":"standard","meta":{"footnotes":""},"categories":[18,366],"tags":[338],"class_list":["post-31874","post","type-post","status-publish","format-standard","has-post-thumbnail","hentry","category-propuestas","category-una-propuesta-por-dia","tag-una-propuesta-por-dia"],"_links":{"self":[{"href":"https:\/\/alianzanacional.com.uy\/web\/wp-json\/wp\/v2\/posts\/31874","targetHints":{"allow":["GET"]}}],"collection":[{"href":"https:\/\/alianzanacional.com.uy\/web\/wp-json\/wp\/v2\/posts"}],"about":[{"href":"https:\/\/alianzanacional.com.uy\/web\/wp-json\/wp\/v2\/types\/post"}],"author":[{"embeddable":true,"href":"https:\/\/alianzanacional.com.uy\/web\/wp-json\/wp\/v2\/users\/1"}],"replies":[{"embeddable":true,"href":"https:\/\/alianzanacional.com.uy\/web\/wp-json\/wp\/v2\/comments?post=31874"}],"version-history":[{"count":1,"href":"https:\/\/alianzanacional.com.uy\/web\/wp-json\/wp\/v2\/posts\/31874\/revisions"}],"predecessor-version":[{"id":31876,"href":"https:\/\/alianzanacional.com.uy\/web\/wp-json\/wp\/v2\/posts\/31874\/revisions\/31876"}],"wp:featuredmedia":[{"embeddable":true,"href":"https:\/\/alianzanacional.com.uy\/web\/wp-json\/wp\/v2\/media\/31875"}],"wp:attachment":[{"href":"https:\/\/alianzanacional.com.uy\/web\/wp-json\/wp\/v2\/media?parent=31874"}],"wp:term":[{"taxonomy":"category","embeddable":true,"href":"https:\/\/alianzanacional.com.uy\/web\/wp-json\/wp\/v2\/categories?post=31874"},{"taxonomy":"post_tag","embeddable":true,"href":"https:\/\/alianzanacional.com.uy\/web\/wp-json\/wp\/v2\/tags?post=31874"}],"curies":[{"name":"wp","href":"https:\/\/api.w.org\/{rel}","templated":true}]}}