{"id":31923,"date":"2019-06-18T10:13:48","date_gmt":"2019-06-18T13:13:48","guid":{"rendered":"http:\/\/alianzanacional.com.uy\/web\/?p=31923"},"modified":"2019-06-26T20:52:19","modified_gmt":"2019-06-26T23:52:19","slug":"una-politica-internacional-pragmatica","status":"publish","type":"post","link":"https:\/\/alianzanacional.com.uy\/web\/una-politica-internacional-pragmatica\/","title":{"rendered":"Una pol\u00edtica internacional pragm\u00e1tica"},"content":{"rendered":"<p><a href=\"https:\/\/alianzanacional.com.uy\/web\/wp-content\/uploads\/2019\/06\/matriz-propuestas-Recovered-7.jpg\"><img fetchpriority=\"high\" decoding=\"async\" src=\"https:\/\/alianzanacional.com.uy\/web\/wp-content\/uploads\/2019\/06\/matriz-propuestas-Recovered-7-700x394.jpg\" alt=\"\" width=\"620\" height=\"349\" class=\"alignnone size-large wp-image-31924\" srcset=\"https:\/\/alianzanacional.com.uy\/web\/wp-content\/uploads\/2019\/06\/matriz-propuestas-Recovered-7-700x394.jpg 700w, https:\/\/alianzanacional.com.uy\/web\/wp-content\/uploads\/2019\/06\/matriz-propuestas-Recovered-7-400x225.jpg 400w, https:\/\/alianzanacional.com.uy\/web\/wp-content\/uploads\/2019\/06\/matriz-propuestas-Recovered-7-768x432.jpg 768w, https:\/\/alianzanacional.com.uy\/web\/wp-content\/uploads\/2019\/06\/matriz-propuestas-Recovered-7.jpg 1584w\" sizes=\"(max-width: 620px) 100vw, 620px\" \/><\/a><\/p>\n<p>En pol\u00edtica de inserci\u00f3n internacional debe primar el pragmatismo. La estrategia de apertura debe estar asociada nuestras potencialidades productivas y acorde a las tendencias de la demanda externa, procurando trazar lineamientos concretos a corto, mediano y largo plazo para consolidar un r\u00e9gimen s\u00f3lido de relaciones comerciales beneficiosas.<\/p>\n<p>Las tendencias proteccionistas que hoy est\u00e1n presentes en el mundo, como hace a\u00f1os no lo ve\u00edamos, por un lado plantean amenazas al enlentecer la din\u00e1mica del flujo mundial de comercio, pero por otro abrir\u00e1 oportunidades de alcanzar nuevos acuerdos comerciales. Si algo no va a tener sentido, como no lo tiene ahora, es asociarse exclusivamente a un MERCOSUR desguazado. Pensamos en un MERCOSUR  mejorado y buscando poder habilitar la posibilidad de negociar con terceros, ya sea de manera individual o conjunta con el objetivo siempre de alcanzar nuevos acuerdos y mayor apertura. <\/p>\n<p>Planteamos la formaci\u00f3n de un \u201cEquipo Profesional y Estable de Negociaci\u00f3n\u201d con cruce transversal entre Canciller\u00eda, Ministerio de Industria, Energ\u00eda y Miner\u00eda; Ministerio de Ganader\u00eda Agricultura y Pesca; y Ministerio de Econom\u00eda y Finanzas teniendo como objetivo el trabajar de forma permanente en la b\u00fasqueda de nuevos acuerdos, reducir trabas arancelarias y para arancelarias. <\/p>\n<p>Uruguay tiene que fijarse como objetivo que nuestras exportaciones accedan a los mercados en las mismas condiciones que en las que acceden nuestros competidores. Para ello, es vital avanzar en la elaboraci\u00f3n de una agenda de integraci\u00f3n con visi\u00f3n a largo plazo. La formulaci\u00f3n de este esquema debe realizarse despojada de preceptos ideol\u00f3gicos y pol\u00edticos que poco contribuyen y que distorsionan la posibilidad de fortalecer la competitividad de nuestro pa\u00eds y posicionamiento de nuestros productos en los esquemas de integraci\u00f3n m\u00e1s adecuados a nuestra realidad productiva.<\/p>\n","protected":false},"excerpt":{"rendered":"<p>En pol\u00edtica de inserci\u00f3n internacional debe primar el pragmatismo. La estrategia de apertura debe estar asociada nuestras potencialidades productivas y acorde a las tendencias de la demanda externa, procurando trazar lineamientos concretos a corto, mediano y largo plazo para consolidar un r\u00e9gimen s\u00f3lido de relaciones comerciales beneficiosas. Las tendencias proteccionistas que hoy est\u00e1n presentes en [&hellip;]<\/p>\n","protected":false},"author":1,"featured_media":31924,"comment_status":"open","ping_status":"open","sticky":false,"template":"","format":"standard","meta":{"footnotes":""},"categories":[18,366],"tags":[338],"class_list":["post-31923","post","type-post","status-publish","format-standard","has-post-thumbnail","hentry","category-propuestas","category-una-propuesta-por-dia","tag-una-propuesta-por-dia"],"_links":{"self":[{"href":"https:\/\/alianzanacional.com.uy\/web\/wp-json\/wp\/v2\/posts\/31923","targetHints":{"allow":["GET"]}}],"collection":[{"href":"https:\/\/alianzanacional.com.uy\/web\/wp-json\/wp\/v2\/posts"}],"about":[{"href":"https:\/\/alianzanacional.com.uy\/web\/wp-json\/wp\/v2\/types\/post"}],"author":[{"embeddable":true,"href":"https:\/\/alianzanacional.com.uy\/web\/wp-json\/wp\/v2\/users\/1"}],"replies":[{"embeddable":true,"href":"https:\/\/alianzanacional.com.uy\/web\/wp-json\/wp\/v2\/comments?post=31923"}],"version-history":[{"count":1,"href":"https:\/\/alianzanacional.com.uy\/web\/wp-json\/wp\/v2\/posts\/31923\/revisions"}],"predecessor-version":[{"id":31925,"href":"https:\/\/alianzanacional.com.uy\/web\/wp-json\/wp\/v2\/posts\/31923\/revisions\/31925"}],"wp:featuredmedia":[{"embeddable":true,"href":"https:\/\/alianzanacional.com.uy\/web\/wp-json\/wp\/v2\/media\/31924"}],"wp:attachment":[{"href":"https:\/\/alianzanacional.com.uy\/web\/wp-json\/wp\/v2\/media?parent=31923"}],"wp:term":[{"taxonomy":"category","embeddable":true,"href":"https:\/\/alianzanacional.com.uy\/web\/wp-json\/wp\/v2\/categories?post=31923"},{"taxonomy":"post_tag","embeddable":true,"href":"https:\/\/alianzanacional.com.uy\/web\/wp-json\/wp\/v2\/tags?post=31923"}],"curies":[{"name":"wp","href":"https:\/\/api.w.org\/{rel}","templated":true}]}}