{"id":31930,"date":"2019-06-19T09:00:26","date_gmt":"2019-06-19T12:00:26","guid":{"rendered":"http:\/\/alianzanacional.com.uy\/web\/?p=31930"},"modified":"2019-06-26T20:52:18","modified_gmt":"2019-06-26T23:52:18","slug":"creacion-de-centros-polivalentes-en-conexion-con-el-pais-productivo","status":"publish","type":"post","link":"https:\/\/alianzanacional.com.uy\/web\/creacion-de-centros-polivalentes-en-conexion-con-el-pais-productivo\/","title":{"rendered":"Creaci\u00f3n de Centros Polivalentes en conexi\u00f3n con el pa\u00eds productivo"},"content":{"rendered":"<p>El mundo de la producci\u00f3n y del trabajo est\u00e1 sometido a transformaciones que inciden en la cualificaci\u00f3n y competencias requeridas a los productores y trabajadores, demandando una formaci\u00f3n polivalente que permita procesos de reconversi\u00f3n y adaptaci\u00f3n. La oferta de cursos y su dise\u00f1o curricular deber\u00e1n formularse a partir de investigaciones prospectivas, que planteen una diversidad de escenarios productivos y de evoluci\u00f3n tecnol\u00f3gica. <\/p>\n<p>En este escenario, es necesario potenciar instrumentos ya existentes, como los Bachilleratos Tecnol\u00f3gicos, INEFOP y la UTEC, al tiempo que se alientan nuevas experiencias, como centros polivalentes de alta tecnolog\u00eda que integren educaci\u00f3n y capacitaci\u00f3n con investigaci\u00f3n y desarrollo. Estos Centros pueden actuar como polos de desarrollo regional, generadores de escenarios productivos y de evoluci\u00f3n tecnol\u00f3gica, de acuerdo con una visi\u00f3n del pa\u00eds y de sus regiones econ\u00f3mico-productivas. Uruguay est\u00e1 en condiciones de desarrollar experiencias de este tipo en sectores tales como el forestal, la tecnolog\u00eda c\u00e1rnica, la hoteler\u00eda y el turismo, la tecnolog\u00eda de alimentos, la gesti\u00f3n de recursos naturales (en especial h\u00eddricos) y la rob\u00f3tica. La meta es quebrar la interdependencia de los factores que afectan el desarrollo econ\u00f3mico y tecnol\u00f3gico del pa\u00eds, propiciando un proceso de descentralizaci\u00f3n territorial y dinamizando sus \u00e1reas de influencia.<\/p>\n<p><a href=\"https:\/\/alianzanacional.com.uy\/web\/wp-content\/uploads\/2019\/06\/CENTROS-POLIVALENTES.jpg\"><img fetchpriority=\"high\" decoding=\"async\" src=\"https:\/\/alianzanacional.com.uy\/web\/wp-content\/uploads\/2019\/06\/CENTROS-POLIVALENTES-700x394.jpg\" alt=\"\" width=\"620\" height=\"349\" class=\"alignnone size-large wp-image-31931\" srcset=\"https:\/\/alianzanacional.com.uy\/web\/wp-content\/uploads\/2019\/06\/CENTROS-POLIVALENTES-700x394.jpg 700w, https:\/\/alianzanacional.com.uy\/web\/wp-content\/uploads\/2019\/06\/CENTROS-POLIVALENTES-400x225.jpg 400w, https:\/\/alianzanacional.com.uy\/web\/wp-content\/uploads\/2019\/06\/CENTROS-POLIVALENTES-768x432.jpg 768w, https:\/\/alianzanacional.com.uy\/web\/wp-content\/uploads\/2019\/06\/CENTROS-POLIVALENTES.jpg 1584w\" sizes=\"(max-width: 620px) 100vw, 620px\" \/><\/a><\/p>\n","protected":false},"excerpt":{"rendered":"<p>El mundo de la producci\u00f3n y del trabajo est\u00e1 sometido a transformaciones que inciden en la cualificaci\u00f3n y competencias requeridas a los productores y trabajadores, demandando una formaci\u00f3n polivalente que permita procesos de reconversi\u00f3n y adaptaci\u00f3n. La oferta de cursos y su dise\u00f1o curricular deber\u00e1n formularse a partir de investigaciones prospectivas, que planteen una diversidad [&hellip;]<\/p>\n","protected":false},"author":1,"featured_media":31931,"comment_status":"open","ping_status":"open","sticky":false,"template":"","format":"standard","meta":{"footnotes":""},"categories":[18,366],"tags":[338],"class_list":["post-31930","post","type-post","status-publish","format-standard","has-post-thumbnail","hentry","category-propuestas","category-una-propuesta-por-dia","tag-una-propuesta-por-dia"],"_links":{"self":[{"href":"https:\/\/alianzanacional.com.uy\/web\/wp-json\/wp\/v2\/posts\/31930","targetHints":{"allow":["GET"]}}],"collection":[{"href":"https:\/\/alianzanacional.com.uy\/web\/wp-json\/wp\/v2\/posts"}],"about":[{"href":"https:\/\/alianzanacional.com.uy\/web\/wp-json\/wp\/v2\/types\/post"}],"author":[{"embeddable":true,"href":"https:\/\/alianzanacional.com.uy\/web\/wp-json\/wp\/v2\/users\/1"}],"replies":[{"embeddable":true,"href":"https:\/\/alianzanacional.com.uy\/web\/wp-json\/wp\/v2\/comments?post=31930"}],"version-history":[{"count":1,"href":"https:\/\/alianzanacional.com.uy\/web\/wp-json\/wp\/v2\/posts\/31930\/revisions"}],"predecessor-version":[{"id":31932,"href":"https:\/\/alianzanacional.com.uy\/web\/wp-json\/wp\/v2\/posts\/31930\/revisions\/31932"}],"wp:featuredmedia":[{"embeddable":true,"href":"https:\/\/alianzanacional.com.uy\/web\/wp-json\/wp\/v2\/media\/31931"}],"wp:attachment":[{"href":"https:\/\/alianzanacional.com.uy\/web\/wp-json\/wp\/v2\/media?parent=31930"}],"wp:term":[{"taxonomy":"category","embeddable":true,"href":"https:\/\/alianzanacional.com.uy\/web\/wp-json\/wp\/v2\/categories?post=31930"},{"taxonomy":"post_tag","embeddable":true,"href":"https:\/\/alianzanacional.com.uy\/web\/wp-json\/wp\/v2\/tags?post=31930"}],"curies":[{"name":"wp","href":"https:\/\/api.w.org\/{rel}","templated":true}]}}