{"id":31939,"date":"2019-06-20T09:00:32","date_gmt":"2019-06-20T12:00:32","guid":{"rendered":"http:\/\/alianzanacional.com.uy\/web\/?p=31939"},"modified":"2019-06-26T20:52:18","modified_gmt":"2019-06-26T23:52:18","slug":"pena-de-reclusion-permanente-revisable-para-delitos-aberrantes","status":"publish","type":"post","link":"https:\/\/alianzanacional.com.uy\/web\/pena-de-reclusion-permanente-revisable-para-delitos-aberrantes\/","title":{"rendered":"Pena de Reclusi\u00f3n Permanente Revisable para delitos aberrantes"},"content":{"rendered":"<p><em>Hay delincuentes que son -seg\u00fan la psiquiatr\u00eda forense-, irrecuperables. Actualmente, esos individuos, luego de cumplir su pena, a pesar de no estar rehabilitados, son liberados.<br \/>\nPor eso proponemos crear la pena de Reclusi\u00f3n Permanente Revisable para los que violan y matan menores, los homicidas m\u00faltiples y los sicarios.<\/em><\/p>\n<p>Existen delitos de una aberraci\u00f3n tal que ameritan una severa respuesta de la sociedad. Adem\u00e1s, quienes los cometen son dif\u00edcilmente recuperables, por lo que la sociedad debe protegerse de estos individuos que son peligrosos y no est\u00e1n habilitados para la convivencia social sin generar riesgo.<br \/>\nEsta pena se aplicar\u00eda a los que violan o abusan y matan a un menor de edad; a los sicarios, los que matan a cambio de un precio; a los homicidas m\u00faltiples.<br \/>\nLa psiquiatr\u00eda demuestra que ese tipo de delincuentes suelen tener personalidades psicop\u00e1ticas que hacen extremadamente dif\u00edcil o imposible su recuperaci\u00f3n. Hoy este tipo de sujetos que han cumplido su pena de prisi\u00f3n, a pesar de no estar rehabilitados, recuperan la libertad y conviven con el resto de la sociedad.<br \/>\nEl proyecto prev\u00e9 que este tipo de delincuentes permanezcan 30 a\u00f1os recluidos, y reci\u00e9n cumplido ese plazo, podr\u00e1n recuperar su libertad si se demuestra su rehabilitaci\u00f3n; si no se comprueba que est\u00e1n rehabilitados, no recuperar\u00e1n la libertad.<\/p>\n<p><strong>Por qu\u00e9 revisable<\/strong><\/p>\n<p>La pena prev\u00e9 la posibilidad de revisi\u00f3n cuando luego de cumplir 30 a\u00f1os de reclusi\u00f3n se pueda acreditar la plena rehabilitaci\u00f3n. Este mecanismo, utilizado en numerosos pa\u00edses del mundo, hace que la pena sea compatible con la normativa internacional de Derechos Humanos que exige la posibilidad de revisi\u00f3n de las penas de larga duraci\u00f3n o indeterminadas.<\/p>\n<p>Esta figura de reclusi\u00f3n permanente revisable existe en Alemania, Espa\u00f1a, Francia,  Inglaterra, Gales, Noruega, Dinamarca, B\u00e9lgica, Holanda, Polonia, Austria, Hungr\u00eda, Italia, Croacia, al igual que en Argentina, Per\u00fa, M\u00e9xico, Chile, Estados Unidos y Canad\u00e1.<\/p>\n<p>La condici\u00f3n de revisi\u00f3n salvaguarda la finalidad resocializadora de la pena y garantiza la posibilidad de liberaci\u00f3n. Este mecanismo evidencia una \u201cvoluntas legis\u201d de orientar la pena hacia la rehabilitaci\u00f3n y reinserci\u00f3n del penado, hace que exista en el recluso una expectativa de liberaci\u00f3n, un horizonte de esperanza que compatibiliza a esta pena con los principios de humanidad, resocializaci\u00f3n y dignidad.<br \/>\nAs\u00ed lo han entendido distintos tribunales europeos al analizar casos de penas de este tipo.<br \/>\nAs\u00ed, el Tribunal de Estrasburgo, -el Tribunal Europeo de Derechos Humanos- presenta profusa jurisprudencia sobre el punto. Numerosas sentencias reconocen la compatibilidad con el art\u00edculo 3 de la Convenci\u00f3n Europea de Derechos Humanos, que es similar al art\u00edculo 7 del Protocolo Internacional de Derechos Humanos, coincidente con el art\u00edculo 5.2 de la Convenci\u00f3n Americana de Derechos Humanos:<\/p>\n<blockquote><p>\u00abNadie debe ser sometido a torturas ni a penas o tratos crueles, inhumanos o degradantes. Toda persona privada de su libertad ser\u00e1 tratada con el respeto debido a la dignidad inherente al ser humano\u00bb. <\/p><\/blockquote>\n<p>En dichas sentencias se expresa que si el penado tiene la posibilidad, tanto jur\u00eddica como f\u00e1ctica, de ser liberado, no se vulnera ese art\u00edculo 3, por tanto la penas prolongadas, o perpetuas pero revisables, son compatibles con sistema de Derechos Humanos europeo. En palabras del Tribunal de Estrasburgo, siempre que el penado \u201cno se vea privado de esperanza de liberaci\u00f3n\u201d.<\/p>\n<p><a href=\"https:\/\/alianzanacional.com.uy\/web\/wp-content\/uploads\/2019\/06\/perpetua-revisable.jpg\"><img fetchpriority=\"high\" decoding=\"async\" src=\"https:\/\/alianzanacional.com.uy\/web\/wp-content\/uploads\/2019\/06\/perpetua-revisable-700x394.jpg\" alt=\"\" width=\"620\" height=\"349\" class=\"alignnone size-large wp-image-31940\" srcset=\"https:\/\/alianzanacional.com.uy\/web\/wp-content\/uploads\/2019\/06\/perpetua-revisable-700x394.jpg 700w, https:\/\/alianzanacional.com.uy\/web\/wp-content\/uploads\/2019\/06\/perpetua-revisable-400x225.jpg 400w, https:\/\/alianzanacional.com.uy\/web\/wp-content\/uploads\/2019\/06\/perpetua-revisable-768x432.jpg 768w, https:\/\/alianzanacional.com.uy\/web\/wp-content\/uploads\/2019\/06\/perpetua-revisable.jpg 1584w\" sizes=\"(max-width: 620px) 100vw, 620px\" \/><\/a><\/p>\n","protected":false},"excerpt":{"rendered":"<p>Hay delincuentes que son -seg\u00fan la psiquiatr\u00eda forense-, irrecuperables. Actualmente, esos individuos, luego de cumplir su pena, a pesar de no estar rehabilitados, son liberados. Por eso proponemos crear la pena de Reclusi\u00f3n Permanente Revisable para los que violan y matan menores, los homicidas m\u00faltiples y los sicarios. Existen delitos de una aberraci\u00f3n tal que [&hellip;]<\/p>\n","protected":false},"author":1,"featured_media":31940,"comment_status":"open","ping_status":"open","sticky":false,"template":"","format":"standard","meta":{"footnotes":""},"categories":[16,366],"tags":[],"class_list":["post-31939","post","type-post","status-publish","format-standard","has-post-thumbnail","hentry","category-noticias","category-una-propuesta-por-dia"],"_links":{"self":[{"href":"https:\/\/alianzanacional.com.uy\/web\/wp-json\/wp\/v2\/posts\/31939","targetHints":{"allow":["GET"]}}],"collection":[{"href":"https:\/\/alianzanacional.com.uy\/web\/wp-json\/wp\/v2\/posts"}],"about":[{"href":"https:\/\/alianzanacional.com.uy\/web\/wp-json\/wp\/v2\/types\/post"}],"author":[{"embeddable":true,"href":"https:\/\/alianzanacional.com.uy\/web\/wp-json\/wp\/v2\/users\/1"}],"replies":[{"embeddable":true,"href":"https:\/\/alianzanacional.com.uy\/web\/wp-json\/wp\/v2\/comments?post=31939"}],"version-history":[{"count":1,"href":"https:\/\/alianzanacional.com.uy\/web\/wp-json\/wp\/v2\/posts\/31939\/revisions"}],"predecessor-version":[{"id":31941,"href":"https:\/\/alianzanacional.com.uy\/web\/wp-json\/wp\/v2\/posts\/31939\/revisions\/31941"}],"wp:featuredmedia":[{"embeddable":true,"href":"https:\/\/alianzanacional.com.uy\/web\/wp-json\/wp\/v2\/media\/31940"}],"wp:attachment":[{"href":"https:\/\/alianzanacional.com.uy\/web\/wp-json\/wp\/v2\/media?parent=31939"}],"wp:term":[{"taxonomy":"category","embeddable":true,"href":"https:\/\/alianzanacional.com.uy\/web\/wp-json\/wp\/v2\/categories?post=31939"},{"taxonomy":"post_tag","embeddable":true,"href":"https:\/\/alianzanacional.com.uy\/web\/wp-json\/wp\/v2\/tags?post=31939"}],"curies":[{"name":"wp","href":"https:\/\/api.w.org\/{rel}","templated":true}]}}