{"id":31949,"date":"2019-06-21T08:30:26","date_gmt":"2019-06-21T11:30:26","guid":{"rendered":"http:\/\/alianzanacional.com.uy\/web\/?p=31949"},"modified":"2019-06-26T20:52:17","modified_gmt":"2019-06-26T23:52:17","slug":"guardia-nacional-compuesta-por-militares","status":"publish","type":"post","link":"https:\/\/alianzanacional.com.uy\/web\/guardia-nacional-compuesta-por-militares\/","title":{"rendered":"Guardia Nacional compuesta por militares"},"content":{"rendered":"<p><em>La situaci\u00f3n de inseguridad p\u00fablica es de un absoluto desborde, por ello planteamos crear una segunda fuerza compuesta por militares para que colaboren en las funciones de seguridad p\u00fablica.<\/em><\/p>\n<p><strong>\u00bfPor qu\u00e9 utilizar a efectivos militares?<\/strong><\/p>\n<p>Estamos ante una situaci\u00f3n de emergencia en materia de seguridad. Hay que usar todos los recursos del Estado para cuidar a los ciudadanos. <\/p>\n<p>Es necesario acudir a militares porque est\u00e1n calificados, poseen disciplina, tienen una estructura jerarquizada, est\u00e1n instruidos en el manejo de armas, tienen equipamiento, est\u00e1n a disposici\u00f3n del Estado, podemos recurrir a ellos sin mayor demora, son recursos humanos del Estado y adem\u00e1s cuentan con la experiencia porque han cumplido funci\u00f3n de polic\u00eda en el exterior en las Misiones de Paz.<\/p>\n<p>Se trata entonces de usar adecuadamente los recursos del Estado, prepar\u00e1ndolos previamente para nuevos cometidos.<\/p>\n<p><strong>Dise\u00f1o institucional<\/strong><\/p>\n<p>Se plantea un dise\u00f1o que existe -y con \u00e9xito- en muchos pa\u00edses.<\/p>\n<p>Este modelo de fuerzas de seguridad con organizaci\u00f3n militar, complementariamente y en paralelo a la polic\u00eda civil, ya existe con notable eficacia y prestigio institucional en Chile (Carabineros), en Espa\u00f1a (Guardia Civil), en Francia (Gendarmer\u00eda Nacional) en Italia (Carabinieri) en Portugal (Garda Nacional Republicana) y en Holanda (Real Polic\u00eda Militar y de Aduana) entre otros pa\u00edses. <\/p>\n<p><strong>Funciones policiales.<\/strong><\/p>\n<p>El propio gobierno le ha ido dando algunas funciones. En octubre de 2018 se aprob\u00f3 la ley 19.677 por la cual se confiere autorizaci\u00f3n a todas las Fuerzas Armadas la realizaci\u00f3n de \u00a8tareas de vigilancia y apoyo a organismos con jurisdicci\u00f3n y competencia\u00a8 en zona fronteriza. Se crea una \u00a8zona fronteriza\u00a8 que abarca 20 kil\u00f3metros desde la l\u00ednea de frontera y se habilita a cumplir funciones policiales a las FFAA.<\/p>\n<p>Adem\u00e1s debe recordarse que ya se cumplen tareas t\u00edpicamente policiales en la Prefectura Nacional Naval y en la Polic\u00eda Aeroportuaria o en la guardia perimetral de establecimientos carcelarios, as\u00ed como en Misiones de Paz.<\/p>\n<p>El proyecto de Guardia Nacional forma parte de la reforma a plebiscitarse el \u00faltimo domingo de octubre, iniciativa apoyada con m\u00e1s de 405.000 firmas y de la cual Jorge Larra\u00f1aga es el principal impulsor.<\/p>\n<p><a href=\"https:\/\/alianzanacional.com.uy\/web\/wp-content\/uploads\/2019\/06\/guardia-nacional.jpg\"><img fetchpriority=\"high\" decoding=\"async\" src=\"https:\/\/alianzanacional.com.uy\/web\/wp-content\/uploads\/2019\/06\/guardia-nacional-700x394.jpg\" alt=\"\" width=\"620\" height=\"349\" class=\"alignnone size-large wp-image-31950\" srcset=\"https:\/\/alianzanacional.com.uy\/web\/wp-content\/uploads\/2019\/06\/guardia-nacional-700x394.jpg 700w, https:\/\/alianzanacional.com.uy\/web\/wp-content\/uploads\/2019\/06\/guardia-nacional-400x225.jpg 400w, https:\/\/alianzanacional.com.uy\/web\/wp-content\/uploads\/2019\/06\/guardia-nacional-768x432.jpg 768w, https:\/\/alianzanacional.com.uy\/web\/wp-content\/uploads\/2019\/06\/guardia-nacional.jpg 1584w\" sizes=\"(max-width: 620px) 100vw, 620px\" \/><\/a><\/p>\n","protected":false},"excerpt":{"rendered":"<p>La situaci\u00f3n de inseguridad p\u00fablica es de un absoluto desborde, por ello planteamos crear una segunda fuerza compuesta por militares para que colaboren en las funciones de seguridad p\u00fablica. \u00bfPor qu\u00e9 utilizar a efectivos militares? Estamos ante una situaci\u00f3n de emergencia en materia de seguridad. Hay que usar todos los recursos del Estado para cuidar [&hellip;]<\/p>\n","protected":false},"author":1,"featured_media":31950,"comment_status":"open","ping_status":"open","sticky":false,"template":"","format":"standard","meta":{"footnotes":""},"categories":[18,366],"tags":[338],"class_list":["post-31949","post","type-post","status-publish","format-standard","has-post-thumbnail","hentry","category-propuestas","category-una-propuesta-por-dia","tag-una-propuesta-por-dia"],"_links":{"self":[{"href":"https:\/\/alianzanacional.com.uy\/web\/wp-json\/wp\/v2\/posts\/31949","targetHints":{"allow":["GET"]}}],"collection":[{"href":"https:\/\/alianzanacional.com.uy\/web\/wp-json\/wp\/v2\/posts"}],"about":[{"href":"https:\/\/alianzanacional.com.uy\/web\/wp-json\/wp\/v2\/types\/post"}],"author":[{"embeddable":true,"href":"https:\/\/alianzanacional.com.uy\/web\/wp-json\/wp\/v2\/users\/1"}],"replies":[{"embeddable":true,"href":"https:\/\/alianzanacional.com.uy\/web\/wp-json\/wp\/v2\/comments?post=31949"}],"version-history":[{"count":1,"href":"https:\/\/alianzanacional.com.uy\/web\/wp-json\/wp\/v2\/posts\/31949\/revisions"}],"predecessor-version":[{"id":31951,"href":"https:\/\/alianzanacional.com.uy\/web\/wp-json\/wp\/v2\/posts\/31949\/revisions\/31951"}],"wp:featuredmedia":[{"embeddable":true,"href":"https:\/\/alianzanacional.com.uy\/web\/wp-json\/wp\/v2\/media\/31950"}],"wp:attachment":[{"href":"https:\/\/alianzanacional.com.uy\/web\/wp-json\/wp\/v2\/media?parent=31949"}],"wp:term":[{"taxonomy":"category","embeddable":true,"href":"https:\/\/alianzanacional.com.uy\/web\/wp-json\/wp\/v2\/categories?post=31949"},{"taxonomy":"post_tag","embeddable":true,"href":"https:\/\/alianzanacional.com.uy\/web\/wp-json\/wp\/v2\/tags?post=31949"}],"curies":[{"name":"wp","href":"https:\/\/api.w.org\/{rel}","templated":true}]}}