{"id":31955,"date":"2019-06-22T07:10:01","date_gmt":"2019-06-22T10:10:01","guid":{"rendered":"http:\/\/alianzanacional.com.uy\/web\/?p=31955"},"modified":"2019-06-26T20:52:17","modified_gmt":"2019-06-26T23:52:17","slug":"ley-de-acv","status":"publish","type":"post","link":"https:\/\/alianzanacional.com.uy\/web\/ley-de-acv\/","title":{"rendered":"Proyecto de ley de ACV"},"content":{"rendered":"<p>La Organizaci\u00f3n Panamericana de la Salud registra al Uruguay como el pa\u00eds con mayor \u00edndice de mortalidad por ACV en Am\u00e9rica Latina y el Caribe, donde se registran 2500 muertes al a\u00f1o. <\/p>\n<p>Proponemos convertir el tema en un asunto de inter\u00e9s general para que la poblaci\u00f3n pueda informarse adecuadamente sobre tal enfermedad, sobre sus s\u00edntomas, y de este modo reconocer si se sufre de uno para poder acceder r\u00e1pidamente a un centro de salud adecuado para ser tratado, ya que el factor tiempo es crucial y se paga muchas veces con la vida y que el dinero no sea el punto central entre la vida y la muerte frente a un tratamiento que al d\u00eda de hoy no est\u00e1 incluido en el Sistema Nacional de Salud y que tiene un costo que ronda los 10 mil d\u00f3lares.<\/p>\n<p>El Accidente Cerebro Vascular (ACV) es una enfermedad que se caracteriza por la presencia de un d\u00e9ficit neurol\u00f3gico de inicio s\u00fabito, ocasionado por una disminuci\u00f3n del flujo sangu\u00edneo cerebral (infarto) o bien por la extravasi\u00f3n de sangre por ruptura de los vasos (hemorragia).<\/p>\n<p>El ACV constituye una urgencia m\u00e9dica que requiere una intervenci\u00f3n diagn\u00f3stica y terap\u00e9utica <strong>inmediata<\/strong>. El infarto tarda algunas horas en desarrollarse y este tiempo, denominado ventana terap\u00e9utica, supone una oportunidad para evitar o minimizar el da\u00f1o cerebral. Los estudios han demostrado que si en las primeras horas se consigue bloquear los procesos metab\u00f3licos que conllevan a la muerte neuronal se reduce el \u00e1rea de necrosis y por lo tanto la morbilidad y la mortalidad asociada al ACV.<\/p>\n<p>La mejor\u00eda cl\u00ednica de los pacientes con ACV impacta directamente en los costos de atenci\u00f3n de los pacientes efectivamente rescatados, ya que el tiempo de permanencia en sistemas de internaci\u00f3n aguda (CTI), subaguda, cr\u00f3nica, o de rehabilitaci\u00f3n a largo plazo modifican dr\u00e1sticamente dichas variables; aun sin considerar el costo social, laboral y familiar que significa la convivencia con un paciente discapacitado.<\/p>\n<p>Hoy en nuestro pa\u00eds hay una falta de difusi\u00f3n de los factores de riesgo de la enfermedad cerebro vascular, as\u00ed como de la identificaci\u00f3n de sus primeros s\u00edntomas.\u00a0Muchos pacientes permanecen sub-diagnosticados, o llegan al centro de salud fuera de la ventana terap\u00e9utica, ya sea por falta de alarma en el domicilio o por demoras en los sistemas de traslado y algunos llegan a los centros de salud dentro de la ventana terap\u00e9utica, pero sin contar con la tecnolog\u00eda para un adecuado diagn\u00f3stico o el personal entrenado para un tratamiento suficiente.<\/p>\n<p>Por lo expuesto, resulta fundamental en consonancia con lo establecido en el art\u00edculo 44 de la Constituci\u00f3n de la Rep\u00fablica, revertir la dram\u00e1tica situaci\u00f3n en que nos encontramos en la actualidad.<\/p>\n<p>Se propone:<\/p>\n<ul>\n<li>Declarar de inter\u00e9s general la promoci\u00f3n de la prevenci\u00f3n del Accidente Cerebro Vascular.<br \/>\nGarantizar el acceso de toda la poblaci\u00f3n a la prevenci\u00f3n, diagn\u00f3stico y tratamiento adecuado del Accidente Cerebro Vascular.<\/li>\n<li>Cualquiera sea el prestador de salud, p\u00fablico o privado al que pertenezca la persona, tendr\u00e1 acceso a los procedimientos de diagn\u00f3stico adecuados y terap\u00e9utica endovascular para el tratamiento del Accidente Cerebro Vascular.<\/li>\n<li>Incluir la cobertura en el PIAS con financiaci\u00f3n directa de los prestadores de salud, o ser\u00e1 puesta a cargo del FNR, al incluirse en el Formulario Terap\u00e9utico en el Anexo correspondiente, seg\u00fan determine el Poder Ejecutivo a trav\u00e9s del MSP.<\/li>\n<li>Crear Centros Asistenciales de Referencia, garantiz\u00e1ndose que cuenten con el equipamiento y recursos humanos debidamente capacitados al respecto.<\/li>\n<li>Dise\u00f1ar e implementar campa\u00f1as p\u00fablicas de concientizaci\u00f3n, identificaci\u00f3n de los s\u00edntomas, y prevenci\u00f3n del Accidente Cerebro Vascular, as\u00ed como el dise\u00f1o de un protocolo que asegure la coordinaci\u00f3n de traslados adecuados y en tiempo de los pacientes con sintomatolog\u00eda compatible con ACV.<\/li>\n<\/ul>\n<p>En este breve video, los Dres. Roberto Crosa y Humberto Prinzo, neurocirujanos y especialistas en el tema, lo explican<\/p>\n<p><iframe width=\"560\" height=\"315\" src=\"https:\/\/www.youtube.com\/embed\/B2f9ku-IvLI\" frameborder=\"0\" allow=\"accelerometer; autoplay; encrypted-media; gyroscope; picture-in-picture\" allowfullscreen><\/iframe><\/p>\n","protected":false},"excerpt":{"rendered":"<p>La Organizaci\u00f3n Panamericana de la Salud registra al Uruguay como el pa\u00eds con mayor \u00edndice de mortalidad por ACV en Am\u00e9rica Latina y el Caribe, donde se registran 2500 muertes al a\u00f1o. Proponemos convertir el tema en un asunto de inter\u00e9s general para que la poblaci\u00f3n pueda informarse adecuadamente sobre tal enfermedad, sobre sus s\u00edntomas, [&hellip;]<\/p>\n","protected":false},"author":1,"featured_media":31956,"comment_status":"open","ping_status":"open","sticky":false,"template":"","format":"standard","meta":{"footnotes":""},"categories":[18,366],"tags":[338],"class_list":["post-31955","post","type-post","status-publish","format-standard","has-post-thumbnail","hentry","category-propuestas","category-una-propuesta-por-dia","tag-una-propuesta-por-dia"],"_links":{"self":[{"href":"https:\/\/alianzanacional.com.uy\/web\/wp-json\/wp\/v2\/posts\/31955","targetHints":{"allow":["GET"]}}],"collection":[{"href":"https:\/\/alianzanacional.com.uy\/web\/wp-json\/wp\/v2\/posts"}],"about":[{"href":"https:\/\/alianzanacional.com.uy\/web\/wp-json\/wp\/v2\/types\/post"}],"author":[{"embeddable":true,"href":"https:\/\/alianzanacional.com.uy\/web\/wp-json\/wp\/v2\/users\/1"}],"replies":[{"embeddable":true,"href":"https:\/\/alianzanacional.com.uy\/web\/wp-json\/wp\/v2\/comments?post=31955"}],"version-history":[{"count":3,"href":"https:\/\/alianzanacional.com.uy\/web\/wp-json\/wp\/v2\/posts\/31955\/revisions"}],"predecessor-version":[{"id":31961,"href":"https:\/\/alianzanacional.com.uy\/web\/wp-json\/wp\/v2\/posts\/31955\/revisions\/31961"}],"wp:featuredmedia":[{"embeddable":true,"href":"https:\/\/alianzanacional.com.uy\/web\/wp-json\/wp\/v2\/media\/31956"}],"wp:attachment":[{"href":"https:\/\/alianzanacional.com.uy\/web\/wp-json\/wp\/v2\/media?parent=31955"}],"wp:term":[{"taxonomy":"category","embeddable":true,"href":"https:\/\/alianzanacional.com.uy\/web\/wp-json\/wp\/v2\/categories?post=31955"},{"taxonomy":"post_tag","embeddable":true,"href":"https:\/\/alianzanacional.com.uy\/web\/wp-json\/wp\/v2\/tags?post=31955"}],"curies":[{"name":"wp","href":"https:\/\/api.w.org\/{rel}","templated":true}]}}