{"id":31976,"date":"2019-06-25T08:45:16","date_gmt":"2019-06-25T11:45:16","guid":{"rendered":"http:\/\/alianzanacional.com.uy\/web\/?p=31976"},"modified":"2019-06-26T20:52:15","modified_gmt":"2019-06-26T23:52:15","slug":"formacion-en-valores-y-construccion-de-ciudadania","status":"publish","type":"post","link":"https:\/\/alianzanacional.com.uy\/web\/formacion-en-valores-y-construccion-de-ciudadania\/","title":{"rendered":"Formaci\u00f3n en Valores y construcci\u00f3n de ciudadan\u00eda"},"content":{"rendered":"<p>Formar en Valores y construir ciudadan\u00eda, cumpliendo con el art\u00edculo 71 de la Constituci\u00f3n, cuyo mandato prescribe dicha obligaci\u00f3n sin discriminar entre niveles educativos ni entre formas de administraci\u00f3n de las instituciones. No se trata de una mera informaci\u00f3n o tratamiento aleatorio de las cuestiones morales y de ciudadan\u00eda, sino de algo m\u00e1s fuerte y sistem\u00e1tico.<\/p>\n<p>Consideramos que este cometido puede cumplirse sin agregar nuevas materias, a trav\u00e9s de un enfoque de transversalidad.<\/p>\n<p>Para su implementaci\u00f3n proponemos<\/p>\n<ul>\n<li>La planificaci\u00f3n de espacios de trabajo espec\u00edficos,<\/li>\n<li>Un plan de desarrollo de cuestiones y tem\u00e1ticas expl\u00edcitas trabajadas con sistematicidad y una metodolog\u00eda adecuada. No es posible improvisar o guiarse por meras intuiciones en un \u00e1rea tan delicada de formaci\u00f3n de la persona y de la ciudadan\u00eda democr\u00e1tica.<\/li>\n<li>La construcci\u00f3n dialogada entre docentes y estudiantes de normas de convivencia y criterios de relaci\u00f3n, devolvi\u00e9ndoles su significaci\u00f3n y sentido. Los abordajes de conflictos y escenarios de violencia deben ser objeto de contratos de convivencia que permitan dichas construcciones.<\/li>\n<\/ul>\n<p><a href=\"https:\/\/alianzanacional.com.uy\/web\/wp-content\/uploads\/2019\/06\/valores.jpg\"><img fetchpriority=\"high\" decoding=\"async\" class=\"alignnone size-large wp-image-31977\" src=\"https:\/\/alianzanacional.com.uy\/web\/wp-content\/uploads\/2019\/06\/valores-700x394.jpg\" alt=\"\" width=\"620\" height=\"349\" srcset=\"https:\/\/alianzanacional.com.uy\/web\/wp-content\/uploads\/2019\/06\/valores-700x394.jpg 700w, https:\/\/alianzanacional.com.uy\/web\/wp-content\/uploads\/2019\/06\/valores-400x225.jpg 400w, https:\/\/alianzanacional.com.uy\/web\/wp-content\/uploads\/2019\/06\/valores-768x432.jpg 768w, https:\/\/alianzanacional.com.uy\/web\/wp-content\/uploads\/2019\/06\/valores.jpg 1584w\" sizes=\"(max-width: 620px) 100vw, 620px\" \/><\/a><\/p>\n","protected":false},"excerpt":{"rendered":"<p>Formar en Valores y construir ciudadan\u00eda, cumpliendo con el art\u00edculo 71 de la Constituci\u00f3n, cuyo mandato prescribe dicha obligaci\u00f3n sin discriminar entre niveles educativos ni entre formas de administraci\u00f3n de las instituciones. No se trata de una mera informaci\u00f3n o tratamiento aleatorio de las cuestiones morales y de ciudadan\u00eda, sino de algo m\u00e1s fuerte y [&hellip;]<\/p>\n","protected":false},"author":1,"featured_media":31977,"comment_status":"open","ping_status":"open","sticky":false,"template":"","format":"standard","meta":{"footnotes":""},"categories":[18,366],"tags":[338],"class_list":["post-31976","post","type-post","status-publish","format-standard","has-post-thumbnail","hentry","category-propuestas","category-una-propuesta-por-dia","tag-una-propuesta-por-dia"],"_links":{"self":[{"href":"https:\/\/alianzanacional.com.uy\/web\/wp-json\/wp\/v2\/posts\/31976","targetHints":{"allow":["GET"]}}],"collection":[{"href":"https:\/\/alianzanacional.com.uy\/web\/wp-json\/wp\/v2\/posts"}],"about":[{"href":"https:\/\/alianzanacional.com.uy\/web\/wp-json\/wp\/v2\/types\/post"}],"author":[{"embeddable":true,"href":"https:\/\/alianzanacional.com.uy\/web\/wp-json\/wp\/v2\/users\/1"}],"replies":[{"embeddable":true,"href":"https:\/\/alianzanacional.com.uy\/web\/wp-json\/wp\/v2\/comments?post=31976"}],"version-history":[{"count":3,"href":"https:\/\/alianzanacional.com.uy\/web\/wp-json\/wp\/v2\/posts\/31976\/revisions"}],"predecessor-version":[{"id":31980,"href":"https:\/\/alianzanacional.com.uy\/web\/wp-json\/wp\/v2\/posts\/31976\/revisions\/31980"}],"wp:featuredmedia":[{"embeddable":true,"href":"https:\/\/alianzanacional.com.uy\/web\/wp-json\/wp\/v2\/media\/31977"}],"wp:attachment":[{"href":"https:\/\/alianzanacional.com.uy\/web\/wp-json\/wp\/v2\/media?parent=31976"}],"wp:term":[{"taxonomy":"category","embeddable":true,"href":"https:\/\/alianzanacional.com.uy\/web\/wp-json\/wp\/v2\/categories?post=31976"},{"taxonomy":"post_tag","embeddable":true,"href":"https:\/\/alianzanacional.com.uy\/web\/wp-json\/wp\/v2\/tags?post=31976"}],"curies":[{"name":"wp","href":"https:\/\/api.w.org\/{rel}","templated":true}]}}