{"id":32021,"date":"2019-06-27T15:38:17","date_gmt":"2019-06-27T18:38:17","guid":{"rendered":"http:\/\/alianzanacional.com.uy\/web\/?p=32021"},"modified":"2019-06-27T15:49:09","modified_gmt":"2019-06-27T18:49:09","slug":"programa-nacional-por-la-lectura","status":"publish","type":"post","link":"https:\/\/alianzanacional.com.uy\/web\/programa-nacional-por-la-lectura\/","title":{"rendered":"Programa Nacional por la Lectura"},"content":{"rendered":"<p>Aprender durante el primer grado escolar requiere no s\u00f3lo asistir a la escuela sino tambi\u00e9n estar \u201cpreparado\u201d para aprender. Muchos alumnos finalizan la educaci\u00f3n primaria sin haber adquirido las capacidades b\u00e1sicas para leer y entender lo que leen. Son alumnos que si bien han ido pasando de grado en grado a lo largo de la educaci\u00f3n primaria tienen una insuficiencia en destrezas de nivel b\u00e1sico en lectura que terminan afectando luego los niveles superiores (comprender los conceptos e ideas del texto) y comprometen la automatizaci\u00f3n adecuada del proceso lector.<\/p>\n<p>La evaluaci\u00f3n nacional en primaria realizada por el INEEd en  2017  se\u00f1ala que casi la mitad (47,6%) de los estudiantes de tercer grado a nivel nacional y 7 de cada 10 de los provenientes de escuelas de contexto muy desfavorable no logran superar el nivel 2 de lectura en una escala de 5 niveles. Es decir, no comprenden lo que leen. Por otra parte, al igual que en tercer grado, se registran en sexto a\u00f1o marcadas diferencias asociadas al contexto socioecon\u00f3mico y cultural de los estudiantes.<\/p>\n<p>Nos establecemos como meta reducir en 70% el porcentaje de alumnos con bajo rendimiento en lectura al finalizar la educaci\u00f3n primaria (evaluaci\u00f3n por sistema Aristas) y mejorar los aprendizajes en las pruebas TERCE\/UNESCO.<br \/>\na) lograr que el nivel de insuficiencia (nivel 1) en lectura disminuya al 10% en tercer a\u00f1o de escuela;<br \/>\nb) lograr que la suficiencia m\u00ednima se universalice en sexto a\u00f1o de escuela;<br \/>\nc) lograr que el promedio de puntaje en las pruebas de lengua aumentan un 30% respecto a la \u00faltima medici\u00f3n.<\/p>\n<p>Para ello proponemos un <strong>Programa Nacional por la Lectura<\/strong> que fortalezca el capital cultural y poner los libros (impresos y virtuales) al alcance de la gente; democratizando el acceso a la informaci\u00f3n y la cultura; promoviendo la lectura \u00aben l\u00ednea\u00bb; estimulando y desarrollando los h\u00e1bitos de lectura; desarrollando una bien pensada campa\u00f1a para crear el gusto y el placer por la lectura. Hacer buen uso de la Biblioteca Pa\u00eds del Plan Ceibal como herramienta.<\/p>\n<p>Una cosa es crecer en un hogar que valora el aprendizaje, los libros est\u00e1n presentes, y hay un rico vocabulario e intercambio en la comunicaci\u00f3n. Otra, muy distinta, es crecer en un hogar donde las maneras y formas de comunicarse y el nivel de vocabulario son notoriamente d\u00e9biles e insuficientes. Los primeros comienzan la escuela ya habiendo escuchado seis a diez veces m\u00e1s palabras que los segundos y tienen mayor chance que los segundos de contar con un buen desarrollo de recursos cognitivos fundamentales.<\/p>\n<p>Tengamos presente que ya a los 2 a\u00f1os de edad los ni\u00f1os y ni\u00f1as de familias con mayor debilidad socio-econ\u00f3mico-cultural presentan meses de atraso en el desarrollo del lenguaje.<br \/>\nUn ni\u00f1o peque\u00f1o al que se le leen cuentos desarrolla el lenguaje oral y su capacidad de comprensi\u00f3n receptiva, desarrolla la curiosidad y el gusto por la lectura, va construyendo su diccionario mental y aumentando su vocabulario. Los padres que leen en voz alta y hablan a menudo a los ni\u00f1os peque\u00f1os est\u00e1n promoviendo el desarrollo del cerebro.<\/p>\n<p>Un ni\u00f1o que ya est\u00e1 aprendiendo a leer y lo hace con frecuencia y con entusiasmo, fortalece su diccionario mental al ir aprendiendo palabras nuevas, adquiere vocabulario, automatiza los procesos de reconocimiento visual de la palabra escrita, y aprende a leer con fluidez (rapidez y precisi\u00f3n). Una vez que analiza y lee correctamente una determinada palabra varias veces, se forma un modelo neural de la forma espec\u00edfica de esa palabra. Este modelo neural refleja la pronunciaci\u00f3n, deletreo, ortograf\u00eda, y significado de la palabra. Luego, alcanza con ver la palabra escrita para autom\u00e1ticamente activar su \u201cforma\u201d y toda otra informaci\u00f3n relevante de esa palabra. Esto se termina haciendo sin esfuerzo y sin pensarlo.<\/p>\n<p>Un ni\u00f1o en edad escolar avanzada y un adolescente que leen con frecuencia enriquecen su vocabulario y su capacidad de comprensi\u00f3n lectora y tienen mucha m\u00e1s chance de ser lectores competentes en el futuro y tener \u00e9xito en sus estudios y m\u00e1s all\u00e1 de sus estudios. Para obtener calidad en lectura tiene que haber cantidad.<\/p>\n<p>Las escuelas de tiempo completo pueden ofrecer espacios y tiempos pensados y organizados para la lectura compartida de adultos, adolescentes, y ni\u00f1os. Un lugar seguro para reunirse (servicio a la comunidad). Un tiempo de lectura semanal en voz alta donde los ni\u00f1os y ni\u00f1as de diferentes edades y adolescentes, junto con sus familias, tengan la oportunidad de escuchar de parte de educadores, adultos en general, y sus pares, cuentos, historias y narraciones de lecturas apropiadas para la edad.<\/p>\n<p><a href=\"https:\/\/alianzanacional.com.uy\/web\/wp-content\/uploads\/2019\/06\/lectura.jpg\"><img fetchpriority=\"high\" decoding=\"async\" src=\"https:\/\/alianzanacional.com.uy\/web\/wp-content\/uploads\/2019\/06\/lectura-700x394.jpg\" alt=\"\" width=\"620\" height=\"349\" class=\"alignnone size-large wp-image-32022\" srcset=\"https:\/\/alianzanacional.com.uy\/web\/wp-content\/uploads\/2019\/06\/lectura-700x394.jpg 700w, https:\/\/alianzanacional.com.uy\/web\/wp-content\/uploads\/2019\/06\/lectura-400x225.jpg 400w, https:\/\/alianzanacional.com.uy\/web\/wp-content\/uploads\/2019\/06\/lectura-768x432.jpg 768w, https:\/\/alianzanacional.com.uy\/web\/wp-content\/uploads\/2019\/06\/lectura.jpg 1584w\" sizes=\"(max-width: 620px) 100vw, 620px\" \/><\/a><\/p>\n","protected":false},"excerpt":{"rendered":"<p>Aprender durante el primer grado escolar requiere no s\u00f3lo asistir a la escuela sino tambi\u00e9n estar \u201cpreparado\u201d para aprender. Muchos alumnos finalizan la educaci\u00f3n primaria sin haber adquirido las capacidades b\u00e1sicas para leer y entender lo que leen. Son alumnos que si bien han ido pasando de grado en grado a lo largo de la [&hellip;]<\/p>\n","protected":false},"author":1,"featured_media":32022,"comment_status":"open","ping_status":"open","sticky":false,"template":"","format":"standard","meta":{"footnotes":""},"categories":[18,366],"tags":[338],"class_list":["post-32021","post","type-post","status-publish","format-standard","has-post-thumbnail","hentry","category-propuestas","category-una-propuesta-por-dia","tag-una-propuesta-por-dia"],"_links":{"self":[{"href":"https:\/\/alianzanacional.com.uy\/web\/wp-json\/wp\/v2\/posts\/32021","targetHints":{"allow":["GET"]}}],"collection":[{"href":"https:\/\/alianzanacional.com.uy\/web\/wp-json\/wp\/v2\/posts"}],"about":[{"href":"https:\/\/alianzanacional.com.uy\/web\/wp-json\/wp\/v2\/types\/post"}],"author":[{"embeddable":true,"href":"https:\/\/alianzanacional.com.uy\/web\/wp-json\/wp\/v2\/users\/1"}],"replies":[{"embeddable":true,"href":"https:\/\/alianzanacional.com.uy\/web\/wp-json\/wp\/v2\/comments?post=32021"}],"version-history":[{"count":4,"href":"https:\/\/alianzanacional.com.uy\/web\/wp-json\/wp\/v2\/posts\/32021\/revisions"}],"predecessor-version":[{"id":32027,"href":"https:\/\/alianzanacional.com.uy\/web\/wp-json\/wp\/v2\/posts\/32021\/revisions\/32027"}],"wp:featuredmedia":[{"embeddable":true,"href":"https:\/\/alianzanacional.com.uy\/web\/wp-json\/wp\/v2\/media\/32022"}],"wp:attachment":[{"href":"https:\/\/alianzanacional.com.uy\/web\/wp-json\/wp\/v2\/media?parent=32021"}],"wp:term":[{"taxonomy":"category","embeddable":true,"href":"https:\/\/alianzanacional.com.uy\/web\/wp-json\/wp\/v2\/categories?post=32021"},{"taxonomy":"post_tag","embeddable":true,"href":"https:\/\/alianzanacional.com.uy\/web\/wp-json\/wp\/v2\/tags?post=32021"}],"curies":[{"name":"wp","href":"https:\/\/api.w.org\/{rel}","templated":true}]}}