{"id":32067,"date":"2019-08-07T11:56:29","date_gmt":"2019-08-07T14:56:29","guid":{"rendered":"http:\/\/alianzanacional.com.uy\/web\/?p=32067"},"modified":"2019-08-07T11:56:29","modified_gmt":"2019-08-07T14:56:29","slug":"cuando-el-frente-habla-contra-vivir-sin-miedo-habla-el-problema-contra-la-solucion","status":"publish","type":"post","link":"https:\/\/alianzanacional.com.uy\/web\/cuando-el-frente-habla-contra-vivir-sin-miedo-habla-el-problema-contra-la-solucion\/","title":{"rendered":"Cuando el Frente habla contra Vivir Sin Miedo, habla el problema contra la soluci\u00f3n"},"content":{"rendered":"<p><a href=\"https:\/\/alianzanacional.com.uy\/web\/wp-content\/uploads\/2019\/08\/8202793351645150816__F3A8169.jpeg\"><img fetchpriority=\"high\" decoding=\"async\" class=\"alignnone size-large wp-image-32068\" src=\"https:\/\/alianzanacional.com.uy\/web\/wp-content\/uploads\/2019\/08\/8202793351645150816__F3A8169-700x467.jpeg\" alt=\"\" width=\"620\" height=\"414\" srcset=\"https:\/\/alianzanacional.com.uy\/web\/wp-content\/uploads\/2019\/08\/8202793351645150816__F3A8169-700x467.jpeg 700w, https:\/\/alianzanacional.com.uy\/web\/wp-content\/uploads\/2019\/08\/8202793351645150816__F3A8169-400x267.jpeg 400w, https:\/\/alianzanacional.com.uy\/web\/wp-content\/uploads\/2019\/08\/8202793351645150816__F3A8169-768x512.jpeg 768w\" sizes=\"(max-width: 620px) 100vw, 620px\" \/><\/a><\/p>\n<p>El Frente Amplio es parte del problema en dos de los mayores asuntos nacionales: la educaci\u00f3n y la seguridad.<\/p>\n<p>All\u00ed, en esos problemas, se hace evidente que sus l\u00f3gicas internas lo llevan a negar los hechos, a relativizar la realidad. Y cuando se empieza a negar los hechos para que pueda entrar en un relato, en un discurso, ah\u00ed un proyecto pol\u00edtico marca que est\u00e1 sin futuro. Y eso le pasa al Frente Amplio, son un pasado que quiere prolongarse, perdieron la capacidad de generar futuro.<\/p>\n<p>Una fuerza de pasado es la que empieza a negar los hechos. Por ejemplo, lo que sucede en educaci\u00f3n: como los resultados del INEED son malos, pretenden discutir al INEED y no los resultados. Como los resultados en seguridad son malos, se discute a quienes proponemos alternativas como la reforma constitucional, pero no se asume el problema.<\/p>\n<p>As\u00ed en todo.<\/p>\n<p>Si no cambiamos al Frente, el Frente nos va a cambiar como sociedad, nos va a terminar de convertir en un pa\u00eds de tercera, con una educaci\u00f3n de tercera y una seguridad de tercera.<\/p>\n<p>El cambio es imprescindible, ese es el desaf\u00edo de los distintos partidos de la oposici\u00f3n, estar a la altura del desaf\u00edo.<\/p>\n<p>En materia de seguridad, el vocero del candidato oficialista Gustavo Leal critic\u00f3 hace unos d\u00edas en una nota de prensa nuestra propuesta de reforma constitucional diciendo que utilizar militares en ayuda a la polic\u00eda \u201c<em>es mano bruta, mano ciega y mano sorda\u201d. <\/em>Todo eso. Un combo de prejuicios contra los militares y contra los que queremos una alternativa en materia de seguridad.<\/p>\n<p>El Sr. Leal parece ser experto en lo que no hay que hacer y tambi\u00e9n en lo que hay que hacer. Le recuerdo que son gobierno, que han gobernado 15 a\u00f1os y es en este per\u00edodo que la delincuencia le ha ganado la batalla al Estado. Su p\u00e9sima gesti\u00f3n, su inacci\u00f3n, su pol\u00edtica de seguridad ha colocado al pa\u00eds en una situaci\u00f3n de emergencia, donde los uruguayos honestos viven con miedo y expuestos a la delincuencia. \u00bfQu\u00e9 c\u00e1tedra de lo que est\u00e1 bien o mal puede hacer? \u00c9l es parte del fracaso.<\/p>\n<p>A su vez dijo que en un nuevo gobierno del Frente Amplio <em>\u201cse deben instrumentar cambios, ajustes y profundizar algunas pol\u00edticas sin miedo de ejercer la autoridad\u201d. <\/em>\u00bfPor qu\u00e9 no lo hacen ahora? \u00bfPor qu\u00e9 no han aplicado todo lo que dicen que hay que hacer? Ya son Gobierno. \u00bfPor qu\u00e9 esperar? Sencillo, porque prometen pero no lo har\u00e1n, porque no pueden, porque si aprietan, tienen un l\u00edo adentro del FA, porque hay en el seno de la izquierda uruguaya enormes prejuicios y pruritos para ejercer la autoridad y reprimir el delito.<\/p>\n<p>El Frente Amplio se ha dejado dominar por las visiones sociol\u00f3gicas que poco menos que hacen responsable a la sociedad por la delincuencia, han sido tolerantes con el delincuente, porque en el fondo, algunos los consideran v\u00edctimas de la sociedad. Empezaron el gobierno quitando facultades a la Polic\u00eda y liberando presos. Y esa matriz de desconfianza hacia el ejercicio de autoridad ha afectado a la instituci\u00f3n policial que hoy reclama y necesita apoyo y respaldo.<\/p>\n<p>Los <em>\u201ccambios y ajustes\u201d<\/em> a los que refiere el Sr. Leal deben ser totales, porque es la actual pol\u00edtica de seguridad la que debe cambiar, junto con el gobierno.<\/p>\n<p>No tienen autoridad para prometer para el futuro lo que no han hecho cuando son gobierno.<\/p>\n<p>El Frente Amplio se ha sumado a la campa\u00f1a contra la reforma constitucional Vivir Sin Miedo y eso tiene un enorme peso a favor de la reforma, porque es el problema que habla contra la soluci\u00f3n.<\/p>\n<p>La reforma es la forma, la mejor forma de tener mejores instrumentos para combatir a la delincuencia.<\/p>\n<p>No hay ning\u00fan cambio m\u00e1s fuerte, contundente e inmediato que el que propone la reforma constitucional que nosotros impulsamos y que ha recibido el respaldo de m\u00e1s de 400.000 compatriotas.<\/p>\n<p>El pr\u00f3ximo 27 de octubre hay que poner la papeleta del S\u00ed para decirle <em>no va m\u00e1s<\/em> a la delincuencia.<\/p>\n<p>&nbsp;<\/p>\n<p style=\"text-align: center;\">Jorge Larra\u00f1aga<\/p>\n","protected":false},"excerpt":{"rendered":"<p>El Frente Amplio es parte del problema en dos de los mayores asuntos nacionales: la educaci\u00f3n y la seguridad. All\u00ed, en esos problemas, se hace evidente que sus l\u00f3gicas internas lo llevan a negar los hechos, a relativizar la realidad. Y cuando se empieza a negar los hechos para que pueda entrar en un relato, [&hellip;]<\/p>\n","protected":false},"author":1,"featured_media":32068,"comment_status":"open","ping_status":"open","sticky":false,"template":"","format":"standard","meta":{"footnotes":""},"categories":[17],"tags":[],"class_list":["post-32067","post","type-post","status-publish","format-standard","has-post-thumbnail","hentry","category-columna"],"_links":{"self":[{"href":"https:\/\/alianzanacional.com.uy\/web\/wp-json\/wp\/v2\/posts\/32067","targetHints":{"allow":["GET"]}}],"collection":[{"href":"https:\/\/alianzanacional.com.uy\/web\/wp-json\/wp\/v2\/posts"}],"about":[{"href":"https:\/\/alianzanacional.com.uy\/web\/wp-json\/wp\/v2\/types\/post"}],"author":[{"embeddable":true,"href":"https:\/\/alianzanacional.com.uy\/web\/wp-json\/wp\/v2\/users\/1"}],"replies":[{"embeddable":true,"href":"https:\/\/alianzanacional.com.uy\/web\/wp-json\/wp\/v2\/comments?post=32067"}],"version-history":[{"count":1,"href":"https:\/\/alianzanacional.com.uy\/web\/wp-json\/wp\/v2\/posts\/32067\/revisions"}],"predecessor-version":[{"id":32069,"href":"https:\/\/alianzanacional.com.uy\/web\/wp-json\/wp\/v2\/posts\/32067\/revisions\/32069"}],"wp:featuredmedia":[{"embeddable":true,"href":"https:\/\/alianzanacional.com.uy\/web\/wp-json\/wp\/v2\/media\/32068"}],"wp:attachment":[{"href":"https:\/\/alianzanacional.com.uy\/web\/wp-json\/wp\/v2\/media?parent=32067"}],"wp:term":[{"taxonomy":"category","embeddable":true,"href":"https:\/\/alianzanacional.com.uy\/web\/wp-json\/wp\/v2\/categories?post=32067"},{"taxonomy":"post_tag","embeddable":true,"href":"https:\/\/alianzanacional.com.uy\/web\/wp-json\/wp\/v2\/tags?post=32067"}],"curies":[{"name":"wp","href":"https:\/\/api.w.org\/{rel}","templated":true}]}}