{"id":32084,"date":"2019-09-14T13:17:43","date_gmt":"2019-09-14T16:17:43","guid":{"rendered":"http:\/\/alianzanacional.com.uy\/web\/?p=32084"},"modified":"2019-09-14T13:17:43","modified_gmt":"2019-09-14T16:17:43","slug":"mas-sopa-no-gracias","status":"publish","type":"post","link":"https:\/\/alianzanacional.com.uy\/web\/mas-sopa-no-gracias\/","title":{"rendered":"M\u00e1s sopa no, gracias"},"content":{"rendered":"<p><strong>El relato de un fracaso<\/strong><\/p>\n<p>Hace pocas horas el candidato oficialista Daniel Mart\u00ednez, junto a su asesor en temas de seguridad Gustavo Leal (tambi\u00e9n asesor de Bonomi) presentaron un documento denominado <em>\u00a812 medidas y compromisos para ir hacia Adelante en seguridad y convivencia\u00a8.<\/em><\/p>\n<p>A pesar de lo que sugiere el nombre, las medidas all\u00ed explicitadas no llevan <em>hacia adelante<\/em>, sino que por el contrario suponen un estancamiento, y <strong>representan el segundo tiempo de pol\u00edticas que ya fracasaron. <\/strong><\/p>\n<p>El Gobierno del Frente Amplio fracas\u00f3 en la misi\u00f3n de proteger a los uruguayos porque nunca tuvo la decisi\u00f3n de enfrentar el delito. Han pasado de diagn\u00f3stico en diagn\u00f3stico y han sido permisivos con la delincuencia porque en el fondo tienen prejuicios para ejercer la autoridad. Confunden autoridad con autoritarismo, y est\u00e1n permeados por las visiones sociol\u00f3gicas que culpan a la sociedad por sus delincuentes. Como dijo el ex precandidato Bergara, tienen una visi\u00f3n<em> \u00a8frutillita\u00a8 <\/em>de la seguridad; y como no tienen la decisi\u00f3n de combatir al delito, ning\u00fan cambio puede provenir del continuismo de las pol\u00edticas probadamente ineficientes como las que propone el candidato oficialista.<\/p>\n<p>Le dicen a los uruguayos que si ganan por cuarta vez van a desarrollar lo que llaman programa \u00a8<em>M\u00e1s Barrio\u00a8 <\/em>desplegando \u00a8<em>un conjunto integral de acciones urbanas, habitacionales, sociales y de seguridad (\u2026)\u00a8 <\/em>para<em> \u00a8retejer la fractura social y romper la din\u00e1mica de grupos criminales organizados con una potente presencia del Estado\u00a8. <\/em><\/p>\n<p>Para ello, entre otras cosas, prometen: <em>construcci\u00f3n de calles y veredas, construcci\u00f3n de plazas de convivencia, iluminaci\u00f3n y construcci\u00f3n de senderos seguros, instalaci\u00f3<\/em><em>n de mobiliario urbano b<\/em><em>\u00e1<\/em><em>sico, especialmente paradas de <\/em><em>\u00f3mnibus iluminadas y con se\u00f1alizaci\u00f3n adecuada, limpieza de espacios p\u00fablicos y basurales, legalizaci\u00f3n de servicios p\u00fablicos (OSE y UTE), 5000 soluciones habitacionales para situaciones cr\u00ed<\/em><em>ticas<\/em><em>\u00a8<\/em>.<\/p>\n<p><strong>Eso que prometen lo podr\u00edan haber hecho en estos 15 a\u00f1os de Gobierno nacional, y en los 30 a\u00f1os que han gobernado Montevideo. <\/strong>Mart\u00ednez no ha podido ordenar la recolecci\u00f3n de basura y hasta tuvo que recurrir a militares cuando tuvo conflicto con Adeom y promete poco menos que rehacer los barrios, los mismos barrios que desatendi\u00f3 \u00e9l y todos los gobiernos del Frente.<\/p>\n<p>Y prometen que van a \u00a8<em>profundizar los operativos Mirador\u00a8 <\/em>(son los operativos en los que va el soci\u00f3logo Leal con la prensa) y que \u00a8<em>s<\/em><em>e crear<\/em><em>\u00e1n equipos de investigaci\u00f3n criminal de alta dedicaci\u00f3n operativa para cada una de las zonas asignadas\u00a8. <\/em><strong>No puedo imaginar confesi\u00f3n m\u00e1s grande, m\u00e1s grave y m\u00e1s irresponsable de una fuerza que est\u00e1 en el Gobierno. Hablan como si fueran escandinavos reci\u00e9n llegados al Uruguay. Se\u00f1ores, ustedes son el Gobierno. Si no hay <em>equipos de investigaci\u00f3n criminal de alta dedicaci\u00f3n operativa <\/em>es porque ustedes no los crearon. <\/strong><\/p>\n<p><strong>Todo lo que dicen que har\u00e1n es la confesi\u00f3n de todo lo que no han hecho.<\/strong><\/p>\n<p>Prometen tambi\u00e9n la <em>\u00a8p<\/em><em>ersecuci<\/em><em>\u00f3<\/em><em>n sistem<\/em><em>\u00e1tica y conducci\u00f3n judicial al narcomenudeo clausurando bocas de venta de droga y tapiando y\/o demoliendo estructuras utilizadas para dicho fines\u00a8 <\/em>y \u00a8<em>patrullaje intenso y reforzado del PADO donde haya controles sistem\u00e1ticos de motos y de identidad\u00a8. <\/em>Son los mismos que se opusieron a agravar penas cuando se usa un hogar como boca de pasta base, los mismos que se oponen -ahora- a la posibilidad de allanamientos nocturnos (cuando el proyecto de Ley de Procedimiento Policial de 2006 firmado por el entonces Ministro Jos\u00e9 D\u00edaz y el Presidente V\u00e1zquez tambi\u00e9n la preve\u00eda). Los mismos que a poco de asumir el Gobierno le quitaron a la Polic\u00eda la posibilidad de pedir identificaci\u00f3n.<\/p>\n<p>Otra \u00a8propuesta\u00a8 es \u00a8<em>Di<\/em><em>\u00e1logo entre vecinos y la Polic\u00eda para mejorar la situaci\u00f3n de seguridad en cada lugar\u00a8. <\/em>Nada que agregar.<\/p>\n<p>Obviamente, fieles al sistema frenteamplista, este conjunto de medidas supone un incremento del gasto en seguridad: 50 millones de d\u00f3lares m\u00e1s al a\u00f1o. Cabe recordar que los gobiernos frentistas aumentaron el gasto en seguridad llev\u00e1ndolo a 850 millones de d\u00f3lares, y lejos de obtener mejores resultados, \u00a8logr\u00f3\u00a8 batir los r\u00e9cords de delitos. Siguen fieles a ponerle plata a los problemas y no soluciones.<\/p>\n<p>Otro punto a destacar de esas medidas propuestas por quienes son Gobierno, es la de instalar \u00a8<em>en la Direcci\u00f3n de Investigaciones de la Polic\u00eda un Cuerpo de Elite destinado a investigar y reprimir el ingreso, almacenamiento y env\u00edo al exterior de cargamentos vinculados al narcotr\u00e1<\/em><em>fico<\/em><em>\u00a8<\/em>. Esta parece ser la reacci\u00f3n a que les haya pasado por delante 5.000 kilos de coca\u00edna, que entr\u00f3 y sali\u00f3 del pa\u00eds y nos enteramos porque los descubrieron en Europa; entr\u00f3 y sali\u00f3 un elefante de coca\u00edna y no lo vieron. Mientras tanto, la ley 19.677 aprobada hace 10 meses y por la cual se confieren funciones policiales a las Fuerzas Armadas en la zona de frontera de 20 km. (excepto centros poblados) sigue sin reglamentarse y las fronteras siguen en total vulnerabilidad. Es evidente que el Gobierno no reglamenta la ley para no darnos la raz\u00f3n, para no reconocer que utilizan militares en funciones t\u00edpicamente policiales. El Gobierno hace campa\u00f1a en la omisi\u00f3n de reglamentar.<\/p>\n<p>Por supuesto, un buen plan de propuestas frenteamplistas no puede dejarnos sin usar el verbo \u00a8tender\u00a8. Dentro de las propuestas de <em>\u00a8transformaci\u00f3n carcelaria\u00a8<\/em> dicen <em>\u00a8tenderemos a que existan nuevas unidades de gesti\u00f3n en las c\u00e1rceles actuales y en el futuro construir c\u00e1rceles m\u00e1s chicas\u00a8. <\/em>Todo cuesti\u00f3n de fe, claro, habr\u00eda que tener fe en quienes no han cumplido sus promesas. Proclaman c\u00e1rceles m\u00e1s chicas y a Punta Rieles la hicieron de 2.000 plazas.<\/p>\n<p>Y claro, no pod\u00eda faltar la f\u00f3rmula asamble\u00edsta: \u00a8<em>instalaremos un Gabinete de Convivencia y Seguridad para coordinar desde la Presidencia la articulaci\u00f3n entre las estrategias de seguridad y las pol\u00edticas sociales. Esto implica un funcionamiento con una integraci\u00f3n del Gabinete dirigido por Presidencia e integrado por varios Ministerios y un monitoreo y seguimiento de los planes y programas desde la Secretar\u00eda de Prevenci\u00f3n de la Violencia\u00a8. <\/em><\/p>\n<p>Ni los opositores m\u00e1s ac\u00e9rrimos hab\u00edamos podido detallar con tanta precisi\u00f3n el fracaso del Frente Amplio como lo hace el relatorio de medidas que propone el candidato oficialista y su equipo. Todo lo que propone supone la confesi\u00f3n expl\u00edcita de lo que no han hecho, del mal rumbo que tienen en materia de seguridad; es el relato de un estrepitoso fracaso.<\/p>\n<p><strong>El conjunto de medidas de Mart\u00ednez, de Leal y de Bonomi, que es <\/strong><strong>quien ha marcado la pol\u00edtica de seguridad del Frente, suponen m\u00e1s de lo mismo. M\u00e1s de lo malo. M\u00e1s de lo que fracas\u00f3.<\/strong><\/p>\n<p>Porque le agregan de todo menos lo que de verdad se necesita: voluntad de combatir al delito, voluntad de defender al honesto. Voluntad de ejercer la autoridad sin complejo de culpa.<\/p>\n<p>Sin esa voluntad de cambio en la orientaci\u00f3n del gobierno de la seguridad p\u00fablica, no puede haber mejores resultados.<\/p>\n<p><strong>El Partido Nacional tiene el compromiso de abordar el problema de la seguridad sin prejuicios, fortaleciendo jur\u00ed<\/strong><strong>dic<\/strong><strong>a <\/strong><strong>y simb<\/strong><strong>\u00f3licamente a la Polic\u00eda, reorganiz\u00e1ndola para que tenga mejores herramientas para reprimir el delito, para que c<\/strong><strong>ombat<\/strong><strong>a<\/strong><strong> frontal<\/strong><strong>mente al crimen organizado, recuperando territorios que han sido abandonados por el Estado. Compromiso con la reforma del<\/strong><strong> sistema carcelario<\/strong><strong> y con las pol\u00edticas de prevenci\u00f3n, y rehabilitaci\u00f3n.<\/strong><\/p>\n<p><strong>\u00a0Con la propuesta del Partido Nacional y con los cambios que nosotros impulsamos con la reforma constitucional Vivir Sin Miedo, le estaremos dando a los uruguayos un nuevo modelo de seguridad que pone como centro la defensa del derecho primordial que tiene todo ciudadano: vivir seguro.<\/strong><\/p>\n<p><strong>Como si los uruguayos nos hubi\u00e9ramos portado mal, como si hubi\u00e9ramos hecho algo malo, Mart\u00ednez, Leal y Bonomi recrean el dicho, <em>si no quer\u00e9s sopa, otro plato<\/em>, as\u00ed, m\u00e1s como castigo que como propuesta, nos ofrecen a los uruguayos otro plato de una sopa ins\u00edpida y desabrida. Y no, los uruguayos no hicimos nada malo, y por eso le decimos a Mart\u00ednez y al Frente Amplio: m\u00e1s sopa no, gracias.<\/strong><\/p>\n<p>&nbsp;<\/p>\n<p style=\"text-align: center;\">Jorge Larra\u00f1aga<\/p>\n","protected":false},"excerpt":{"rendered":"<p>El relato de un fracaso Hace pocas horas el candidato oficialista Daniel Mart\u00ednez, junto a su asesor en temas de seguridad Gustavo Leal (tambi\u00e9n asesor de Bonomi) presentaron un documento denominado \u00a812 medidas y compromisos para ir hacia Adelante en seguridad y convivencia\u00a8. A pesar de lo que sugiere el nombre, las medidas all\u00ed explicitadas [&hellip;]<\/p>\n","protected":false},"author":1,"featured_media":32085,"comment_status":"open","ping_status":"open","sticky":false,"template":"","format":"standard","meta":{"footnotes":""},"categories":[17],"tags":[],"class_list":["post-32084","post","type-post","status-publish","format-standard","has-post-thumbnail","hentry","category-columna"],"_links":{"self":[{"href":"https:\/\/alianzanacional.com.uy\/web\/wp-json\/wp\/v2\/posts\/32084","targetHints":{"allow":["GET"]}}],"collection":[{"href":"https:\/\/alianzanacional.com.uy\/web\/wp-json\/wp\/v2\/posts"}],"about":[{"href":"https:\/\/alianzanacional.com.uy\/web\/wp-json\/wp\/v2\/types\/post"}],"author":[{"embeddable":true,"href":"https:\/\/alianzanacional.com.uy\/web\/wp-json\/wp\/v2\/users\/1"}],"replies":[{"embeddable":true,"href":"https:\/\/alianzanacional.com.uy\/web\/wp-json\/wp\/v2\/comments?post=32084"}],"version-history":[{"count":1,"href":"https:\/\/alianzanacional.com.uy\/web\/wp-json\/wp\/v2\/posts\/32084\/revisions"}],"predecessor-version":[{"id":32086,"href":"https:\/\/alianzanacional.com.uy\/web\/wp-json\/wp\/v2\/posts\/32084\/revisions\/32086"}],"wp:featuredmedia":[{"embeddable":true,"href":"https:\/\/alianzanacional.com.uy\/web\/wp-json\/wp\/v2\/media\/32085"}],"wp:attachment":[{"href":"https:\/\/alianzanacional.com.uy\/web\/wp-json\/wp\/v2\/media?parent=32084"}],"wp:term":[{"taxonomy":"category","embeddable":true,"href":"https:\/\/alianzanacional.com.uy\/web\/wp-json\/wp\/v2\/categories?post=32084"},{"taxonomy":"post_tag","embeddable":true,"href":"https:\/\/alianzanacional.com.uy\/web\/wp-json\/wp\/v2\/tags?post=32084"}],"curies":[{"name":"wp","href":"https:\/\/api.w.org\/{rel}","templated":true}]}}