{"id":32104,"date":"2019-09-27T14:02:12","date_gmt":"2019-09-27T17:02:12","guid":{"rendered":"http:\/\/alianzanacional.com.uy\/web\/?p=32104"},"modified":"2019-09-27T14:02:12","modified_gmt":"2019-09-27T17:02:12","slug":"se-van","status":"publish","type":"post","link":"https:\/\/alianzanacional.com.uy\/web\/se-van\/","title":{"rendered":"Se van"},"content":{"rendered":"<p>El desespero en el Gobierno es grande. A 30 d\u00edas de la elecci\u00f3n desde el Frente Amplio se sale en masa a atacar a la oposici\u00f3n y especialmente al Partido Nacional y a nuestro candidato Luis Lacalle Pou.<\/p>\n<p>Pareciera que a los portavoces del Frente Amplio les dieron un manual con palabras clave:\u00a0<em>oligarqu\u00eda, La Tahona, British, Macri<\/em>, por supuesto no puede faltar\u00a0<em>la derecha,\u00a0<\/em>entre otras consignas sin sustento y falsas dicotom\u00edas que abrevan de la visi\u00f3n maniquea que promueve el Frente Amplio.<\/p>\n<p>Esa t\u00e9cnica de enchastre, tantas veces utilizada, ya no resulta efectiva. No resulta efectiva, primero porque siembra falsedades, y segundo, porque ya los uruguayos no les creen.<\/p>\n<p>Los uruguayos ya conocen al Frente Amplio. Y como los conocemos, sabemos que es falso que la elecci\u00f3n sea entre oligarqu\u00eda y pueblo, porque no son el pueblo, pueblo somos todos y m\u00e1s pueblo ser\u00e1n los que defienden al pueblo.<\/p>\n<p>Si defendieran al pueblo no dejar\u00edan que el pueblo honesto uruguayo est\u00e9 reh\u00e9n de la delincuencia; si defendieran al pueblo har\u00edan que la educaci\u00f3n de los hijos del pueblo tenga una educaci\u00f3n de calidad y con ello la posibilidad de ascenso social y no la tendr\u00edan como la tienen, en los peores niveles de aprendizaje y reproduciendo par\u00e1metros de desigualdad.<\/p>\n<p>Son los hechos los que hablan y no los discursos ni los muros pintados.<\/p>\n<p>Y los hechos dicen c\u00f3mo es este Frente Amplio en el gobierno.<\/p>\n<p>Se\u00f1ores del FA, ustedes son los rompe r\u00e9cords. Rompieron un r\u00e9cord mundial: hacer perder plata a un Casino, con Bengoa y compa\u00f1\u00eda. El pueblo termin\u00f3 pagando lo que ustedes perd\u00edan.<\/p>\n<p>Despu\u00e9s, fundieron Pluna, con\u00a0<em>el caballero de la derecha\u00a0<\/em>en un remate simulado, con un aval mal dado que termin\u00f3 con nada m\u00e1s y nada menos que con el Presidente del Banco Rep\u00fablica y el Ministro de Econom\u00eda, condenados por la Justicia. Y ac\u00e1 tambi\u00e9n, el pueblo termin\u00f3 perdiendo plata.<\/p>\n<p>Luego vino Ancap, una empresa en monopolio a la que la dejaron al borde de la quiebra y que hubo que capitalizar con 800 millones de d\u00f3lares. No es necesario destacar de d\u00f3nde sali\u00f3 la plata para tapar todo ese agujero.<\/p>\n<p>En su gobierno se rompieron otros dolorosos r\u00e9cords, los r\u00e9cords de delitos como rapi\u00f1as y homicidios y un incremento de la violencia a la que no saben c\u00f3mo ponerle freno.<\/p>\n<p>El narcotr\u00e1fico campea, y mientras eso pasa, el Ministro Bonomi se ufana de que han pedido la c\u00e9dula 450.000 veces. Estar\u00edan pidiendo c\u00e9dulas cuando se les escap\u00f3 un jefe mafioso de la C\u00e1rcel Central, o cuando le entraron -y salieron- 5.000 kg de coca\u00edna que si no los descubren en Europa ac\u00e1 ni se enteran.<\/p>\n<p>Han dilapidado la bonanza y han aumentado el d\u00e9ficit llev\u00e1ndolo a l\u00edmites cr\u00edticos.<\/p>\n<p>Han colonizado el Estado con pol\u00edticas de amiguismo \u00a0y clientelismo.<\/p>\n<p>Han fracasado en las pol\u00edticas sociales generando dependencia y no cultura del trabajo y el esfuerzo.<\/p>\n<p>Eso es el Frente Amplio en el Gobierno. Eso son.<\/p>\n<p>Y tambi\u00e9n son Sendic. En donde por primera vez un Vicepresidente tuvo que renunciar por corrupci\u00f3n comprobada en la Justicia.<\/p>\n<p>Y eso tambi\u00e9n lo pag\u00f3 el pueblo uruguayo. Pag\u00f3 en plata y en credibilidad hacia el sistema.<\/p>\n<p>Si un gesto pol\u00edtico hiciera falta a una fuerza pol\u00edtica, es un\u00a0<em>mea culpa<\/em>\u00a0del Frente Amplio por todo lo mal que han hecho.<\/p>\n<p>Han relativizado el valor del esfuerzo y el trabajo, han rebajado la educaci\u00f3n de los uruguayos y nos han sumido en el irrespeto del tango \u201cCambalache\u201d.<\/p>\n<p>Y todav\u00eda hablan.<\/p>\n<p>Se animan a prometer para los pr\u00f3ximos 5 a\u00f1os lo que habiendo tenido 15 para hacer, incumplieron.<\/p>\n<p>Se animan a agitar cucos y descalificar adversarios.<\/p>\n<p>En lugar de elegir el sensato camino de irse silbando bajito, han elegido el camino de la confrontaci\u00f3n, aferrados al sill\u00f3n, desesperados porque sin duda, saben que el pueblo uruguayo decidir\u00e1 sacarlos.<\/p>\n<p>&nbsp;<\/p>\n<p style=\"text-align: center;\">Jorge Larra\u00f1aga<\/p>\n<p>&nbsp;<\/p>\n","protected":false},"excerpt":{"rendered":"<p>El desespero en el Gobierno es grande. A 30 d\u00edas de la elecci\u00f3n desde el Frente Amplio se sale en masa a atacar a la oposici\u00f3n y especialmente al Partido Nacional y a nuestro candidato Luis Lacalle Pou. Pareciera que a los portavoces del Frente Amplio les dieron un manual con palabras clave:\u00a0oligarqu\u00eda, La Tahona, [&hellip;]<\/p>\n","protected":false},"author":1,"featured_media":32105,"comment_status":"open","ping_status":"open","sticky":false,"template":"","format":"standard","meta":{"footnotes":""},"categories":[17],"tags":[],"class_list":["post-32104","post","type-post","status-publish","format-standard","has-post-thumbnail","hentry","category-columna"],"_links":{"self":[{"href":"https:\/\/alianzanacional.com.uy\/web\/wp-json\/wp\/v2\/posts\/32104","targetHints":{"allow":["GET"]}}],"collection":[{"href":"https:\/\/alianzanacional.com.uy\/web\/wp-json\/wp\/v2\/posts"}],"about":[{"href":"https:\/\/alianzanacional.com.uy\/web\/wp-json\/wp\/v2\/types\/post"}],"author":[{"embeddable":true,"href":"https:\/\/alianzanacional.com.uy\/web\/wp-json\/wp\/v2\/users\/1"}],"replies":[{"embeddable":true,"href":"https:\/\/alianzanacional.com.uy\/web\/wp-json\/wp\/v2\/comments?post=32104"}],"version-history":[{"count":1,"href":"https:\/\/alianzanacional.com.uy\/web\/wp-json\/wp\/v2\/posts\/32104\/revisions"}],"predecessor-version":[{"id":32106,"href":"https:\/\/alianzanacional.com.uy\/web\/wp-json\/wp\/v2\/posts\/32104\/revisions\/32106"}],"wp:featuredmedia":[{"embeddable":true,"href":"https:\/\/alianzanacional.com.uy\/web\/wp-json\/wp\/v2\/media\/32105"}],"wp:attachment":[{"href":"https:\/\/alianzanacional.com.uy\/web\/wp-json\/wp\/v2\/media?parent=32104"}],"wp:term":[{"taxonomy":"category","embeddable":true,"href":"https:\/\/alianzanacional.com.uy\/web\/wp-json\/wp\/v2\/categories?post=32104"},{"taxonomy":"post_tag","embeddable":true,"href":"https:\/\/alianzanacional.com.uy\/web\/wp-json\/wp\/v2\/tags?post=32104"}],"curies":[{"name":"wp","href":"https:\/\/api.w.org\/{rel}","templated":true}]}}