{"id":32166,"date":"2019-09-16T13:10:39","date_gmt":"2019-09-16T16:10:39","guid":{"rendered":"http:\/\/alianzanacional.com.uy\/web\/?p=32166"},"modified":"2020-12-28T23:53:43","modified_gmt":"2020-12-29T02:53:43","slug":"larranaga-presento-lista-al-senado","status":"publish","type":"post","link":"https:\/\/alianzanacional.com.uy\/web\/larranaga-presento-lista-al-senado\/","title":{"rendered":"Larra\u00f1aga present\u00f3 lista al senado"},"content":{"rendered":"\n<figure class=\"wp-block-image size-large\"><img fetchpriority=\"high\" decoding=\"async\" width=\"700\" height=\"394\" src=\"https:\/\/alianzanacional.com.uy\/web\/wp-content\/uploads\/2019\/10\/unnamed-55-700x394.jpg\" alt=\"\" class=\"wp-image-32169\" srcset=\"https:\/\/alianzanacional.com.uy\/web\/wp-content\/uploads\/2019\/10\/unnamed-55-700x394.jpg 700w, https:\/\/alianzanacional.com.uy\/web\/wp-content\/uploads\/2019\/10\/unnamed-55-400x225.jpg 400w, https:\/\/alianzanacional.com.uy\/web\/wp-content\/uploads\/2019\/10\/unnamed-55-768x432.jpg 768w, https:\/\/alianzanacional.com.uy\/web\/wp-content\/uploads\/2019\/10\/unnamed-55.jpg 1600w\" sizes=\"(max-width: 700px) 100vw, 700px\" \/><\/figure>\n\n\n<p><em>En la jornada de hoy se present\u00f3 la Lista al Senado de Alianza Nacional encabezado por Jorge Larra\u00f1aga.<\/em><br \/>Al t\u00e9rmino de la presentaci\u00f3n, al ser consultado por los medios presentes, el l\u00edder blanco manifest\u00f3: \u201cSomos una lista wilsonista, nacionalista e independiente\u201d.<br \/>Expres\u00f3 que se tendr\u00e1 el apoyo de 22 listas respaldando a ese Senador en todo el territorio de la Rep\u00fablica.<\/p>\n<p><strong>La primera<\/strong><br \/>Larra\u00f1aga expres\u00f3 su alegr\u00eda por ser a primera lista nacionalista presentada ante la Corte Electoral. \u201cNos sentimos con una enorme satisfacci\u00f3n al ser la primera lista del Partido Nacional que se presenta al Senado, para estar r\u00e1pidamente con la impresi\u00f3n de las listas a diputados en todo el territorio nacional y ponernos a trabajar en repartirlas\u201d, y agreg\u00f3 que lo har\u00e1n junto a la papeleta del SI a la reforma, de la cual ya han impreso unos 10 millones.<\/p>\n<p><strong>Garant\u00eda<\/strong><br \/>Sostuvo que \u201ces una instancia sumamente importante, de un Senado que es garant\u00eda de seguridad, de fiscalizaci\u00f3n de las promesas en el ejercicio del gobierno, garant\u00eda de dialogo pol\u00edtico y de intentos contundentes de poner en orden el pa\u00eds\u201d.<\/p>\n<p><strong>Orden<\/strong><br \/>El l\u00edder blanco expres\u00f3 que \u201cel Uruguay tiene que ser puesto en orden, porque hay un verdadero desorden\u201d y responsabiliz\u00f3 al gobierno \u201cque no ha podido con la seguridad\u201d.<br \/>Tambi\u00e9n manifest\u00f3 que a nivel de la campa\u00f1a por la Reforma Vivir Sin Miedo est\u00e1n trabajando junto a la gente y eso es lo m\u00e1s importante.<br \/>\u201cEstamos trabajando con la compa\u00f1\u00eda de la gente en todo el pa\u00eds para generar un sacud\u00f3n en el sistema pol\u00edtico. Creemos y queremos que sea la gente la que haga una revoluci\u00f3n en las urnas, votando con la papeleta del SI a la reforma\u201d.<\/p>\n<p><strong>Gobernar y fiscalizar<\/strong><br \/>El senador nacionalista indic\u00f3 que \u201cEl pr\u00f3ximo presidente, que esperemos sea blanco, va a necesitar de este sector, de Alianza Nacional, primero para la victoria y despu\u00e9s va a ser decisivo a la hora de gobernar. Larra\u00f1aga forma parte de un equipo. Todos los que integramos este proyecto pol\u00edtico somos realmente importantes, tenemos un gran equipo de mujeres y hombres. Para gobernar y para fiscalizar el pr\u00f3ximo gobierno, aun cuando sea nuestro, como nos lo ha pedido el propio candidato a la presidencia\u201d.<\/p>\n<p><strong>Educaci\u00f3n<\/strong><br \/>Consultado sobre qu\u00e9 camino hay que tomar para mejorar la educaci\u00f3n, sostuvo que el camino es el que se alcanz\u00f3 en el a\u00f1o 2012 con el Acuerdo Nacional por la Educaci\u00f3n, aunque el mismo poco tiempo despu\u00e9s fue incumplido. \u201cLo logramos y lamentablemente el gobierno de la \u00e9poca desaprovech\u00f3 la oportunidad. Aqu\u00ed lo que hay que hacer es un cambio muy fuerte en materia de educaci\u00f3n en virtud de que el Frente Amplio entreg\u00f3 la educaci\u00f3n al corporativismo. El cambio tiene que ser de modelo de pol\u00edticas para encontrar los caminos que el pa\u00eds necesita de una de las dos mejores pol\u00edticas sociales que puede tener en la educaci\u00f3n. Y en eso tambi\u00e9n nosotros, Alianza Nacional somos seguridad\u201d.<\/p>\n<p><strong>Leal<\/strong><br \/>Acerca de las recientes declaraciones de Leal, Larra\u00f1aga expres\u00f3: \u201cLeal capaz que no entienda cuando yo hablo, pero capaz que debe entender, por lo menos, cuando lee.<br \/>Leal es Bonomi y son responsables desde hace m\u00e1s de diez a\u00f1os de la inseguridad que tiene el Uruguay. No pueden entrar a prometer para los pr\u00f3ximos cinco a\u00f1os, lo que tuvieron 15 a\u00f1os para hacer\u201d.<\/p>\n<p><iframe src=\"https:\/\/www.youtube.com\/embed\/y5Ah2snQ3w8\" width=\"560\" height=\"315\" frameborder=\"0\" allowfullscreen=\"allowfullscreen\"><\/iframe><\/p>\n\n\n<p><\/p>\n","protected":false},"excerpt":{"rendered":"<p>En la jornada de hoy se present\u00f3 la Lista al Senado de Alianza Nacional encabezado por Jorge Larra\u00f1aga.Al t\u00e9rmino de la presentaci\u00f3n, al ser consultado por los medios presentes, el l\u00edder blanco manifest\u00f3: \u201cSomos una lista wilsonista, nacionalista e independiente\u201d.Expres\u00f3 que se tendr\u00e1 el apoyo de 22 listas respaldando a ese Senador en todo el [&hellip;]<\/p>\n","protected":false},"author":1,"featured_media":32169,"comment_status":"open","ping_status":"open","sticky":false,"template":"","format":"standard","meta":{"footnotes":""},"categories":[16],"tags":[],"class_list":["post-32166","post","type-post","status-publish","format-standard","has-post-thumbnail","hentry","category-noticias"],"_links":{"self":[{"href":"https:\/\/alianzanacional.com.uy\/web\/wp-json\/wp\/v2\/posts\/32166","targetHints":{"allow":["GET"]}}],"collection":[{"href":"https:\/\/alianzanacional.com.uy\/web\/wp-json\/wp\/v2\/posts"}],"about":[{"href":"https:\/\/alianzanacional.com.uy\/web\/wp-json\/wp\/v2\/types\/post"}],"author":[{"embeddable":true,"href":"https:\/\/alianzanacional.com.uy\/web\/wp-json\/wp\/v2\/users\/1"}],"replies":[{"embeddable":true,"href":"https:\/\/alianzanacional.com.uy\/web\/wp-json\/wp\/v2\/comments?post=32166"}],"version-history":[{"count":2,"href":"https:\/\/alianzanacional.com.uy\/web\/wp-json\/wp\/v2\/posts\/32166\/revisions"}],"predecessor-version":[{"id":33199,"href":"https:\/\/alianzanacional.com.uy\/web\/wp-json\/wp\/v2\/posts\/32166\/revisions\/33199"}],"wp:featuredmedia":[{"embeddable":true,"href":"https:\/\/alianzanacional.com.uy\/web\/wp-json\/wp\/v2\/media\/32169"}],"wp:attachment":[{"href":"https:\/\/alianzanacional.com.uy\/web\/wp-json\/wp\/v2\/media?parent=32166"}],"wp:term":[{"taxonomy":"category","embeddable":true,"href":"https:\/\/alianzanacional.com.uy\/web\/wp-json\/wp\/v2\/categories?post=32166"},{"taxonomy":"post_tag","embeddable":true,"href":"https:\/\/alianzanacional.com.uy\/web\/wp-json\/wp\/v2\/tags?post=32166"}],"curies":[{"name":"wp","href":"https:\/\/api.w.org\/{rel}","templated":true}]}}