{"id":32185,"date":"2019-10-01T13:33:52","date_gmt":"2019-10-01T16:33:52","guid":{"rendered":"http:\/\/alianzanacional.com.uy\/web\/?p=32185"},"modified":"2019-10-14T13:38:36","modified_gmt":"2019-10-14T16:38:36","slug":"larranaga-bonomi-leal-y-layera-son-los-mariscales-del-fracaso","status":"publish","type":"post","link":"https:\/\/alianzanacional.com.uy\/web\/larranaga-bonomi-leal-y-layera-son-los-mariscales-del-fracaso\/","title":{"rendered":"Larra\u00f1aga: \u00abBonomi, Leal y Layera son los mariscales del fracaso\u00bb"},"content":{"rendered":"<p>En la jornada de ayer el l\u00edder nacionalista, Jorge Larra\u00f1aga, particip\u00f3 del plenario de la 2004 donde presentaron la lista. De la misma participaron los principales dirigentes de la lista de representantes en Montevideo, Silvia Ferreira, Jorge Gandini y Pablo Abdala.<\/p>\n<p><strong>El cambio<\/strong><\/p>\n<p>El l\u00edder blanco Jorge Larra\u00f1aga indic\u00f3 que \u201cel Partido Nacional es el cambio\u201d, y expres\u00f3 que \u201ces el Partido contra el continuismo del Frente Amplio, que se agot\u00f3 en las respuestas, qu\u00e9 dilapid\u00f3 la bonanza econ\u00f3mica, en donde hubo corrupci\u00f3n, en donde terminamos con el Vicepresidente de la Rep\u00fablica renunciando, con el Ministro de Econom\u00eda y el presidente del Banco Rep\u00fablica procesados, con centenas de millones de d\u00f3lares dilapidados y tirados, Ancap. Pluna, regasificadora\u201d.<\/p>\n<p><strong>\u201cSon los mariscales del fracaso\u201d<\/strong><\/p>\n<p>Larra\u00f1aga respondi\u00f3 a las palabras expresadas por el Director General de Polic\u00eda, Mario Layera, e indic\u00f3: \u201cEl Director Nacional de Polic\u00eda nos dice que \u00e9l tiene la sensaci\u00f3n de que la gente, que la poblaci\u00f3n no tiene miedo y que el trabajador de noche duerme y no soporta las vicisitudes del delito. No s\u00e9 en qu\u00e9 planeta vive, pero son los mariscales del fracaso. Bonomi, Leal y el se\u00f1or Layera son especialistas en llevar adelante ese tipo de operativos, en donde terminan calentando a la gente y lo logran. Por eso tenemos esta rebeld\u00eda, por eso tenemos este reclamo\u201d.<\/p>\n<p><strong>\u201cLa Reforma no recorta derechos\u201d<\/strong><\/p>\n<p>Del mismo modo hizo referencia a las palabras del candidato oficialista, Daniel Mart\u00ednez, el cual expres\u00f3 que la reforma recorta libertades.<br \/>\n\u201cEl candidato del Frente Amplio le dijo a una muchachada en el Parque Rod\u00f3 este fin de semana algo que es mentira, le dijo que esta reforma constitucional recorta libertades. No Daniel Mart\u00ednez, esta Reforma Constitucional no recorta libertades ni va en contra de derechos, en todo caso recorta el accionar de los delincuentes y va en contra de la delincuencia. Decir que la reforma que impulsamos es regresiva o va en contra de libertades es falso\u201d.<br \/>\nY agreg\u00f3 que \u201cel cumplimiento de las penas por parte de los delincuentes, los allanamientos nocturnos, la pena de reclusi\u00f3n permanente revisable, la Guardia Nacional, no son instrumentos para recortar libertades. No, se\u00f1or Mart\u00ednez\u201d.<br \/>\nLarra\u00f1aga indic\u00f3 que est\u00e1 contento de aportarle al pa\u00eds un instrumento democr\u00e1tico en donde la gente en las urnas va a poder votar y va a poder decidir.<\/p>\n<p><strong>Partidizaci\u00f3n de las instituciones<\/strong><\/p>\n<p>Sostuvo que por la reforma se los ha atacado sistem\u00e1ticamente, \u201chan partidizado las instituciones\u201d, haciendo referencia a la Universidad de la Rep\u00fablica y a la Instituci\u00f3n Nacional de Derechos Humanos.<br \/>\nDel mismo modo referenci\u00f3 a los pronunciamientos realizados por el Pit-Cnt.<br \/>\nManifest\u00f3 que \u201cla aceptaci\u00f3n de la reforma duplica al Frente Amplio, duplica al candidato\u201d del oficialismo.<\/p>\n<p><strong>\u201cEl pa\u00eds necesita transformaciones\u201d<\/strong><\/p>\n<p>Larra\u00f1aga expres\u00f3 que el pa\u00eds necesita cambios. \u201cEl pa\u00eds necesita imperiosamente transformaciones, en la educaci\u00f3n, en la seguridad, en el desarrollo del trabajo, pero b\u00e1sicamente no hay desarrollo econ\u00f3mico, humano y social si no recuperamos la convivencia entre los uruguayos, si no aplicamos mano firme en todo lo que significa la ley para combatir a la delincuencia y defender a la gente honesta que quiere trabajar y superarse en la vida\u201d.<\/p>\n<p><strong>Incorporaci\u00f3n \u00abMovimiento Ciudadano\u00bb<\/strong><\/p>\n<p>En la jornada de hoy se anunci\u00f3 la incorporaci\u00f3n del grupo \u00abMovimiento Ciudadanos\u00bb a la Lista 2004 Canelones que encabeza el Diputado Richard Charamelo . El grupo est\u00e1 liderado por el dirigente Diego Burgue\u00f1o, quien compareci\u00f3 en la pasada Elecci\u00f3n internas junto al candidato Juan Sartori.<br \/>\nLarra\u00f1aga valor\u00f3 enormemente la incorporaci\u00f3n de este dirigente canario y su grupo, al tiempo que Burgue\u00f1o expres\u00f3: \u00abSiento que vuelvo a casa, vuelvo a mi cerno\u00bb.<\/p>\n<div id='gallery-1' class='gallery galleryid-32185 gallery-columns-3 gallery-size-thumbnail'><figure class='gallery-item'>\n\t\t\t<div class='gallery-icon landscape'>\n\t\t\t\t<a href='https:\/\/alianzanacional.com.uy\/web\/larranaga-bonomi-leal-y-layera-son-los-mariscales-del-fracaso\/unnamed-8-6\/'><img decoding=\"async\" width=\"150\" height=\"150\" src=\"https:\/\/alianzanacional.com.uy\/web\/wp-content\/uploads\/2019\/10\/unnamed-8-150x150.jpg\" class=\"attachment-thumbnail size-thumbnail\" alt=\"\" \/><\/a>\n\t\t\t<\/div><\/figure><figure class='gallery-item'>\n\t\t\t<div class='gallery-icon landscape'>\n\t\t\t\t<a href='https:\/\/alianzanacional.com.uy\/web\/larranaga-bonomi-leal-y-layera-son-los-mariscales-del-fracaso\/unnamed-9-4\/'><img decoding=\"async\" width=\"150\" height=\"150\" src=\"https:\/\/alianzanacional.com.uy\/web\/wp-content\/uploads\/2019\/10\/unnamed-9-150x150.jpg\" class=\"attachment-thumbnail size-thumbnail\" alt=\"\" \/><\/a>\n\t\t\t<\/div><\/figure><figure class='gallery-item'>\n\t\t\t<div class='gallery-icon landscape'>\n\t\t\t\t<a href='https:\/\/alianzanacional.com.uy\/web\/larranaga-bonomi-leal-y-layera-son-los-mariscales-del-fracaso\/unnamed-10-9\/'><img decoding=\"async\" width=\"150\" height=\"150\" src=\"https:\/\/alianzanacional.com.uy\/web\/wp-content\/uploads\/2019\/10\/unnamed-10-150x150.jpg\" class=\"attachment-thumbnail size-thumbnail\" alt=\"\" \/><\/a>\n\t\t\t<\/div><\/figure>\n\t\t<\/div>\n\n","protected":false},"excerpt":{"rendered":"<p>En la jornada de ayer el l\u00edder nacionalista, Jorge Larra\u00f1aga, particip\u00f3 del plenario de la 2004 donde presentaron la lista. De la misma participaron los principales dirigentes de la lista de representantes en Montevideo, Silvia Ferreira, Jorge Gandini y Pablo Abdala. El cambio El l\u00edder blanco Jorge Larra\u00f1aga indic\u00f3 que \u201cel Partido Nacional es el [&hellip;]<\/p>\n","protected":false},"author":1,"featured_media":32188,"comment_status":"open","ping_status":"open","sticky":false,"template":"","format":"standard","meta":{"footnotes":""},"categories":[16],"tags":[],"class_list":["post-32185","post","type-post","status-publish","format-standard","has-post-thumbnail","hentry","category-noticias"],"_links":{"self":[{"href":"https:\/\/alianzanacional.com.uy\/web\/wp-json\/wp\/v2\/posts\/32185","targetHints":{"allow":["GET"]}}],"collection":[{"href":"https:\/\/alianzanacional.com.uy\/web\/wp-json\/wp\/v2\/posts"}],"about":[{"href":"https:\/\/alianzanacional.com.uy\/web\/wp-json\/wp\/v2\/types\/post"}],"author":[{"embeddable":true,"href":"https:\/\/alianzanacional.com.uy\/web\/wp-json\/wp\/v2\/users\/1"}],"replies":[{"embeddable":true,"href":"https:\/\/alianzanacional.com.uy\/web\/wp-json\/wp\/v2\/comments?post=32185"}],"version-history":[{"count":1,"href":"https:\/\/alianzanacional.com.uy\/web\/wp-json\/wp\/v2\/posts\/32185\/revisions"}],"predecessor-version":[{"id":32189,"href":"https:\/\/alianzanacional.com.uy\/web\/wp-json\/wp\/v2\/posts\/32185\/revisions\/32189"}],"wp:featuredmedia":[{"embeddable":true,"href":"https:\/\/alianzanacional.com.uy\/web\/wp-json\/wp\/v2\/media\/32188"}],"wp:attachment":[{"href":"https:\/\/alianzanacional.com.uy\/web\/wp-json\/wp\/v2\/media?parent=32185"}],"wp:term":[{"taxonomy":"category","embeddable":true,"href":"https:\/\/alianzanacional.com.uy\/web\/wp-json\/wp\/v2\/categories?post=32185"},{"taxonomy":"post_tag","embeddable":true,"href":"https:\/\/alianzanacional.com.uy\/web\/wp-json\/wp\/v2\/tags?post=32185"}],"curies":[{"name":"wp","href":"https:\/\/api.w.org\/{rel}","templated":true}]}}