{"id":32215,"date":"2019-10-21T13:45:57","date_gmt":"2019-10-21T16:45:57","guid":{"rendered":"http:\/\/alianzanacional.com.uy\/web\/?p=32215"},"modified":"2019-10-21T13:58:26","modified_gmt":"2019-10-21T16:58:26","slug":"patoteros-del-poder","status":"publish","type":"post","link":"https:\/\/alianzanacional.com.uy\/web\/patoteros-del-poder\/","title":{"rendered":"Patoteros del Poder"},"content":{"rendered":"<p>El proceso de iniciativa popular Vivir Sin Miedo est\u00e1 bajo ataque del Frente Amplio -algo esperable porque cuestiona una de sus mayores falencias, la falta de respuestas en materia de seguridad-, pero tambi\u00e9n, bajo ataque de instituciones p\u00fablicas que deber\u00edan actuar regidas por los c\u00f3digos de neutralidad y decoro republicano y no por los designios frentistas.<\/p>\n<p>El Frente Amplio, la izquierda en general, han construido a lo largo de d\u00e9cadas un aparato cultural en paralelo a la construcci\u00f3n pol\u00edtica.<\/p>\n<p>Ese aparato cultural suele asistir al aparato pol\u00edtico actuando en sinton\u00eda y coadyuvando a generar una hegemon\u00eda mediante un culto al pensamiento \u00fanico, erigi\u00e9ndose en jueces de lo moral y pol\u00edticamente correcto.<\/p>\n<p>Y ese mismo aparato ha colonizado a muchas instituciones p\u00fablicas, las que han sufrido una suerte de secuestro ideol\u00f3gico y que hoy pasan a actuar como agencias sat\u00e9lites de un proyecto pol\u00edtico.<\/p>\n<p>Tenemos instituciones p\u00fablicas -que se deben a todos los uruguayos-, que est\u00e1n actuando org\u00e1nicamente al comp\u00e1s del dictamen y las necesidades de la \u00a8fuerza pol\u00edtica\u00a8; s\u00ed, del Frente Amplio.<\/p>\n<p>Se ha desatado un ataque cuyo principal arsenal son los prejuicios y los falsos \u201ccucos\u201d importados y no los argumentos. Se usan palabras, pero se reniega de los hechos.<\/p>\n<p>V\u00e9ase. Si Jorge Larra\u00f1aga propone allanamientos nocturnos est\u00e1 mal. Esas son las palabras, los prejuicios.<\/p>\n<p>Pero los hechos son estos: V\u00e1zquez en 2006 en el Proyecto de Ley de Procedimiento Policial, tambi\u00e9n los inclu\u00eda. Mujica los propuso, Bonomi, los propuso, y una cantidad de dirigentes de todas las orientaciones han mostrado su conformidad con la propuesta. Son permitidos en casi todo el mundo, solo Portugal tiene una prohibici\u00f3n similar a la de nuestra Constituci\u00f3n.<\/p>\n<p>Entonces, \u00bfest\u00e1n mal los allanamientos nocturnos o qui\u00e9n los plantea?<\/p>\n<p>Si Jorge Larra\u00f1aga propone usar militares con funciones policiales est\u00e1 mal y es \u00a8peligroso\u00a8. Esas son las palabras, los prejuicios.<\/p>\n<p>Los hechos son: en 2011 el Poder Ejecutivo dict\u00f3 el Decreto 212\/2011 y pas\u00f3 efectivos del Ministerio de Defensa al Ministerio del Interior, es decir militares a polic\u00edas. En 2018 se aprob\u00f3, por iniciativa del Gobierno la ley 19.677 por la cual se habilita a todas las Fuerzas Armadas a cumplir funciones policiales en 20 km de una zona de frontera que se crea. Dicho sea de paso, el Gobierno con total desfachatez no reglamenta la ley para no darnos la raz\u00f3n, usar militares en funciones de polic\u00eda.<\/p>\n<p>Entonces, si lo hace el Frente Amplio no pasa nada, si lo hacemos nosotros es \u00a8militarizar\u00a8 la seguridad y pr\u00e1cticamente nos convierten en fascistas. Esas son las palabras, los prejuicios. Si lo hacen ellos tiene un significado, si lo hacemos nosotros, otro. Esa duplicidad de criterio es hija de los prejuicios.<\/p>\n<p>Cuando se constata que la sociedad de detractores &#8211; fuerza pol\u00edtica y agencias sat\u00e9lites- construyen su contracampa\u00f1a desde el campo de prejuicios, queda en evidencia que se est\u00e1n utilizando\u00a0 -con abuso- a las instituciones p\u00fablicas, que tienen que tener vocaci\u00f3n universal, al servicio de una postura sesgada y partidista. Los mismos argumentos, los mismos clich\u00e9s, los mismos esl\u00f3ganes vac\u00edos son repetidos al un\u00edsono por las instituciones de la \u00a8contra campa\u00f1a\u00a8, careciendo totalmente de ideas y pretendiendo tapar la realidad con melod\u00edas, suspensiones de ex\u00e1menes e intervenciones en edificios p\u00fablicos.<\/p>\n<p>Con ello queda claro que el elenco cultural y pol\u00edtico del Frente Amplio, puesto en jaque por Vivir Sin Miedo que se muestra desafiante del discurso de lo \u00a8pol\u00edticamente correcto\u00a8, que ha vencido los verticalazos cupulares, no han dudado en hacer jugar a esas instituciones copadas por la ideolog\u00eda y los prejuicios.<\/p>\n<p>La tr\u00edada, Gobierno, fuerza pol\u00edtica y agencias sat\u00e9lites, ataca a la reforma y a quienes la impulsamos, poniendo en funcionamiento al aparato para que nadie \u201cse salga\u201d del pensamiento \u00fanico.<\/p>\n<p>Instituciones como la Universidad de la Rep\u00fablica, que deber\u00edan inspirarse en un esp\u00edritu cr\u00edtico, cient\u00edfico y riguroso, pasan a actuar como delegados de lujo de una postura partidista.<\/p>\n<p>La Instituci\u00f3n de Derechos Humanos, emitiendo no uno sino dos pronunciamientos sin fundamentos contra la reforma.<\/p>\n<p>Facultades con intervenciones, colocando figuras de militares en sus puertas, otras Facultades suspendiendo clases y ex\u00e1menes para que los estudiantes puedan ir a la marcha contra la reforma, o Facultades como la de Psicolog\u00eda que dice que la reforma <em>\u00b4no es la forma\u00b4 para resolver la problem\u00e1tica de seguridad p\u00fablica.<\/em> (Se ve que la Facultad de Psicolog\u00eda se suma a los que son expertos en lo que no sirve, ser\u00eda notable dijera cu\u00e1l es la forma, y que se lo dijera tambi\u00e9n al Gobierno). Incluso dice en una reciente Resoluci\u00f3n que la reforma \u00a8propone medidas que ponen en riesgo la vida plena de las y los habitantes del pa\u00eds, produciendo condiciones represivas que generan violencia, temor y sufrimiento mental\u00a8. Sufrimiento mental\u2026 Sin palabras. No tienen pudor frente al disparate.<\/p>\n<p>\u00bfY si hablamos del riesgo a la vida plena, a la violencia, y al temor que miles y miles de uruguayos en todo el pa\u00eds viven por culpa de los delincuentes?<\/p>\n<p>La utilizaci\u00f3n abusiva de esa colonizaci\u00f3n cultural e ideol\u00f3gica al servicio partidista ha lastimado principios muy importantes para conservar la calidad de la convivencia.<\/p>\n<p>Uno de los da\u00f1os ha sido sobre las instituciones educativas p\u00fablicas. Es escandaloso que ellas oficialicen una posici\u00f3n, que abandonen la neutralidad, atacando al principio de laicidad.<\/p>\n<p>Lo hemos dicho y lo reiteramos, nos parece \u00e9tica, moral y republicanamente cuestionable que se utilicen instituciones p\u00fablicas para favorecer una posici\u00f3n pol\u00edtica partidista.<\/p>\n<p>Es inaceptable que se use -abuse- de la cosa p\u00fablica, -la res p\u00fablica-, como si fuera propia de un Partido u organizaci\u00f3n; cuando vemos esa apropiaci\u00f3n, hay que escandalizarse.<\/p>\n<p>Porque son instituciones de todos y para todos, y cuando se elige una posici\u00f3n, se excluye a los otros. Las instituciones no son ni siquiera de una mayor\u00eda, siguen siendo de todos. No tienen derecho los que son coyuntural mayor\u00eda a excluir a otros. Eso pasa en algunas Facultades que hacen campa\u00f1a. \u00bfY los que tiene otra posici\u00f3n? M\u00e1s a\u00fan, si no hubiera ning\u00fan estudiante, ning\u00fan profesor, ning\u00fan gremialista a favor de una posici\u00f3n, eso tampoco le da derecho a nadie a apropiarse de la Instituci\u00f3n embander\u00e1ndola con una postura determinada.<\/p>\n<p>Si ma\u00f1ana nos dijera una instituci\u00f3n p\u00fablica que nosotros pusi\u00e9ramos carteles, o intervini\u00e9ramos, no lo har\u00edamos. Porque respetamos lo que las autoridades de la Universidad y de algunas Facultades no respetan, respetamos al otro.<\/p>\n<p>Lo que resulta claro a la luz de todos estos episodios, es que el pa\u00eds no soporta m\u00e1s la tutela cultural que ha pretendido llevar adelante el Frente Amplio y sus \u00a8agencias colaboradoras\u00a8, ni se soporta m\u00e1s que se abuse de lo que es de todos, que \u00a8unos\u00a8 se apropien del \u00a8todos\u00a8. Por eso el 27 de octubre, tambi\u00e9n se plebiscita sobre un modelo de relaciones donde el ciudadano podr\u00e1 decir que ya no quiere que unos supuestos iluminados le digan qu\u00e9 pensar y qu\u00e9 hacer; el 27 de octubre, tambi\u00e9n se vota contra la cultura del abuso.<\/p>\n<p>El 27 de octubre es el d\u00eda de la rebeld\u00eda de la gente.<\/p>\n<p>El 27 votamos S\u00ed a la reforma.<\/p>\n<p>&nbsp;<\/p>\n<p style=\"text-align: center;\">Jorge Larra\u00f1aga<\/p>\n<p>&nbsp;<\/p>\n<p>&nbsp;<\/p>\n<p>&nbsp;<\/p>\n","protected":false},"excerpt":{"rendered":"<p>El proceso de iniciativa popular Vivir Sin Miedo est\u00e1 bajo ataque del Frente Amplio -algo esperable porque cuestiona una de sus mayores falencias, la falta de respuestas en materia de seguridad-, pero tambi\u00e9n, bajo ataque de instituciones p\u00fablicas que deber\u00edan actuar regidas por los c\u00f3digos de neutralidad y decoro republicano y no por los designios [&hellip;]<\/p>\n","protected":false},"author":1,"featured_media":32216,"comment_status":"open","ping_status":"open","sticky":false,"template":"","format":"standard","meta":{"footnotes":""},"categories":[17],"tags":[],"class_list":["post-32215","post","type-post","status-publish","format-standard","has-post-thumbnail","hentry","category-columna"],"_links":{"self":[{"href":"https:\/\/alianzanacional.com.uy\/web\/wp-json\/wp\/v2\/posts\/32215","targetHints":{"allow":["GET"]}}],"collection":[{"href":"https:\/\/alianzanacional.com.uy\/web\/wp-json\/wp\/v2\/posts"}],"about":[{"href":"https:\/\/alianzanacional.com.uy\/web\/wp-json\/wp\/v2\/types\/post"}],"author":[{"embeddable":true,"href":"https:\/\/alianzanacional.com.uy\/web\/wp-json\/wp\/v2\/users\/1"}],"replies":[{"embeddable":true,"href":"https:\/\/alianzanacional.com.uy\/web\/wp-json\/wp\/v2\/comments?post=32215"}],"version-history":[{"count":4,"href":"https:\/\/alianzanacional.com.uy\/web\/wp-json\/wp\/v2\/posts\/32215\/revisions"}],"predecessor-version":[{"id":32220,"href":"https:\/\/alianzanacional.com.uy\/web\/wp-json\/wp\/v2\/posts\/32215\/revisions\/32220"}],"wp:featuredmedia":[{"embeddable":true,"href":"https:\/\/alianzanacional.com.uy\/web\/wp-json\/wp\/v2\/media\/32216"}],"wp:attachment":[{"href":"https:\/\/alianzanacional.com.uy\/web\/wp-json\/wp\/v2\/media?parent=32215"}],"wp:term":[{"taxonomy":"category","embeddable":true,"href":"https:\/\/alianzanacional.com.uy\/web\/wp-json\/wp\/v2\/categories?post=32215"},{"taxonomy":"post_tag","embeddable":true,"href":"https:\/\/alianzanacional.com.uy\/web\/wp-json\/wp\/v2\/tags?post=32215"}],"curies":[{"name":"wp","href":"https:\/\/api.w.org\/{rel}","templated":true}]}}