{"id":32228,"date":"2019-10-23T13:12:36","date_gmt":"2019-10-23T16:12:36","guid":{"rendered":"http:\/\/alianzanacional.com.uy\/web\/?p=32228"},"modified":"2019-10-23T17:03:51","modified_gmt":"2019-10-23T20:03:51","slug":"la-coalicion-imposible","status":"publish","type":"post","link":"https:\/\/alianzanacional.com.uy\/web\/la-coalicion-imposible\/","title":{"rendered":"La Coalici\u00f3n Imposible"},"content":{"rendered":"<p>El pr\u00f3ximo 27 los uruguayos tenemos que decidir entre dos futuros posibles.<br \/>\nUno, es la prolongaci\u00f3n de un modelo probadamente fracasado. La continuidad de un presente decepcionante.<br \/>\nOtro, ser\u00e1 construido en base a la confluencia de quienes queremos mejorar las cosas. Es absolutamente claro que Uruguay precisa un cambio. Hay que arreglar lo que rompieron.<br \/>\nEl cambio no puede provenir desde el continuismo.<br \/>\nHay que construir el posfrentismo y esa construcci\u00f3n tiene que estar basada en la integraci\u00f3n de visiones diferentes, distintas pero no opuestas. Esas visiones tienen que ser capaces de confluir. Quien mejor est\u00e1 capacitado para llevar adelante esa misi\u00f3n es el Partido Nacional. El escenario que viene, el posfrentismo, es escenario de construcci\u00f3n de acuerdos parlamentarios entre varios partidos.<br \/>\nEl Frente Amplio no puede ofrecer ese escenario.\u00a0 El Frente Amplio no puede gobernar sin mayor\u00eda propia. Su coalici\u00f3n interna tiene un dise\u00f1o tal que es excluyente. Si Mart\u00ednez propone una coalici\u00f3n hacia afuera, se queda sin coalici\u00f3n hacia adentro. Mart\u00ednez no puede decir con qui\u00e9n aspira a gobernar sin que alg\u00fan socio interno se subleve. Pero m\u00e1s a\u00fan, no puede sugerir que va a gobernar con otros partidos (m\u00e1s all\u00e1 de que no es cre\u00edble porque nunca lo hicieron) sino que, para acordar con alg\u00fan partido de la oposici\u00f3n, deber\u00eda romper en mil pedazos su programa de gobierno. Es que quienes estamos en la oposici\u00f3n tenemos un rumbo distinto al que ha llevado adelante y propone continuar el Frente Amplio. Si quienes estamos en la oposici\u00f3n sostenemos que el pa\u00eds no soporta m\u00e1s impuestos y el programa del Frente propone m\u00e1s impuestos, si quienes estamos en la oposici\u00f3n sostenemos la necesidad de reformar la educaci\u00f3n y el Frente propone m\u00e1s de lo mismo, si quienes estamos en la oposici\u00f3n queremos cambiar la pol\u00edtica de seguridad y el Frente quiere mantenerla, es contundentemente claro que el Frente y Mart\u00ednez no ser\u00edan capaces de lograr acuerdos que aseguren una gobernabilidad hija de acuerdos parlamentarios s\u00f3lidos.<\/p>\n<p>Para el Frente Amplio es imposible conformar una Coalici\u00f3n.<\/p>\n<p>Es el Partido Nacional quien tendr\u00e1 la responsabilidad de articular un nuevo estilo de gobierno junto a otros partidos. Es el Partido Nacional el que va a conformar un gobierno de integraci\u00f3n de visiones distintas pero no contrapuestas, distintas y complementarias. El Partido Nacional es la alternativa y la alternancia.<br \/>\nJorge Larra\u00f1aga<\/p>\n","protected":false},"excerpt":{"rendered":"<p>El pr\u00f3ximo 27 los uruguayos tenemos que decidir entre dos futuros posibles. Uno, es la prolongaci\u00f3n de un modelo probadamente fracasado. La continuidad de un presente decepcionante. Otro, ser\u00e1 construido en base a la confluencia de quienes queremos mejorar las cosas. Es absolutamente claro que Uruguay precisa un cambio. Hay que arreglar lo que rompieron. [&hellip;]<\/p>\n","protected":false},"author":1,"featured_media":31492,"comment_status":"open","ping_status":"open","sticky":false,"template":"","format":"standard","meta":{"footnotes":""},"categories":[17],"tags":[],"class_list":["post-32228","post","type-post","status-publish","format-standard","has-post-thumbnail","hentry","category-columna"],"_links":{"self":[{"href":"https:\/\/alianzanacional.com.uy\/web\/wp-json\/wp\/v2\/posts\/32228","targetHints":{"allow":["GET"]}}],"collection":[{"href":"https:\/\/alianzanacional.com.uy\/web\/wp-json\/wp\/v2\/posts"}],"about":[{"href":"https:\/\/alianzanacional.com.uy\/web\/wp-json\/wp\/v2\/types\/post"}],"author":[{"embeddable":true,"href":"https:\/\/alianzanacional.com.uy\/web\/wp-json\/wp\/v2\/users\/1"}],"replies":[{"embeddable":true,"href":"https:\/\/alianzanacional.com.uy\/web\/wp-json\/wp\/v2\/comments?post=32228"}],"version-history":[{"count":3,"href":"https:\/\/alianzanacional.com.uy\/web\/wp-json\/wp\/v2\/posts\/32228\/revisions"}],"predecessor-version":[{"id":32231,"href":"https:\/\/alianzanacional.com.uy\/web\/wp-json\/wp\/v2\/posts\/32228\/revisions\/32231"}],"wp:featuredmedia":[{"embeddable":true,"href":"https:\/\/alianzanacional.com.uy\/web\/wp-json\/wp\/v2\/media\/31492"}],"wp:attachment":[{"href":"https:\/\/alianzanacional.com.uy\/web\/wp-json\/wp\/v2\/media?parent=32228"}],"wp:term":[{"taxonomy":"category","embeddable":true,"href":"https:\/\/alianzanacional.com.uy\/web\/wp-json\/wp\/v2\/categories?post=32228"},{"taxonomy":"post_tag","embeddable":true,"href":"https:\/\/alianzanacional.com.uy\/web\/wp-json\/wp\/v2\/tags?post=32228"}],"curies":[{"name":"wp","href":"https:\/\/api.w.org\/{rel}","templated":true}]}}