{"id":32301,"date":"2019-11-04T15:12:23","date_gmt":"2019-11-04T18:12:23","guid":{"rendered":"http:\/\/alianzanacional.com.uy\/web\/?p=32301"},"modified":"2019-11-04T15:12:23","modified_gmt":"2019-11-04T18:12:23","slug":"el-dia-despues","status":"publish","type":"post","link":"https:\/\/alianzanacional.com.uy\/web\/el-dia-despues\/","title":{"rendered":"El d\u00eda despu\u00e9s"},"content":{"rendered":"<p>La pasada elecci\u00f3n del 27 de octubre marc\u00f3 el tiempo de cambio que se abre en el Uruguay.<\/p>\n<p>El Frente Amplio -sus c\u00fapulas- han quedado en falsa escuadra y por ello han lanzado un repetido elenco de ataques sobre el Partido Nacional y los partidos con disposici\u00f3n a participar en coalici\u00f3n.<\/p>\n<p>Lo peor es que algunos de sus m\u00e1ximos dirigentes, insin\u00faan y vaticinan -espero no inciten- escenarios de inestabilidad si ellos pierden.<\/p>\n<p>Tienen la soberbia de proclamarse los \u00fanicos capacitados para gobernar, los \u00fanicos garantes de estabilidad y tranquilidad. Por esa misma soberbia es que el tiempo de cambio lleg\u00f3 al Uruguay.<\/p>\n<p>No hubo inestabilidad cuando ganaron y no habr\u00e1 inestabilidad cuando pierdan.<\/p>\n<p>Esos \u00a8fantasmas\u201d desatados en este tiempo son evidencia de su escaso registro democr\u00e1tico y de su exacerbada soberbia. Por ambas cosas se van.<\/p>\n<p>El Frente Amplio -sus c\u00fapulas- se equivocan si creen que su derrota quedar\u00e1 marcada por el 27 de octubre o el 24 de noviembre.<\/p>\n<p>Se empezaron a ir mucho antes; cuando incumplieron promesas.<\/p>\n<p>Se empezaron a ir cuando defendieron a Sendic, cuando fundieron PLUNA, cuando casi quiebran ANCAP, cuando se ataron a Maduro y a la Dictadura venezolana, cuando dilapidaron la bonanza, cuando negaban la inseguridad que sufren los uruguayos, cuando debilitaron a la educaci\u00f3n p\u00fablica; se empezaron a ir cuando se enamoraron del sill\u00f3n y se olvidaron del pueblo.<\/p>\n<p>Por eso resultan lamentables las declaraciones de referentes del Frente Amplio construyendo sombras para el Uruguay que viene. Lo que deben entender todos quienes fomentan la exaltaci\u00f3n de la divisi\u00f3n es que hay un 25 de noviembre, que cuando pase la estridencia de la elecci\u00f3n del 24, en la ma\u00f1ana del 25, hay uruguayos que se levantan a trabajar, que mandan sus hijos a la escuela, que hay PYMES que tienen que llegar vivas, que hay productores que madrugan para trabajar la tierra. Que hay gente sin trabajo, que hay un ma\u00f1ana a construir<\/p>\n<p>El 25 de noviembre hay un pa\u00eds que necesita y reclama soluciones.<\/p>\n<p>No hay derecho alguno en ning\u00fan gobernante en comprometer la suerte de un pa\u00eds en nombre de la suerte de su propio partido.<\/p>\n<p>El 25 de noviembre hay que empezar a responder a los uruguayos y uno de los reclamos m\u00e1s claros que surgieron de la pasada elecci\u00f3n fue por m\u00e1s seguridad.<\/p>\n<p>El Gobierno del Frente Amplio pas\u00f3 por varias etapas: liber\u00f3 presos, quit\u00f3 facultades a la Polic\u00eda -tambi\u00e9n le rest\u00f3 el respaldo pol\u00edtico-, cuando los reclamos se hicieron m\u00e1s potentes empezaron a hablar de \u00a8sensaci\u00f3n t\u00e9rmica\u00a8, y siempre han negado el problema de la inseguridad.<\/p>\n<p>Permitieron la falta de respeto, que d\u00e9 lo mismo trabajar que no trabajar, la tolerancia a la droga, el narcotr\u00e1fico ganando espacios, la marginaci\u00f3n, los barrios prisioneros de la delincuencia, la tolerancia a ocupar espacios p\u00fablicos, la justificaci\u00f3n de la delincuencia como responsabilidad de la sociedad y podr\u00edamos seguir.<\/p>\n<p>Esa constante negaci\u00f3n por parte del Gobierno nos impuls\u00f3 a promover leyes que nunca fueron consideradas. Luego promovimos el Plebiscito \u201cVivir Sin Miedo\u201d. Fuimos a la ciudadan\u00eda y la ciudadan\u00eda habl\u00f3. M\u00e1s de un mill\u00f3n de uruguayos lo apoy\u00f3. No fue suficiente para generar el cambio constitucional, pero es sin duda un clamor democr\u00e1tico que debe ser escuchado y respetado.<\/p>\n<p>Los uruguayos tenemos derecho a que el Estado nos cuide. Tenemos derecho a ser protegidos y no permanecer expuestos a una delincuencia desbocada. El sistema pol\u00edtico en su conjunto debe contemplar ese reclamo popular y debe empezar por los que gobiernan hoy, porque han sido los mayores responsables del deterioro en la convivencia de los uruguayos.<\/p>\n<p>Ahora Mart\u00ednez y Leal salen a reconocer \u00a8el problema\u00a8.\u00a0Tarde se acordaron que hab\u00eda que hacer algo.<\/p>\n<p>PASARON 15 A\u00d1OS.<\/p>\n<p>Han sido espectadores del declive, han sido culpables de la debacle.<\/p>\n<p>El Estado que no cumple con un rol primordial como lo es garantizar la seguridad de sus habitantes es un Estado fallido.<\/p>\n<p>El pr\u00f3ximo Gobierno debe recuperar su rol protector de todos los uruguayos.<\/p>\n<p>O recuperamos la autoridad, el orden y el respeto o ingresaremos en un camino de mayor anomia y degradaci\u00f3n social.<\/p>\n<p>&nbsp;<\/p>\n<p style=\"text-align: center;\">Jorge Larra\u00f1aga<\/p>\n","protected":false},"excerpt":{"rendered":"<p>La pasada elecci\u00f3n del 27 de octubre marc\u00f3 el tiempo de cambio que se abre en el Uruguay. El Frente Amplio -sus c\u00fapulas- han quedado en falsa escuadra y por ello han lanzado un repetido elenco de ataques sobre el Partido Nacional y los partidos con disposici\u00f3n a participar en coalici\u00f3n. Lo peor es que [&hellip;]<\/p>\n","protected":false},"author":1,"featured_media":32302,"comment_status":"open","ping_status":"open","sticky":false,"template":"","format":"standard","meta":{"footnotes":""},"categories":[17],"tags":[],"class_list":["post-32301","post","type-post","status-publish","format-standard","has-post-thumbnail","hentry","category-columna"],"_links":{"self":[{"href":"https:\/\/alianzanacional.com.uy\/web\/wp-json\/wp\/v2\/posts\/32301","targetHints":{"allow":["GET"]}}],"collection":[{"href":"https:\/\/alianzanacional.com.uy\/web\/wp-json\/wp\/v2\/posts"}],"about":[{"href":"https:\/\/alianzanacional.com.uy\/web\/wp-json\/wp\/v2\/types\/post"}],"author":[{"embeddable":true,"href":"https:\/\/alianzanacional.com.uy\/web\/wp-json\/wp\/v2\/users\/1"}],"replies":[{"embeddable":true,"href":"https:\/\/alianzanacional.com.uy\/web\/wp-json\/wp\/v2\/comments?post=32301"}],"version-history":[{"count":1,"href":"https:\/\/alianzanacional.com.uy\/web\/wp-json\/wp\/v2\/posts\/32301\/revisions"}],"predecessor-version":[{"id":32303,"href":"https:\/\/alianzanacional.com.uy\/web\/wp-json\/wp\/v2\/posts\/32301\/revisions\/32303"}],"wp:featuredmedia":[{"embeddable":true,"href":"https:\/\/alianzanacional.com.uy\/web\/wp-json\/wp\/v2\/media\/32302"}],"wp:attachment":[{"href":"https:\/\/alianzanacional.com.uy\/web\/wp-json\/wp\/v2\/media?parent=32301"}],"wp:term":[{"taxonomy":"category","embeddable":true,"href":"https:\/\/alianzanacional.com.uy\/web\/wp-json\/wp\/v2\/categories?post=32301"},{"taxonomy":"post_tag","embeddable":true,"href":"https:\/\/alianzanacional.com.uy\/web\/wp-json\/wp\/v2\/tags?post=32301"}],"curies":[{"name":"wp","href":"https:\/\/api.w.org\/{rel}","templated":true}]}}