{"id":32378,"date":"2020-01-24T13:13:09","date_gmt":"2020-01-24T16:13:09","guid":{"rendered":"http:\/\/alianzanacional.com.uy\/web\/?p=32378"},"modified":"2020-12-20T18:48:41","modified_gmt":"2020-12-20T21:48:41","slug":"tras-15-anos-de-fracasos-el-gobierno-va-a-reprimir-y-al-que-no-le-guste-la-palabra-se-la-va-a-tener-que-tragar","status":"publish","type":"post","link":"https:\/\/alianzanacional.com.uy\/web\/tras-15-anos-de-fracasos-el-gobierno-va-a-reprimir-y-al-que-no-le-guste-la-palabra-se-la-va-a-tener-que-tragar\/","title":{"rendered":"Tras 15 a\u00f1os de \u201cfracasos\u201d, el gobierno va a \u201creprimir\u201d y al que \u201cno le guste la palabra se la va a tener que tragar\u201d"},"content":{"rendered":"<header>\n<div class=\"c-title\">\n<div class=\"title-content\">\n<div class=\"field-name-field-art-pre-title field-type-text\">\n<h4 class=\"pre-title\">Jorge Larra\u00f1aga dice que entrar\u00e1 al Ministerio del Interior \u201ca fondo, porque no hay tiempo para perder\u201d en materia de seguridad y que el \u201ccamino de tolerancia en buena medida\u201d llev\u00f3 a los problemas actuales<\/h4>\n<\/div>\n<div class=\"title-info\">\n<div class=\"date-lapse\"><em>Para Jorge Larra\u00f1aga el mes de enero 2020 \u201cha sido un verano sin verano\u201d, con una agenda completa que desde el arranque de 2020 lo tiene \u201ccon la pata a fondo en el acelerador\u201d adapt\u00e1ndose a lo que ser\u00e1 su pr\u00f3ximo y m\u00e1s desafiante trabajo. Con una trayectoria pol\u00edtica de 37 a\u00f1os en la que fue intendente, senador, l\u00edder de la oposici\u00f3n, presidente del Directorio del Partido Nacional, candidato a presidente y candidato a vicepresidente, nada parece compararse para lo que vendr\u00e1 el 1\u00ba de marzo.<\/em><\/div>\n<div class=\"date-lapse\"><em>&nbsp;<\/em><\/div>\n<div class=\"date-lapse\"><em>Cuando se enteraron de que hab\u00eda aceptado ser el pr\u00f3ximo ministro del Interior, sus familiares y amigos le dijeron que estaba loco. Todav\u00eda se lo dicen y \u00e9l entiende las razones: tendr\u00e1 la tarea de intentar solucionar el problema que m\u00e1s preocupa a la poblaci\u00f3n y que fue determinante para que la izquierda dejara el poder.<\/em><\/div>\n<div><\/div>\n<div class=\"date-lapse\"><em>\u201cDespu\u00e9s de 12 a\u00f1os criticando las pol\u00edticas de seguridad del gobierno, no pod\u00eda echar para atr\u00e1s\u201d, dice hoy Larra\u00f1aga para justificar su decisi\u00f3n. \u201cEs el trabajo que debo hacer, porque alguien tiene que hacerlo\u201d, agrega sobre encabezar acaso el ministerio m\u00e1s complejo del gobierno. Sabe que est\u00e1 en juego su \u201cdestino pol\u00edtico\u201d.<\/em><\/div>\n<div><\/div>\n<div class=\"date-lapse\"><em>A menos de cuarenta d\u00edas para asumir el cargo, Larra\u00f1aga recibe \u201ccentenas\u201d de pedidos y mensajes de aliento en la calle y en su celular, que en pocos meses pueden transformarse en quejas y cr\u00edticas. Para evitar ese desenlace apostar\u00e1 a restablecer el \u201cprincipio de autoridad\u201d, seg\u00fan el cual \u201cla Polic\u00eda no va a dar marcha atr\u00e1s\u201d ante la delincuencia, sin inquietarse por \u201cla sanata&nbsp;del gatillo f\u00e1cil\u201d que ya le achacan sus detractores.<\/em><\/div>\n<div><\/div>\n<div class=\"date-lapse\"><em>A continuaci\u00f3n un resumen de su entrevista con&nbsp;<\/em><strong>B\u00fasqueda<\/strong><em>.&nbsp;<\/em><\/div>\n<\/div>\n<\/div>\n<\/div>\n<\/header>\n<div class=\"note-content highlander\">\n<div class=\"note-body\">\n<div class=\"field-name-body field-type-text-with-summary\">\n<div class=\"field-items\">\n<div class=\"field-item even\">\n<div id=\"w-marked\" class=\"t-marked\">\n<p><span class=\"nomark\"><strong>\u2014\u00bfQu\u00e9 raz\u00f3n cree que hay detr\u00e1s de los \u00faltimos ataques contra polic\u00edas?<\/strong><\/span><\/p>\n<p><span class=\"nomark\">\u2014En Uruguay se ha perdido el respeto, la autoridad. Y en este embate contra los polic\u00edas \u00bfhasta d\u00f3nde incide una suerte de ajenidad y de percepci\u00f3n de la delincuencia de que el gobierno actual ya termin\u00f3? \u00a1Pero no termin\u00f3 porque hasta el 1\u00ba de marzo sigue! Tambi\u00e9n lo que coincide es un patr\u00f3n donde buscan hacerse del arma del polic\u00eda, porque se me ha expresado que esa arma despu\u00e9s se comercializa para alg\u00fan pa\u00eds vecino, entonces termina siendo un negocio hacerse de un arma de un polic\u00eda. \u00bfA qu\u00e9 extremo hemos llegado? Existe gente que no vacila en disponer de la vida de un ser humano para hacerse de un pedazo de fierro que despu\u00e9s comercializa.<\/span><\/p>\n<p><span class=\"nomark\"><strong>\u2014El jefe de Polic\u00eda de Montevideo, Ricardo P\u00e9rez, dijo que ser polic\u00eda y estar uniformado&nbsp;<a class=\"path\" href=\"https:\/\/www.montevideo.com.uy\/Noticias\/Ricardo-Perez--El-hecho-de-ser-policia-representa-un-blanco-que-cualquier-delincuente-ve--uc741615\" target=\"_blank\" rel=\"noopener\">representa un blanco<\/a>&nbsp;para los delincuentes.<\/strong><\/span><\/p>\n<p><span class=\"nomark\">\u2014Esto de anim\u00e1rsele a la Polic\u00eda cada vez con m\u00e1s impunidad&#8230; nosotros no vamos a desarmar a la Polic\u00eda bajo ning\u00fan punto de vista. Yo digo primero que no habr\u00e1 zona donde la Polic\u00eda no vaya a entrar. Segundo, que no vamos a desvestir a los polic\u00edas para que no los identifiquen. Tercero, que los vamos a equipar y capacitar de la mejor manera y los vamos a respaldar, y si tienen que tirar, se tendr\u00e1 que tirar, porque si no, ganan los delincuentes. Si la Polic\u00eda en el marco de la Constituci\u00f3n y de la ley pierde, pierde la sociedad, y eso es lo que no podemos aceptar.<\/span><\/p>\n<p><span class=\"nomark\"><strong>\u2014\u00bfCree que es sintom\u00e1tico que los delincuentes desaf\u00eden a la Polic\u00eda?<\/strong><\/span><\/p>\n<p><span class=\"nomark\">\u2014Lamentablemente hay una desvalorizaci\u00f3n de la ley como instrumento de convivencia. Quiero ser muy claro y muy contundente: todo esto que estamos viviendo es un triple fracaso de las pol\u00edticas sociales, educativas y de seguridad, m\u00e1s un cuarto factor que es el tema de la droga. Habr\u00e1 otros aspectos que seguramente van a tener participaci\u00f3n e incidencia: cambios en las pol\u00edticas sociales, cambios en las pol\u00edticas educativas, pero tambi\u00e9n hay un problema de convivencia que tenemos que restablecer r\u00e1pidamente, y es c\u00f3mo nos plantamos frente al tema de la delincuencia. Hay que terminar con esa suerte de camino de la relativizaci\u00f3n de las cosas. Se trata del principio de autoridad.<\/span><\/p>\n<div class=\"right-pull-quote\">\n<p><span class=\"nomark\">\u00abNosotros no vamos a desarmar a la Polic\u00eda bajo ning\u00fan punto de vista. Yo digo primero que no habr\u00e1 zona donde la Polic\u00eda no vaya a entrar. Segundo, que no vamos a desvestir a los polic\u00edas para que no los identifiquen. Tercero, que los vamos a equipar y capacitar de la mejor manera y los vamos a respaldar, y si tienen que tirar, se tendr\u00e1 que tirar\u00bb.<\/span><\/p>\n<\/div>\n<p><span class=\"nomark\"><strong>\u2014\u00bfC\u00f3mo se logra restablecer la convivencia?<\/strong><\/span><\/p>\n<p><span class=\"nomark\">\u2014La autoridad no se negocia, la autoridad se ejerce, y al Ministerio del Interior la Constituci\u00f3n le otorga la autoridad de ser el brazo armado para defender a la sociedad. Entonces esa es la tarea que nosotros ya tenemos por delante. Nosotros no podemos entrar el 2 de marzo a desplegar funciones y decirles a los delincuentes \u201cche, paren un poquito, no cometan delitos porque estamos reci\u00e9n entrando\u201d o a los presos \u201cmuchachos, no se escapen porque reci\u00e9n entramos\u201d. \u00a1No! Tenemos que entrar a fondo y poner r\u00e1pidamente quinta porque no hay tiempo para perder en el tema seguridad. Otros ministerios tendr\u00e1n su tiempo para pararse en la cancha, nosotros tenemos que entrar a la cancha y patear el penal, no hay vuelta de hoja. Ese es el camino que nosotros tenemos por delante, no hay otra vuelta.<\/span><\/p>\n<p><span class=\"nomark\"><strong>\u2014Apenas asuma como ministro, \u00bfle dar\u00e1 \u00f3rdenes precisas a los polic\u00edas de no retroceder ante los delincuentes?<\/strong><\/span><\/p>\n<p><span class=\"nomark\">\u2014Ya lo dijo el presidente de la Rep\u00fablica durante la campa\u00f1a electoral y yo lo ratifico y estoy plenamente conteste con el presidente: la Polic\u00eda no va a dar marcha atr\u00e1s. \u00a1Y que no me vengan a m\u00ed con el viejo verso de que se est\u00e1 cultivando la represi\u00f3n y el enfrentamiento! Si no, \u00bfcu\u00e1l es el camino?, \u00bfretroceder? El camino de tolerancia es el camino de cierta indulgencia, de que los responsables por la delincuencia poco menos que somos todos nosotros. Ese camino en buena medida nos llev\u00f3 a todo esto. Empiezan con la sanata y con el verso del gatillo f\u00e1cil, del gatillo duro, cuando en realidad no estamos para eso, no estamos para sacar pecho y decir \u201c\u00a1los vamos a pasar por arriba!\u201d No es sacar patente de guapeza ni nada, es simplemente poner las cosas con el sentido com\u00fan de la emergencia en materia de seguridad p\u00fablica que hay hoy en el Uruguay. Queremos que la batalla entre la Polic\u00eda y los delincuentes la gane la Polic\u00eda, porque si no, pierde la gente y pierde la sociedad. Esa es la funci\u00f3n que la gente est\u00e1 reclamando hoy: mano firme, mano justa.<\/span><\/p>\n<p><span class=\"nomark\"><strong>\u2014\u00bfSe lo pide la gente en la calle?<\/strong><\/span><\/p>\n<p><span class=\"nomark\">\u2014Yo lo palpo cuando me paro en los sem\u00e1foros con mi veh\u00edculo y la gente me pone el pulgar para arriba, o cuando entro a un restaurante con mi se\u00f1ora a comer un churrasco, o cuando voy con mis amigos a un boliche a comer algo. \u00a1La gente nos est\u00e1 reclamando esto! Es lo que uno palpa, lo que uno percibe. Yo he estado pr\u00e1cticamente el \u00faltimo mes entrando y saliendo de un centro m\u00e9dico por un problema de salud de un familiar y ya perd\u00ed la cuenta de las centenas de personas con las que he hablado, tambi\u00e9n perd\u00ed la cuenta de la cantidad enorme de mensajes que me llegan por WhatsApp de gente que no conozco pero que me denuncia delitos, que me pide intervenci\u00f3n. Es algo que me sucede a diario. Entonces hay una emergencia y hay que enfrentarla y por eso nosotros vamos a impulsar el tema de la ley de urgente consideraci\u00f3n.<\/span><\/p>\n<p><span class=\"nomark\"><strong>\u2014\u00bfQu\u00e9 va incluir esa ley en materia de seguridad?<\/strong><\/span><\/p>\n<p><span class=\"nomark\">\u2014Hay muchos temas. El Frente Amplio hab\u00eda presentado el a\u00f1o pasado un proyecto que ampliaba de 50 a 100 horas el 222, nosotros le vamos a agregar 20 horas m\u00e1s por situaciones excepcionales, por lo que podr\u00eda llegar hasta 120 horas. Tambi\u00e9n vamos a impulsar una cantidad de instrumentos en una batalla muy trascendente contra el narcotr\u00e1fico, porque es absolutamente claro e indiscutible que somos un pa\u00eds de tr\u00e1nsito, que los pa\u00edses productores de droga nos han agarrado como v\u00eda de salida.<\/span><\/p>\n<p><span class=\"nomark\"><strong>\u2014\u00bfCu\u00e1les son esos instrumentos?<\/strong><\/span><\/p>\n<p><span class=\"nomark\">\u2014Vamos a tener acciones, refuerzos del trabajo de inteligencia tanto policial como en coordinaci\u00f3n con la Secretar\u00eda de Inteligencia Estrat\u00e9gica del Estado. Vamos a tener la colaboraci\u00f3n con agencias internacionales de lucha contra el narcotr\u00e1fico y el crimen organizado, la recuperaci\u00f3n de los territorios que han sido abandonados por el Estado y la lucha contra las denominadas bocas de pasta base. Porque si la gente advierte que hay bocas de pasta base en el barrio y no se combaten, estamos generando una impunidad que no tiene retorno. Algunas de estas cosas van a estar en la ley.<\/span><\/p>\n<p><span class=\"nomark\"><strong>\u2014\u00bfLa ley prev\u00e9 un aumento de las penas?<\/strong><\/span><\/p>\n<p><span class=\"nomark\">\u2014Estamos estudiando algunos instrumentos procesales del CPP que han sido manejados con cierta desviaci\u00f3n y por ello vamos a intentar el camino de restringirlos, por ejemplo, el tema de la libertad vigilada y la libertad vigilada intensiva, porque no es ni vigilada ni intensiva. Es un instrumento que lo vamos a conversar con el Fiscal de Corte.<\/span><\/p>\n<figure class=\"media-element file-full img-legend\"><a href=\"https:\/\/www.busqueda.com.uy\/sites\/default\/files\/styles\/content_full\/public\/img_2527.jpg?itok=cxJaO2vs\" rel=\"shadowbox\n\n\n<p data-wpview-marker=\"><img fetchpriority=\"high\" decoding=\"async\" src=\"https:\/\/www.busqueda.com.uy\/sites\/default\/files\/styles\/content_full\/public\/img_2527.jpg?itok=cxJaO2vs\" alt=\"Jorge Larra\u00f1aga\" width=\"1300\" height=\"866\" data-delta=\"2\"><\/a><figcaption>Foto: Nicol\u00e1s Der Agopi\u00e1n<\/figcaption><\/figure>\n<p><span class=\"nomark\"><strong>\u2014\u00bfQu\u00e9 otras iniciativas de seguridad est\u00e1n previstas?<\/strong><\/span><\/p>\n<p><span class=\"nomark\">\u2014Vamos a darle m\u00e1s potestades a la Polic\u00eda en cuanto a los controles en la v\u00eda p\u00fablica, porque hoy tenemos que tener operativos de control de veh\u00edculos y de personas en determinados lugares que vamos a llevar adelante en forma aleatoria, contingente o permanente. Me parece que es necesario en la zona de frontera, donde queremos terminar de reglamentar la ley de guardia de frontera y tener la participaci\u00f3n de las Fuerzas Armadas en funciones de Polic\u00eda. Tambi\u00e9n la creaci\u00f3n del delito de la rotura de las tobilleras electr\u00f3nicas, que configurar\u00eda desacato y da\u00f1o. Tenemos que crear un delito espec\u00edfico porque si yo como mandato judicial le pongo una tobillera y usted la rompe, usted ahora pasar\u00e1 a cometer un delito y tendr\u00e1 que ir pa\u2019 dentro, no hay otra soluci\u00f3n. Y estamos analizando una disposici\u00f3n para que los cascos tengan la identificaci\u00f3n de la patente que corresponda con la patente de la moto. Yo no quiero criminalizar la utilizaci\u00f3n de las motos, que adem\u00e1s coincide con aquellas personas que tienen necesidades, pero es de p\u00fablico conocimiento que las motos son utilizadas por los motochorros y que en algunos casos derivan en motoasesinos. \u00a1Hay una cantidad de motos sin patente y eso no puede ser, no puede ser! Es el paso previo para el delito.<\/span><\/p>\n<p><span class=\"nomark\"><strong>\u2014\u00bfEl presidente electo le pidi\u00f3 disminuir los delitos en determinado porcentaje?<\/strong><\/span><\/p>\n<p><span class=\"nomark\">\u2014No, no hemos hablado de eso. Nosotros no vamos a estar acuciados por las cifras ni vamos a hablar de cifras, porque hemos resistido una decadencia en materia de incremento de los delitos que venimos anunciando hace muchos a\u00f1os. No estamos levantando ning\u00fan escudo de autodefensa, somos conscientes de que aqu\u00ed hay que tener resultados y vamos a pelear por esos resultados.<\/span><\/p>\n<p><span class=\"nomark\"><strong>\u2014\u00bfNo conseguir esos resultados ser\u00e1 un fracaso de su gesti\u00f3n?<\/strong><\/span><\/p>\n<p><span class=\"nomark\">\u2014Nosotros vamos a apuntar a la baja de los delitos, respecto a esa calificaci\u00f3n dentro de un a\u00f1o hablamos. No vengamos ahora con teor\u00edas de lo que puede pasar en un a\u00f1o. D\u00e9jeme ponerme los zapatos, estoy en los vestuarios todav\u00eda, no es el momento de patear el penal.<\/span><\/p>\n<div class=\"left-pull-quote\">\n<p><span class=\"nomark\">\u00abQueremos que la batalla entre la Polic\u00eda y los delincuentes la gane la Polic\u00eda, porque si no, pierde la gente y pierde la sociedad. Esa es la funci\u00f3n que la gente est\u00e1 reclamando hoy: mano firme, mano justa\u00bb.<\/span><\/p>\n<\/div>\n<p><span class=\"nomark\"><strong>\u2014El director nacional de Polic\u00eda, Mario Layera, afirm\u00f3 que una cosa es&nbsp;<a class=\"path\" href=\"https:\/\/www.elobservador.com.uy\/nota\/layera-le-respondio-a-larranaga-los-pingos-se-ven-en-la-cancha--202012211389\" target=\"_blank\" rel=\"noopener\">estar en la cancha<\/a>&nbsp;y otra verlo desde afuera.<\/strong><\/span><\/p>\n<p><span class=\"nomark\">\u2014Yo le digo a Layera que los pingos se ven en la cancha. \u00a1S\u00ed, se\u00f1or, por supuesto que s\u00ed! Yo medio en broma, medio en serio, le dije en una conferencia con Bonomi que en el futuro ellos interpelen todo lo que quieran, pero que la primera parte de la interpelaci\u00f3n va a comenzar con los 15 a\u00f1os de fracaso del Frente Amplio en materia de seguridad p\u00fablica. Esta es la realidad, no me pongo un escudo para justificar nada ni estoy anticipadamente levantando la guardia. Despu\u00e9s de haber sido 15 a\u00f1os responsables de una pronunciada y dur\u00edsima ca\u00edda en seguridad, \u00bfde qu\u00e9 hablan?<\/span><\/p>\n<p><span class=\"nomark\"><strong>\u2014\u00bfPero usted es consciente de que va a encontrarse con una situaci\u00f3n y un ministerio complejo?<\/strong><\/span><\/p>\n<p><span class=\"nomark\">\u2014Por supuesto, yo tengo una tarea y tengo que enfrentar esa tarea, que adem\u00e1s para m\u00ed supone hasta un cambio de forma de vida, familiar, en el plano personal. Tengo hasta que empezar a ver el tema de la custodia, de analizar tambi\u00e9n la preocupaci\u00f3n por la propia familia. Pero tenemos que dar vuelta la pisada en este tema y tenemos que enfrentar la delincuencia.&nbsp;Yo cuando agarre esta changa, la gente m\u00e1s cercana y la que m\u00e1s me quiere me dijo que estaba loco, \u00a1todav\u00eda me lo dicen! Y yo enseguida contestaba que despu\u00e9s de 12 a\u00f1os criticando las pol\u00edticas de seguridad del gobierno y despu\u00e9s de que el presidente me ofreciera esta changa, no pod\u00eda echar para atr\u00e1s. No pod\u00eda, porque la fragilizaci\u00f3n de las democracias est\u00e1 en la responsabilidad de los pol\u00edticos que viven orejeando.<\/span><\/p>\n<p><span class=\"nomark\"><strong>\u2014\u00bfPol\u00edticamente no es conveniente ser ministro del Interior?<\/strong><\/span><\/p>\n<p><span class=\"nomark\">\u2014Yo si hubiera hecho una especulaci\u00f3n pol\u00edtica, seguramente no hubiera estado en esta posici\u00f3n. Pero es en donde me toc\u00f3 jugar. Mi destino poco me importa, lo que me importa es que yo pueda tener el mayor de los \u00e9xitos para la sociedad y para el pa\u00eds. Lo que pase con el destino pol\u00edtico de Jorge Larra\u00f1aga a m\u00ed, en lo personal, es algo que no me preocupa. Estoy empe\u00f1ado en llevar adelante esta tarea de la mejor manera porque esto no da para m\u00e1s. Estoy convencido de que este es el trabajo que debo enfrentar, siendo consciente de que la mano es dur\u00edsima, que la tarea es enorme, siendo sabedor de que los pron\u00f3sticos son agoreros, pero estoy absolutamente tranquilo, convencido de que es el trabajo que debo hacer, porque alguien tiene que hacerlo.<\/span><\/p>\n<figure class=\"media-element file-full img-legend\"><a href=\"https:\/\/www.busqueda.com.uy\/sites\/default\/files\/styles\/content_full\/public\/img_2591.jpg?itok=X-RzmCu2\" rel=\"shadowbox\n\n\n<p data-wpview-marker=\"><img decoding=\"async\" src=\"https:\/\/www.busqueda.com.uy\/sites\/default\/files\/styles\/content_full\/public\/img_2591.jpg?itok=X-RzmCu2\" alt=\"Jorge Larra\u00f1aga\" width=\"1300\" height=\"866\" data-delta=\"1\"><\/a><\/p><figcaption>Foto: Nicol\u00e1s Der Agopi\u00e1n<\/figcaption><\/figure>\n<p><span class=\"nomark\"><strong>\u2014\u00bfVa a integrar a su equipo a jerarcas del ministerio actual?<\/strong><\/span><\/p>\n<p><span class=\"nomark\">\u2014Vamos a elegir o procurar elegir a la mejor gente. Hemos hablado con el presidente sobre la designaci\u00f3n de Diego Fern\u00e1ndez como&nbsp;director nacional de la Polic\u00eda y de Erode Ru\u00edz como jefe de Polic\u00eda de Montevideo. Ruiz fue, por ejemplo, jefe de Polic\u00eda de gobiernos del Frente Amplio en Maldonado, en Canelones y en Lavalleja. Como director del Instituto Nacional de Rehabilitaci\u00f3n (INR) hemos hablado de Luis Mendoza, actual&nbsp;jefe de Polic\u00eda&nbsp;de Paysand\u00fa. Y por ah\u00ed me quedo, todas las otras listas y nombres que andan en la vuelta son un invento.<\/span><\/p>\n<p><span class=\"nomark\"><strong>\u2014M\u00e1s all\u00e1 de los nombres, \u00bfqu\u00e9 pol\u00edticas de seguridad pretende mantener?<\/strong><\/span><\/p>\n<p><span class=\"nomark\">\u2014Nosotros vamos a mantener aquellas cosas que creamos que est\u00e1n en buen camino. Hay avances, nadie puede discutir los avances en materia de retribuci\u00f3n, algunos en materia de tecnolog\u00eda, la parte de implementaci\u00f3n vehicular. Siempre hay avances. Se ha incrementado de manera importante el presupuesto en materia de seguridad p\u00fablica, nadie lo discute, eso es un avance, pero el tema son los resultados, y los resultados son y han sido malos.<\/span><\/p>\n<p><span class=\"nomark\"><strong>\u2014\u00bfYa tiene definido c\u00f3mo ser\u00e1 la reestructura de las comisar\u00edas?<\/strong><\/span><\/p>\n<p><span class=\"nomark\">\u2014Vamos a hacer un estudio de las comisar\u00edas que exist\u00edan en todo el pa\u00eds hace 15, 10 y cinco a\u00f1os, y las que tenemos ahora. Y vamos a hacer un relevamiento de recursos humanos en la misma cantidad de a\u00f1os, porque es evidente que en muchas partes del pa\u00eds donde hab\u00eda comisar\u00edas ahora hay taperas y en otras comisar\u00edas de tiempo completo ahora hay comisar\u00edas&nbsp;<em>part time<\/em>. Esto no excluye el tema PADO, el patrullaje, la disposici\u00f3n de los recursos humanos en el territorio, el uso de las c\u00e1maras de videovigilancia, porque hoy en el mundo hay c\u00e1maras que permiten fotografiar y emitir avisos de alertas de personas en situaci\u00f3n sospechosa, en situaci\u00f3n de merodeo. Eso es inteligencia, es tecnolog\u00eda, es trabajo para prevenir, para disuadir y tambi\u00e9n cuando llegue el caso reprimir. Porque no hay vuelta, si hay que reprimir, hay que reprimir, y al que no le guste la palabra se la va a tener que tragar porque es la tarea que me encomiendan a m\u00ed como ministro del Interior.<\/span><\/p>\n<\/div>\n<header>\n<div class=\"c-title\">\n<div class=\"title-content\">\n<h1 data-length=\"37\">\u201cLas c\u00e1rceles me dan verg\u00fcenza\u201d<\/h1>\n<div class=\"title-info\">\n<div class=\"date-lapse\">Aunque Uruguay logr\u00f3 el a\u00f1o pasado terminar con el hacinamiento del sistema carcelario, las m\u00e1s de 11.500 personas que est\u00e1n hoy privadas de libertad transforman este problema en una amenaza continua. Al igual que autoridades policiales del actual gobierno, como la directora del Instituto Nacional de Rehabilitaci\u00f3n (INR), Ana Juanche, el pr\u00f3ximo ministro del Interior, Jorge Larra\u00f1aga, considera que a mediano y largo plazo el sistema solo debe albergar c\u00e1rceles de menor tama\u00f1o.<\/div>\n<\/div>\n<\/div>\n<\/div>\n<\/header>\n<div class=\"note-content\">\n<div class=\"note-body\">\n<div class=\"field-name-body field-type-text-with-summary\">\n<div class=\"field-items\">\n<div class=\"field-item even\">\n<p>\u201cHoy la l\u00ednea en el mundo son los establecimientos carcelarios que no son superiores a los 500, los 600 presos, no son estas megac\u00e1rceles inmanejables\u201d, dijo a&nbsp;<strong>B\u00fasqueda<\/strong>&nbsp;sobre la Unidad N\u00ba4 de Santiago V\u00e1zquez, que aloja a alrededor de 3.500 reclusos, y el Penal de Libertad, que tiene un n\u00famero similar.<\/p>\n<p>\u201cLas c\u00e1rceles a m\u00ed me dan verg\u00fcenza como ser humano y como pol\u00edtico. Veremos en el marco del INR de qu\u00e9 manera se puede trabajar para solucionar esta situaci\u00f3n extremadamente compleja que hay en esas c\u00e1rceles y en las de Canelones y Maldonado\u201d, se\u00f1al\u00f3 Larra\u00f1aga.<\/p>\n<p>Por lo pronto, el programa del gobierno multicolor prev\u00e9 la construcci\u00f3n de una c\u00e1rcel de m\u00e1xima seguridad para integrantes de organizaciones de narcotr\u00e1fico y personas privadas de libertad con perfil de alta peligrosidad. Adem\u00e1s, el&nbsp;mi\u00e9rcoles 22 Larra\u00f1aga se reuni\u00f3 con el futuro titular del Ministerio de Desarrollo Social, Pablo Bartol, para que le brinde su posici\u00f3n sobre c\u00f3mo debe ser la rehabilitaci\u00f3n de presos.<\/p>\n<\/div>\n<\/div>\n<\/div>\n<\/div>\n<\/div>\n<p>Fuente:&nbsp;Entrevista de Juan Pittaluga y Guillermo Draper para B\u00fasqueda<\/p>\n<\/div>\n<\/div>\n<\/div>\n<\/div>\n<\/div>\n","protected":false},"excerpt":{"rendered":"<p>Jorge Larra\u00f1aga dice que entrar\u00e1 al Ministerio del Interior \u201ca fondo, porque no hay tiempo para perder\u201d en materia de seguridad y que el \u201ccamino de tolerancia en buena medida\u201d llev\u00f3 a los problemas actuales Para Jorge Larra\u00f1aga el mes de enero 2020 \u201cha sido un verano sin verano\u201d, con una agenda completa que desde [&hellip;]<\/p>\n","protected":false},"author":1,"featured_media":32379,"comment_status":"open","ping_status":"open","sticky":false,"template":"","format":"standard","meta":{"footnotes":""},"categories":[163],"tags":[],"class_list":["post-32378","post","type-post","status-publish","format-standard","has-post-thumbnail","hentry","category-entrevistas"],"_links":{"self":[{"href":"https:\/\/alianzanacional.com.uy\/web\/wp-json\/wp\/v2\/posts\/32378","targetHints":{"allow":["GET"]}}],"collection":[{"href":"https:\/\/alianzanacional.com.uy\/web\/wp-json\/wp\/v2\/posts"}],"about":[{"href":"https:\/\/alianzanacional.com.uy\/web\/wp-json\/wp\/v2\/types\/post"}],"author":[{"embeddable":true,"href":"https:\/\/alianzanacional.com.uy\/web\/wp-json\/wp\/v2\/users\/1"}],"replies":[{"embeddable":true,"href":"https:\/\/alianzanacional.com.uy\/web\/wp-json\/wp\/v2\/comments?post=32378"}],"version-history":[{"count":2,"href":"https:\/\/alianzanacional.com.uy\/web\/wp-json\/wp\/v2\/posts\/32378\/revisions"}],"predecessor-version":[{"id":32953,"href":"https:\/\/alianzanacional.com.uy\/web\/wp-json\/wp\/v2\/posts\/32378\/revisions\/32953"}],"wp:featuredmedia":[{"embeddable":true,"href":"https:\/\/alianzanacional.com.uy\/web\/wp-json\/wp\/v2\/media\/32379"}],"wp:attachment":[{"href":"https:\/\/alianzanacional.com.uy\/web\/wp-json\/wp\/v2\/media?parent=32378"}],"wp:term":[{"taxonomy":"category","embeddable":true,"href":"https:\/\/alianzanacional.com.uy\/web\/wp-json\/wp\/v2\/categories?post=32378"},{"taxonomy":"post_tag","embeddable":true,"href":"https:\/\/alianzanacional.com.uy\/web\/wp-json\/wp\/v2\/tags?post=32378"}],"curies":[{"name":"wp","href":"https:\/\/api.w.org\/{rel}","templated":true}]}}