{"id":33119,"date":"2020-12-23T19:09:03","date_gmt":"2020-12-23T22:09:03","guid":{"rendered":"http:\/\/alianzanacional.com.uy\/web\/?p=33119"},"modified":"2020-12-23T19:09:44","modified_gmt":"2020-12-23T22:09:44","slug":"llego-la-hora-de-cumplir-la-ley-porque-queda-por-subir-un-ultimo-cerro-y-al-otro-lado-estara-la-vacuna-afirma-larranaga","status":"publish","type":"post","link":"https:\/\/alianzanacional.com.uy\/web\/llego-la-hora-de-cumplir-la-ley-porque-queda-por-subir-un-ultimo-cerro-y-al-otro-lado-estara-la-vacuna-afirma-larranaga\/","title":{"rendered":"\u201cLleg\u00f3 la hora de cumplir la ley\u201d porque \u201cqueda por subir un \u00faltimo cerro\u201d y \u201cal otro lado estar\u00e1 la vacuna\u201d, afirma Larra\u00f1aga"},"content":{"rendered":"\n<h2 class=\"wp-block-heading\">Ante posibles denuncias de abuso policial, el ministro del Interior orden\u00f3 filmar los procedimientos donde se disolver\u00e1n aglomeraciones; \u201csiempre va a haber pirotecnia pol\u00edtica pero vamos a tener recaudos\u201d<\/h2>\n\n\n\n<p><\/p>\n\n\n\n<p><img decoding=\"async\" src=\"https:\/\/www.busqueda.com.uy\/imgnoticias\/202012\/W900\/70526.jpg\" alt=\"imagen de \u201cLleg\u00f3 la hora de cumplir la ley\u201d porque \u201cqueda por subir un \u00faltimo cerro\u201d y \u201cal otro lado estar\u00e1 la vacuna\u201d, afirma Larra\u00f1aga\"><\/p>\n\n\n\n<p><\/p>\n\n\n\n<p><em>A inicios de noviembre, el ministro Jorge Larra\u00f1aga se preparaba para ser interpelado por el Frente Amplio. Entre los cuestionamientos de la oposici\u00f3n se inclu\u00eda la supuesta promoci\u00f3n del abuso policial desde el Ministerio del Interior. Y para blindar su comparecencia en el Parlamento, Larra\u00f1aga pensaba demostrar que el avance del Covid-19 era suficientemente peligroso para obligar a la Polic\u00eda no solo a exhortar a que se eviten aglomeraciones, sino tambi\u00e9n a prohibirlas. Por eso, durante un Consejo de Ministros le sugiri\u00f3 al presidente Luis Lacalle Pou limitar el derecho de reuni\u00f3n a trav\u00e9s del art\u00edculo 38 de la Constituci\u00f3n.<\/em><\/p>\n\n\n\n<p><em>Ese argumento no fue necesario porque, justamente ante el crecimiento del coronavirus, el Frente Amplio decidi\u00f3 postergar la interpelaci\u00f3n. Pero el recurso del art\u00edculo 38 s\u00ed fue tenido en cuenta y ejecutado por Lacalle Pou, que la semana pasada anunci\u00f3 su reglamentaci\u00f3n en una nueva bater\u00eda de medidas para bajar los contagios.<\/em><\/p>\n\n\n\n<p><em>Larra\u00f1aga considera que esta nueva disposici\u00f3n ser\u00e1 la herramienta definitiva para que Uruguay supere este momento de la pandemia y la emergencia sanitaria se resuelva con la llegada de alguna de las vacunas disponibles en el mercado. \u201cTenemos que lograr que los irresponsables modifiquen su comportamiento y est\u00e9n en l\u00ednea. \u00bfHay derecho a no hacer el \u00faltimo esfuerzo cuando estamos a 60, a 70 d\u00edas de la vacuna?\u201d, se pregunta con gesto fiero. Lo que sigue es un resumen de su entrevista con&nbsp;<strong>B\u00fasqueda<\/strong>.<\/em><\/p>\n\n\n\n<p><strong>\u2014Desde que el presidente anunci\u00f3 las nuevas medidas contra la pandemia, no qued\u00f3 claro ante qu\u00e9 situaciones actuar\u00e1 la Polic\u00eda. \u00bfQu\u00e9 es una aglomeraci\u00f3n de notorio riesgo sanitario?<\/strong><\/p>\n\n\n\n<p>\u2014La aglomeraci\u00f3n la define la propia ley: es un conjunto de personas que por no estar en la distancia adecuada y por no utilizar elementos de protecci\u00f3n puedan poner en peligro la salud de la gente. Eso es aglomeraci\u00f3n. A veces es dif\u00edcil establecerlo, porque la casu\u00edstica es muy variada, porque la aglomeraci\u00f3n puede ser ocho personas pero estando juntas, todas sentadas cerca.<\/p>\n\n\n\n<p><strong>\u2014En verano, cuando circula m\u00e1s gente y hay m\u00e1s actividad al aire libre, parece a\u00fan m\u00e1s dif\u00edcil definirlo.<\/strong><\/p>\n\n\n\n<p>\u2014S\u00ed, pero en definitiva todo el mundo sabe lo que tiene que hacer, dej\u00e9monos de embromar. Aunque sea verano, usted sabe que no puede estar amontonado en la playa, ocho personas debajo de una sombrilla, cuando tenemos 500 kil\u00f3metros de costa. Yo ya lo he dicho: estamos en una situaci\u00f3n bisagra, hist\u00f3rica, que atraviesa el mundo, donde seremos recordados porque predomin\u00f3 el ego\u00edsmo y la irresponsabilidad o prim\u00f3 el sacrificio, el coraje y la lucha.<\/p>\n\n\n\n<p><strong>\u2014\u00bfLa Polic\u00eda decidir\u00e1 cu\u00e1ndo hay una aglomeraci\u00f3n que ocasione un notorio riesgo sanitario o recibir\u00e1 la orden de actuar del Centro Coordinador de Emergencias Departamental (Cecoed) correspondiente?<\/strong><\/p>\n\n\n\n<p>\u2014El Ministerio del Interior cumplir\u00e1 sus cometidos de acuerdo a la Constituci\u00f3n y la ley. La reglamentaci\u00f3n lo que marca es que se coordinar\u00e1 con los Cecoed. Los Cecoed forman parte del sistema nacional de emergencia, y tienen una l\u00f3gica, el Poder Ejecutivo fija pautas y en el plano local se coordina la aplicaci\u00f3n de las pautas. Nosotros vamos a hacer relevamiento fotogr\u00e1fico y f\u00edlmico de las posibles aglomeraciones y vamos a pasar eso al Cecoed departamental respectivo. Vamos a preconstituir prueba.<\/p>\n\n\n\n<p><strong>\u2014\u00bfSe realizar\u00e1 patrullaje buscando esas aglomeraciones o se actuar\u00e1 a partir de denuncias?<\/strong><\/p>\n\n\n\n<p>\u2014Los distintos organismos competentes actuar\u00e1n tanto por denuncias como de oficio. La gente ayuda tanto si evita aglomerarse como alertando a las autoridades cuando percibe que hay una aglomeraci\u00f3n con notorio riesgo sanitario.<\/p>\n\n\n\n<p><strong>\u2014\u00bfPreve\u00eda que el presidente Lacalle Pou apelar\u00eda al art\u00edculo 38 de la Constituci\u00f3n?<\/strong><\/p>\n\n\n\n<p>\u2014La posibilidad del art\u00edculo 38 se la hab\u00edamos sugerido nosotros al presidente ante la instancia de interpelaci\u00f3n y nos respondi\u00f3 que iba a analizarlo, que iba a ver cu\u00e1l era el momento adecuado. Y el momento lleg\u00f3. Se la pedimos como una de las opciones a tener en cuenta cuando \u00e9l lo considerara necesario.<\/p>\n\n\n\n<p><strong>\u2014La reglamentaci\u00f3n del art\u00edculo 38 supone una tarea novedosa para la Polic\u00eda. \u00bfLe preocupa que existan errores de procedimiento ante esta nueva responsabilidad? \u00bfTeme que haya nuevos episodios como el de plaza Seregni?<\/strong><\/p>\n\n\n\n<p>\u2014Espero que no se repita porque aspiro a que la poblaci\u00f3n entienda que esas aglomeraciones son un riesgo sanitario para la sociedad. Todos saben qu\u00e9 cosas son sanitariamente peligrosas. La inmensa mayor\u00eda de la gente colabora, y cuando se le pide que cese una aglomeraci\u00f3n, se disuelve. Son muy pocos los casos de desobediencia a la autoridad.<\/p>\n\n\n\n<p><strong>\u2014La oposici\u00f3n tiene temor de que se coarten las libertades individuales. \u00bfUsted qu\u00e9 responde?<\/strong><\/p>\n\n\n\n<p>\u2014Lleg\u00f3 la hora de cumplir la ley; la emergencia y la salud de la gente lo exige. Es el \u00faltimo cerro. Queda por subir el \u00faltimo cerro, y despu\u00e9s viene la bajada, al pie del otro lado del cerro estar\u00e1 la vacuna. Hemos sobrevolado nueves meses y la sociedad ha salido bien, ahora se ha debilitado en este tramo del a\u00f1o. Entonces, faltando tan poco, \u00bftenemos derecho a aflojar? Esto es una responsabilidad de todos, tenemos que luchar contra el virus y contra los irresponsables. Nosotros no podemos hacer que el virus cambie de comportamiento, s\u00ed podemos incidir en el comportamiento de la gente, y lo que pedimos no es demasiado, pedimos que se cuide. Tenemos que lograr que los irresponsables modifiquen su comportamiento y est\u00e9n en l\u00ednea con una situaci\u00f3n sanitaria que lo amerita. Tenemos que apelar a la libertad responsable y no a la libertad irresponsable. \u00bfHay derecho a no hacer el \u00faltimo esfuerzo cuando estamos a 60, a 70 d\u00edas de la vacuna?<\/p>\n\n\n\n<p><strong>\u2014\u00bfCree que para ese momento se habr\u00e1 solucionado el problema?<\/strong><\/p>\n\n\n\n<p>\u2014Cuando se empiece con la vacuna, con la franja de riesgo vacunada primero, ya va a haber una sensaci\u00f3n de m\u00e1s tranquilidad en la poblaci\u00f3n, porque m\u00e1s temprano que tarde se llegar\u00e1 a una soluci\u00f3n. En \u00faltima instancia se har\u00e1n 24 horas de vacunaci\u00f3n durante varios d\u00edas, ser\u00e1 un tema de implementaci\u00f3n, tampoco es dram\u00e1tico.<\/p>\n\n\n\n<p><strong>\u2014Antes mencion\u00f3 el uso de c\u00e1maras para coordinar la actuaci\u00f3n policial con los Cecoed. \u00bfServir\u00e1 tambi\u00e9n como garant\u00eda de la actuaci\u00f3n policial y evitar cr\u00edticas de abusos desde la oposici\u00f3n?<\/strong><\/p>\n\n\n\n<p>\u2014Siempre va a haber pirotecnia pol\u00edtica, pero vamos a tener recaudos y estamos instruyendo a la polic\u00eda para tener registros f\u00edlmicos y fotogr\u00e1ficos de las situaciones que se den para trasladar a los Cecoed departamentales y para establecer la intervenci\u00f3n, las multas o las instancias ante la Fiscal\u00eda, ante la comisi\u00f3n de delitos de desacato.<\/p>\n\n\n\n<figure class=\"wp-block-image\"><img decoding=\"async\" src=\"https:\/\/www.busqueda.com.uy\/imgnoticias\/202012\/70529.JPG\" alt=\"\"\/><\/figure>\n\n\n\n<p>Foto: Nicol\u00e1s Der Agopi\u00e1n \/ B\u00fasqueda<\/p>\n\n\n\n<p><strong>\u2014\u00bfSiente que las acusaciones de la oposici\u00f3n complicaron la labor de la Polic\u00eda contra el delito y contra la pandemia?<\/strong><\/p>\n\n\n\n<p>\u2014La oposici\u00f3n hace pol\u00edtica. Nosotros nos preocupamos por defender a los ciudadanos honestos en el marco de la ley y los procedimientos. Si sigui\u00e9ramos el juego pol\u00edtico de la oposici\u00f3n, caer\u00edamos en una enorme p\u00e9rdida de tiempo. Y si algo no nos sobra es tiempo. Cuando arranc\u00f3 todo pidieron cuarentena obligatoria, y despu\u00e9s resulta que limitamos el derecho de reuni\u00f3n y no lo votan. No quer\u00edan votar el instrumento legal, eso es evidente. En algunos casos pecan de perfilismo. Perdieron la oportunidad de apoyar al pa\u00eds con una ley que busca proteger la salud y la vida de los uruguayos. Me parece que no hab\u00eda lugar para el perfilismo, pero la libertad es libre.<\/p>\n\n\n\n<p><strong>\u2014\u00bfLe sorprenden los cuestionamientos del Frente Amplio a su gesti\u00f3n?<\/strong><\/p>\n\n\n\n<p>\u2014Cuando ocurri\u00f3 el episodio de la plaza Seregni llam\u00e9 a Javier Miranda, a Mario Bergara y a Fernando Pereira, que apenas sucedi\u00f3 el operativo ya hab\u00edan dado su opini\u00f3n en Twitter. \u201cNo es as\u00ed como dicen\u201d, les aclar\u00e9. El episodio de la plaza fue debidamente aclarado y el accionar de la polic\u00eda fue el correcto. Las precipitadas declaraciones y cuestionamientos fueron desmantelados por las im\u00e1genes y por la verdad de los hechos. Se dijeron barbaridades sin fundamento. Prendieron fuego la pastura de la pradera. No se ha actuado con tino. Se perdieron la oportunidad de estar del mismo lado todos, por buscar la diferencia de 50 gramos.<\/p>\n\n\n\n<p><strong>\u2014\u00bfCree que los cuestionamientos obedecen a una suerte de revancha personal contra usted, que tanto cuestion\u00f3 la gesti\u00f3n de Eduardo Bonomi?<\/strong><\/p>\n\n\n\n<p>\u2014Preg\u00fantele a ellos. Yo en su momento critiqu\u00e9 con razones, \u00bfno? Y adem\u00e1s colabor\u00e9: el \u00fanico di\u00e1logo pol\u00edtico del gobierno pasado se dio en 2016 cuando lo reclamamos nosotros y el presidente termin\u00f3 por gestar una mesa de seguridad.<\/p>\n\n\n\n<p><strong>\u2014\u00bfUruguay es hoy un pa\u00eds m\u00e1s seguro?<\/strong><\/p>\n\n\n\n<p>\u2014Mire, le voy a ser claro: primero evitamos que el delito siguiera creciendo y segundo bajamos los delitos. Esa realidad se percibe. Pero algo m\u00e1s: la gente sabe, constata, que la Polic\u00eda est\u00e1 de su lado, que la Polic\u00eda est\u00e1 trabajando para dar respuesta. Entonces, a la baja de delitos, se suma la nueva actitud de la Polic\u00eda, que redunda en m\u00e1s confianza. Entonces, s\u00ed. Es m\u00e1s seguro. Y el compromiso es seguir mejorando.<\/p>\n\n\n\n<p><strong>\u2014La Polic\u00eda pondr\u00e1 todas sus reparticiones para cumplir con el art\u00edculo 38. \u00bfEso puede debilitar la lucha contra el delito?<\/strong><\/p>\n\n\n\n<p>\u2014De ninguna manera. La Polic\u00eda est\u00e1 preparada para asumir las dos responsabilidades y tiene la disposici\u00f3n y vocaci\u00f3n de hacer el esfuerzo para lograrlo con \u00e9xito.<\/p>\n\n\n\n<p><strong>\u2014\u00bfDesde la Polic\u00eda le han planteado preocupaci\u00f3n por este punto?<\/strong><\/p>\n\n\n\n<p>\u2014No especialmente. Todos queremos cumplir la tarea a cabalidad y es l\u00f3gico que se valoren todas las circunstancias que inciden en cumplir los cometidos que nos asigna la ley. Toda la sociedad est\u00e1 haciendo un esfuerzo enorme en esta crisis. Humano y econ\u00f3mico. La Polic\u00eda no es la excepci\u00f3n. La Polic\u00eda est\u00e1 preparada para asumir su deber. En estas circunstancias, lamentables, es cuando se pone de manifiesto la entereza y vocaci\u00f3n de servicio. Son polic\u00edas para hacerse cargo de circunstancias de riesgo como lo es esta. No me canso de valorar el esfuerzo que hacen los polic\u00edas. Son siempre la primera l\u00ednea en todas las batallas. Hay que pasar el cerro, el arroyo crecido, el camino empantanado. Hay que pasarlos r\u00e1pido, y en eso estamos.<\/p>\n\n\n\n<p>Fuente: Entrevista de Juan Pittaluga y Federico Castillo para B\u00fasqueda<\/p>\n","protected":false},"excerpt":{"rendered":"<p>Ante posibles denuncias de abuso policial, el ministro del Interior orden\u00f3 filmar los procedimientos donde se disolver\u00e1n aglomeraciones; \u201csiempre va a haber pirotecnia pol\u00edtica pero vamos a tener recaudos\u201d A inicios de noviembre, el ministro Jorge Larra\u00f1aga se preparaba para ser interpelado por el Frente Amplio. Entre los cuestionamientos de la oposici\u00f3n se inclu\u00eda la [&hellip;]<\/p>\n","protected":false},"author":1,"featured_media":33120,"comment_status":"open","ping_status":"open","sticky":false,"template":"","format":"standard","meta":{"footnotes":""},"categories":[163],"tags":[],"class_list":["post-33119","post","type-post","status-publish","format-standard","has-post-thumbnail","hentry","category-entrevistas"],"_links":{"self":[{"href":"https:\/\/alianzanacional.com.uy\/web\/wp-json\/wp\/v2\/posts\/33119","targetHints":{"allow":["GET"]}}],"collection":[{"href":"https:\/\/alianzanacional.com.uy\/web\/wp-json\/wp\/v2\/posts"}],"about":[{"href":"https:\/\/alianzanacional.com.uy\/web\/wp-json\/wp\/v2\/types\/post"}],"author":[{"embeddable":true,"href":"https:\/\/alianzanacional.com.uy\/web\/wp-json\/wp\/v2\/users\/1"}],"replies":[{"embeddable":true,"href":"https:\/\/alianzanacional.com.uy\/web\/wp-json\/wp\/v2\/comments?post=33119"}],"version-history":[{"count":1,"href":"https:\/\/alianzanacional.com.uy\/web\/wp-json\/wp\/v2\/posts\/33119\/revisions"}],"predecessor-version":[{"id":33121,"href":"https:\/\/alianzanacional.com.uy\/web\/wp-json\/wp\/v2\/posts\/33119\/revisions\/33121"}],"wp:featuredmedia":[{"embeddable":true,"href":"https:\/\/alianzanacional.com.uy\/web\/wp-json\/wp\/v2\/media\/33120"}],"wp:attachment":[{"href":"https:\/\/alianzanacional.com.uy\/web\/wp-json\/wp\/v2\/media?parent=33119"}],"wp:term":[{"taxonomy":"category","embeddable":true,"href":"https:\/\/alianzanacional.com.uy\/web\/wp-json\/wp\/v2\/categories?post=33119"},{"taxonomy":"post_tag","embeddable":true,"href":"https:\/\/alianzanacional.com.uy\/web\/wp-json\/wp\/v2\/tags?post=33119"}],"curies":[{"name":"wp","href":"https:\/\/api.w.org\/{rel}","templated":true}]}}