{"id":33212,"date":"2020-12-18T00:37:00","date_gmt":"2020-12-18T03:37:00","guid":{"rendered":"http:\/\/alianzanacional.com.uy\/web\/?p=33212"},"modified":"2021-01-07T13:44:33","modified_gmt":"2021-01-07T16:44:33","slug":"senador-camy-proyecto-aprobado-no-busca-el-cese-de-todas-las-aglomeraciones-sino-las-que-generen-un-riesgo-sanitario","status":"publish","type":"post","link":"https:\/\/alianzanacional.com.uy\/web\/senador-camy-proyecto-aprobado-no-busca-el-cese-de-todas-las-aglomeraciones-sino-las-que-generen-un-riesgo-sanitario\/","title":{"rendered":"Senador Camy: \u00abProyecto aprobado no busca el cese de todas las aglomeraciones, sino las que generen un riesgo sanitario\u00bb"},"content":{"rendered":"\r\n<h1 class=\"wp-block-heading\">\u00a0<\/h1>\r\n\r\n\r\n\r\n<figure class=\"wp-block-image size-large\"><img fetchpriority=\"high\" decoding=\"async\" width=\"660\" height=\"384\" class=\"wp-image-33213\" src=\"https:\/\/alianzanacional.com.uy\/web\/wp-content\/uploads\/2020\/12\/0e11551540ff15009bbbe3f42ba1fc72_XL.jpg\" alt=\"\" srcset=\"https:\/\/alianzanacional.com.uy\/web\/wp-content\/uploads\/2020\/12\/0e11551540ff15009bbbe3f42ba1fc72_XL.jpg 660w, https:\/\/alianzanacional.com.uy\/web\/wp-content\/uploads\/2020\/12\/0e11551540ff15009bbbe3f42ba1fc72_XL-400x233.jpg 400w\" sizes=\"(max-width: 660px) 100vw, 660px\" \/><\/figure>\r\n\r\n\r\n\r\n<p>El Senado de la Rep\u00fablica sesion\u00f3 en la presente jornada durante casi 10 horas, tratando el Proyecto de ley enviado por el Poder Ejecutivo limitando transitoriamente y por razones de salud p\u00fablica, el derecho de reuni\u00f3n consagrado en el art\u00edculo 38 de la Constituci\u00f3n. Tambi\u00e9n reglamenta el art\u00edculo 37 de la Carta Magna, prohibiendo el ingreso de personas al pa\u00eds por las fronteras terrestres, mar\u00edtimas, fluviales y \u00e1reas en cualquier modalidad desde la fecha de promulgaci\u00f3n de la ley hasta el 10 de enero inclusive.<\/p>\r\n\r\n\r\n\r\n<p>El Senador Carlos Daniel Camy (Partido Nacional)\u00a0 expres\u00f3 en Sala que el proyecto aprobado \u201cno busca el cese de todas las aglomeraciones, sino las que generen un riesgo sanitario, que son aquellas que no respetan las medidas de distanciamiento social, no utilicen elementos de protecci\u00f3n personal adecuados que est\u00e9n dirigidos a evitar la propagaci\u00f3n de la enfermedad\u201c.<\/p>\r\n\r\n\r\n\r\n<p>El Senador agreg\u00f3 que \u201caqu\u00ed est\u00e1 en juego la libertad de circulaci\u00f3n y de reuni\u00f3n en conflicto con el derecho a la vida y la salud de las personas\u201c.<\/p>\r\n\r\n\r\n\r\n<p>El Ministro del Interior, Dr. Jorge Larra\u00f1aga, expres\u00f3 que \u201cno tomaremos nunca las herramientas jur\u00eddicas que se otorguen, para cercenar o menoscabar los derechos y garant\u00edas de los uruguayos. Queremos proteger a la gente y eso requiere sacrificios. Si no, no salimos\u201d.<\/p>\r\n\r\n\r\n\r\n<p><strong><u>DECLARACI\u00d3N DE LA BANCADA DE SENADORES Y DIPUTADOS DE LOS PARTIDOS QUE COMPONEN LA COALICI\u00d3N DE GOBIERNO<\/u><\/strong><\/p>\r\n\r\n\r\n\r\n<p>La Bancada de Senadores y Diputados del Partido Nacional, Partido Colorado, Cabildo Abierto, Partido de la Gente y Partido Independiente, Partidos Pol\u00edticos que conforman la Coalici\u00f3n de Gobierno,\u00a0<strong><u>DECLARA<\/u><\/strong>:<\/p>\r\n\r\n\r\n\r\n<ul class=\"wp-block-list\">\r\n<li>Su absoluto respaldo a las m\u00faltiples y m\u00e1s diversas medidas adoptadas por el Poder Ejecutivo de nuestro pa\u00eds, encabezado por el Presidente Luis Lacalle Pou, en combate a la emergencia sanitaria declarada el 13 de marzo del corriente a\u00f1o;<\/li>\r\n<\/ul>\r\n\r\n\r\n\r\n<ul class=\"wp-block-list\">\r\n<li>Su plena confianza a las autoridades sanitarias, quienes a menos de dos semanas de asumir, y sin contar con los protocolos previos necesarios, debi\u00f3 enfrentar una pandemia de escala mundial;<\/li>\r\n<\/ul>\r\n\r\n\r\n\r\n<ul class=\"wp-block-list\">\r\n<li>Su reconocimiento a los integrantes del Grupo Asesor Cient\u00edfico Honorario (GACH), cuyo generoso y permanente asesoramiento ha permitido adoptar las medidas necesarias para controlar el avance de la pandemia en Uruguay, a lo largo de todos estos meses;<\/li>\r\n<\/ul>\r\n\r\n\r\n\r\n<ul class=\"wp-block-list\">\r\n<li>Su convicci\u00f3n que el cuantitativo aumento de casos positivos de COVID-19 en todo el territorio nacional, y por tanto el agravamiento de la emergencia sanitaria, ameritan la adopci\u00f3n de nuevas medidas que impliquen un combate m\u00e1s dr\u00e1stico a la misma, en procura de reducir los efectos de la propagaci\u00f3n del virus SARS-CoV2 y mantener la salud p\u00fablica;<\/li>\r\n<li>Su convencimiento que, en este contexto, la aprobaci\u00f3n por parte del Poder Legislativo de la Ley que reglamenta los art\u00edculos 37 y 38 de la Constituci\u00f3n de la Rep\u00fablica, remitido por el Poder Ejecutivo, har\u00e1 posible, conjuntamente con el distanciamiento social sanitario y el uso correcto de los elementos de protecci\u00f3n personal adecuados, que las autoridades cuenten con m\u00e1s herramientas para la debida y necesaria protecci\u00f3n de la vida de todos los habitantes de nuestro pa\u00eds y la salud p\u00fablica, ante la amenaza de la expansi\u00f3n de la emergencia sanitaria.<\/li>\r\n<\/ul>\r\n\r\n\r\n\r\n<ul class=\"wp-block-list\">\r\n<li>Su certeza que el texto aprobado, guarda estricta observancia a los principios de igualdad, no discriminaci\u00f3n y razonabilidad, se ajusta a los principios generales del Estado democr\u00e1tico de Derecho, as\u00ed como a los fundamentos de los Tratados Internacionales suscritos por nuestro pa\u00eds en la materia, y a los preceptos consagrados en nuestra Carta Magna.<\/li>\r\n<\/ul>\r\n\r\n\r\n\r\n<p>Montevideo, 18 de diciembre 2020<\/p>\r\n\r\n\r\n\r\n<p>Fuente: Carmelo Portal<\/p>\r\n","protected":false},"excerpt":{"rendered":"<p>\u00a0 El Senado de la Rep\u00fablica sesion\u00f3 en la presente jornada durante casi 10 horas, tratando el Proyecto de ley enviado por el Poder Ejecutivo limitando transitoriamente y por razones de salud p\u00fablica, el derecho de reuni\u00f3n consagrado en el art\u00edculo 38 de la Constituci\u00f3n. Tambi\u00e9n reglamenta el art\u00edculo 37 de la Carta Magna, prohibiendo [&hellip;]<\/p>\n","protected":false},"author":1,"featured_media":33303,"comment_status":"open","ping_status":"open","sticky":false,"template":"","format":"standard","meta":{"footnotes":""},"categories":[164],"tags":[],"class_list":["post-33212","post","type-post","status-publish","format-standard","has-post-thumbnail","hentry","category-legislativas"],"_links":{"self":[{"href":"https:\/\/alianzanacional.com.uy\/web\/wp-json\/wp\/v2\/posts\/33212","targetHints":{"allow":["GET"]}}],"collection":[{"href":"https:\/\/alianzanacional.com.uy\/web\/wp-json\/wp\/v2\/posts"}],"about":[{"href":"https:\/\/alianzanacional.com.uy\/web\/wp-json\/wp\/v2\/types\/post"}],"author":[{"embeddable":true,"href":"https:\/\/alianzanacional.com.uy\/web\/wp-json\/wp\/v2\/users\/1"}],"replies":[{"embeddable":true,"href":"https:\/\/alianzanacional.com.uy\/web\/wp-json\/wp\/v2\/comments?post=33212"}],"version-history":[{"count":3,"href":"https:\/\/alianzanacional.com.uy\/web\/wp-json\/wp\/v2\/posts\/33212\/revisions"}],"predecessor-version":[{"id":33304,"href":"https:\/\/alianzanacional.com.uy\/web\/wp-json\/wp\/v2\/posts\/33212\/revisions\/33304"}],"wp:featuredmedia":[{"embeddable":true,"href":"https:\/\/alianzanacional.com.uy\/web\/wp-json\/wp\/v2\/media\/33303"}],"wp:attachment":[{"href":"https:\/\/alianzanacional.com.uy\/web\/wp-json\/wp\/v2\/media?parent=33212"}],"wp:term":[{"taxonomy":"category","embeddable":true,"href":"https:\/\/alianzanacional.com.uy\/web\/wp-json\/wp\/v2\/categories?post=33212"},{"taxonomy":"post_tag","embeddable":true,"href":"https:\/\/alianzanacional.com.uy\/web\/wp-json\/wp\/v2\/tags?post=33212"}],"curies":[{"name":"wp","href":"https:\/\/api.w.org\/{rel}","templated":true}]}}