{"id":33497,"date":"2024-04-25T11:58:45","date_gmt":"2024-04-25T14:58:45","guid":{"rendered":"https:\/\/alianzanacional.com.uy\/web\/?p=33497"},"modified":"2024-04-25T12:00:37","modified_gmt":"2024-04-25T15:00:37","slug":"laura-raffo-en-soriano-estoy-del-lado-de-los-trabajadores-de-sus-ahorros-y-de-su-futuro","status":"publish","type":"post","link":"https:\/\/alianzanacional.com.uy\/web\/laura-raffo-en-soriano-estoy-del-lado-de-los-trabajadores-de-sus-ahorros-y-de-su-futuro\/","title":{"rendered":"Laura Raffo en Soriano: \u00abestoy del lado de los trabajadores, de sus ahorros y de su futuro\u00bb"},"content":{"rendered":"<p>La candidata de <strong>Sumar<\/strong>, Laura Raffo, estuvo en el departamento de Soriano y al responder\u00a0 por la Reforma de la Seguridad Social, expres\u00f3, \u00abAc\u00e1 no tengo dudas, estoy del lado de los trabajadores, de sus ahorros y de su futuro. \u00bfEl Frente Amplio puede decir lo mismo? \u00bfDe qu\u00e9 lado est\u00e1n?, pregunt\u00f3.<\/p>\n<blockquote class=\"twitter-tweet\" data-width=\"550\" data-dnt=\"true\">\n<p lang=\"es\" dir=\"ltr\">Ayer en Soriano me preguntaron por la Reforma de la Seguridad Social. Ac\u00e1 no tengo dudas, estoy del lado de los trabajadores, de sus ahorros y de su futuro. \u00bfEl Frente Amplio puede decir lo mismo? \u00bfDe qu\u00e9 lado est\u00e1n? <a href=\"https:\/\/t.co\/ApNv7Io74U\">pic.twitter.com\/ApNv7Io74U<\/a><\/p>\n<p>&mdash; Laura Raffo (@lauraraffo) <a href=\"https:\/\/twitter.com\/lauraraffo\/status\/1783496265705128392?ref_src=twsrc%5Etfw\">April 25, 2024<\/a><\/p><\/blockquote>\n<p><script async src=\"https:\/\/platform.twitter.com\/widgets.js\" charset=\"utf-8\"><\/script><\/p>\n<p>&nbsp;<\/p>\n","protected":false},"excerpt":{"rendered":"<p>La candidata de Sumar, Laura Raffo, estuvo en el departamento de Soriano y al responder\u00a0 por la Reforma de la Seguridad Social, expres\u00f3, \u00abAc\u00e1 no tengo dudas, estoy del lado de los trabajadores, de sus ahorros y de su futuro. \u00bfEl Frente Amplio puede decir lo mismo? \u00bfDe qu\u00e9 lado est\u00e1n?, pregunt\u00f3. Ayer en Soriano [&hellip;]<\/p>\n","protected":false},"author":6,"featured_media":33498,"comment_status":"open","ping_status":"open","sticky":false,"template":"","format":"standard","meta":{"footnotes":""},"categories":[153,16],"tags":[],"class_list":["post-33497","post","type-post","status-publish","format-standard","has-post-thumbnail","hentry","category-destacados","category-noticias"],"_links":{"self":[{"href":"https:\/\/alianzanacional.com.uy\/web\/wp-json\/wp\/v2\/posts\/33497","targetHints":{"allow":["GET"]}}],"collection":[{"href":"https:\/\/alianzanacional.com.uy\/web\/wp-json\/wp\/v2\/posts"}],"about":[{"href":"https:\/\/alianzanacional.com.uy\/web\/wp-json\/wp\/v2\/types\/post"}],"author":[{"embeddable":true,"href":"https:\/\/alianzanacional.com.uy\/web\/wp-json\/wp\/v2\/users\/6"}],"replies":[{"embeddable":true,"href":"https:\/\/alianzanacional.com.uy\/web\/wp-json\/wp\/v2\/comments?post=33497"}],"version-history":[{"count":1,"href":"https:\/\/alianzanacional.com.uy\/web\/wp-json\/wp\/v2\/posts\/33497\/revisions"}],"predecessor-version":[{"id":33499,"href":"https:\/\/alianzanacional.com.uy\/web\/wp-json\/wp\/v2\/posts\/33497\/revisions\/33499"}],"wp:featuredmedia":[{"embeddable":true,"href":"https:\/\/alianzanacional.com.uy\/web\/wp-json\/wp\/v2\/media\/33498"}],"wp:attachment":[{"href":"https:\/\/alianzanacional.com.uy\/web\/wp-json\/wp\/v2\/media?parent=33497"}],"wp:term":[{"taxonomy":"category","embeddable":true,"href":"https:\/\/alianzanacional.com.uy\/web\/wp-json\/wp\/v2\/categories?post=33497"},{"taxonomy":"post_tag","embeddable":true,"href":"https:\/\/alianzanacional.com.uy\/web\/wp-json\/wp\/v2\/tags?post=33497"}],"curies":[{"name":"wp","href":"https:\/\/api.w.org\/{rel}","templated":true}]}}