{"id":33558,"date":"2024-04-26T10:58:08","date_gmt":"2024-04-26T13:58:08","guid":{"rendered":"https:\/\/alianzanacional.com.uy\/web\/?p=33558"},"modified":"2024-04-26T14:00:01","modified_gmt":"2024-04-26T17:00:01","slug":"alianza-nacional-por-los-senderos-de-wilson-y-larranaga","status":"publish","type":"post","link":"https:\/\/alianzanacional.com.uy\/web\/alianza-nacional-por-los-senderos-de-wilson-y-larranaga\/","title":{"rendered":"Alianza Nacional: Por los senderos de Wilson y Larra\u00f1aga"},"content":{"rendered":"<p>Por\u00a0<strong>Ra\u00fal Vallarino<\/strong>.-<\/p>\n<p>En Salto, con el senador Carlos Daniel Camy, presentamos la 2\u00aa edici\u00f3n del libro, <strong>\u00abWilson, la traves\u00eda, testimonios del regreso\u00bb<\/strong>\u00a0 en un emotivo acto en la sede departamental del Partido Nacional, donde los nacionalistas rindieron homenaje al caudillo.<\/p>\n<p>All\u00ed estuvimos con el senador\u00a0<strong>Carlos Daniel Camy\u00a0<\/strong>de Alianza Nacional,\u00a0<strong>Nico Negr\u00edn<\/strong>\u00a0y\u00a0<strong>Alberto Beriau,<\/strong>\u00a0uno de los viajeros salte\u00f1os que acompa\u00f1aron al caudillo blanco en su retorno del exilio en 1984, en el hist\u00f3rico vapor de la carrera,\u00a0<em>Ciudad de Mar del Plata II.<\/em><\/p>\n<p>Con los compa\u00f1eros\u00a0<strong>Alejandro Secco<\/strong>, presidente Departamental del Partido Nacional de\u00a0 Salto y el edil aliancista,\u00a0<strong>Eduardo Casaballe<\/strong>, entre otros varios dirigentes, presentamos en la sede partidaria la segunda edici\u00f3n del libro,\u00a0<strong>\u201cWilson, la traves\u00eda \u2013 Testimonios del regreso\u201d.<\/strong><\/p>\n<p><img fetchpriority=\"high\" decoding=\"async\" class=\"aligncenter size-large wp-image-33577\" src=\"https:\/\/alianzanacional.com.uy\/web\/wp-content\/uploads\/2024\/04\/Presentacion1-700x394.jpg\" alt=\"\" width=\"700\" height=\"394\" srcset=\"https:\/\/alianzanacional.com.uy\/web\/wp-content\/uploads\/2024\/04\/Presentacion1-700x394.jpg 700w, https:\/\/alianzanacional.com.uy\/web\/wp-content\/uploads\/2024\/04\/Presentacion1-400x225.jpg 400w, https:\/\/alianzanacional.com.uy\/web\/wp-content\/uploads\/2024\/04\/Presentacion1-768x432.jpg 768w, https:\/\/alianzanacional.com.uy\/web\/wp-content\/uploads\/2024\/04\/Presentacion1.jpg 1280w\" sizes=\"(max-width: 700px) 100vw, 700px\" \/><\/p>\n<p>&nbsp;<\/p>\n<p>La lluvia incesante no impidi\u00f3 que los salte\u00f1os conocieran la historia del viaje y Camy, autor del pr\u00f3logo de esta edici\u00f3n, expuso sobre las vicisitudes del regreso y record\u00f3 que cada a\u00f1o, en estas fechas conmemorativas,\u00a0<strong>\u201cWilson vuelve; siempre vuelve\u201d<\/strong>, porque la figura del caudillo y su pr\u00e9dica excepcional, es la que nos gu\u00eda a los wilsonistas, resalt\u00f3.<\/p>\n<p>Record\u00f3 el senador nacionalista a Jorge Larra\u00f1aga, cuya impronta es y seguir\u00e1 siendo, la parte fundamental de\u00a0<strong>Alianza Nacional<\/strong>, el sector del Partido Nacional, que conjuga el pensamiento de Wilson y Jorge Larra\u00f1aga.<\/p>\n<p>Luego,\u00a0 con Alberto Beriau narramos las historias de un viaje memorable en el que ambos participamos y finalmente el p\u00fablico asistente, pudo preguntar por las alternativas desconocidas de esa hist\u00f3rica traves\u00eda.<\/p>\n<p>El temporal que azotaba Salto, no impidi\u00f3 que el homenaje se cumpliera y que las emociones afloraran.<\/p>\n<p>Se dice que el sol, luego de las tormentas, sale con fuerza, ilumina los senderos y los caminos y da luz a las ideas de hombres y mujeres y principalmente renueva esperanzas.<\/p>\n<p>Ese es el camino de Alianza Nacional, el de Wilson y el de Jorge Larra\u00f1aga.<\/p>\n<blockquote class=\"twitter-tweet\" data-width=\"550\" data-dnt=\"true\">\n<p lang=\"es\" dir=\"ltr\">En Salto. Culminando muy llinda reunion en la Casa del <a href=\"https:\/\/twitter.com\/PNACIONAL?ref_src=twsrc%5Etfw\">@PNACIONAL<\/a>, presentando el libro sobre el retorno de Wilson, que escribio Raul Vallarino. <a href=\"https:\/\/twitter.com\/hashtag\/Partidonacional?src=hash&amp;ref_src=twsrc%5Etfw\">#Partidonacional<\/a> <a href=\"https:\/\/twitter.com\/hashtag\/Sumar?src=hash&amp;ref_src=twsrc%5Etfw\">#Sumar<\/a> <a href=\"https:\/\/twitter.com\/hashtag\/AlianzaNacional?src=hash&amp;ref_src=twsrc%5Etfw\">#AlianzaNacional<\/a> <a href=\"https:\/\/t.co\/31jUhd5qWV\">pic.twitter.com\/31jUhd5qWV<\/a><\/p>\n<p>&mdash; Carlos Daniel Camy (@cdcamy) <a href=\"https:\/\/twitter.com\/cdcamy\/status\/1768815960981459306?ref_src=twsrc%5Etfw\">March 16, 2024<\/a><\/p><\/blockquote>\n<p><script async src=\"https:\/\/platform.twitter.com\/widgets.js\" charset=\"utf-8\"><\/script><\/p>\n<p>&nbsp;<\/p>\n","protected":false},"excerpt":{"rendered":"<p>Por\u00a0Ra\u00fal Vallarino.- En Salto, con el senador Carlos Daniel Camy, presentamos la 2\u00aa edici\u00f3n del libro, \u00abWilson, la traves\u00eda, testimonios del regreso\u00bb\u00a0 en un emotivo acto en la sede departamental del Partido Nacional, donde los nacionalistas rindieron homenaje al caudillo. All\u00ed estuvimos con el senador\u00a0Carlos Daniel Camy\u00a0de Alianza Nacional,\u00a0Nico Negr\u00edn\u00a0y\u00a0Alberto Beriau,\u00a0uno de los viajeros salte\u00f1os [&hellip;]<\/p>\n","protected":false},"author":6,"featured_media":33559,"comment_status":"open","ping_status":"open","sticky":false,"template":"","format":"standard","meta":{"footnotes":""},"categories":[16],"tags":[1084,1086,1085],"class_list":["post-33558","post","type-post","status-publish","format-standard","has-post-thumbnail","hentry","category-noticias","tag-carlos-daniel-camy","tag-larranaga","tag-wilson"],"_links":{"self":[{"href":"https:\/\/alianzanacional.com.uy\/web\/wp-json\/wp\/v2\/posts\/33558","targetHints":{"allow":["GET"]}}],"collection":[{"href":"https:\/\/alianzanacional.com.uy\/web\/wp-json\/wp\/v2\/posts"}],"about":[{"href":"https:\/\/alianzanacional.com.uy\/web\/wp-json\/wp\/v2\/types\/post"}],"author":[{"embeddable":true,"href":"https:\/\/alianzanacional.com.uy\/web\/wp-json\/wp\/v2\/users\/6"}],"replies":[{"embeddable":true,"href":"https:\/\/alianzanacional.com.uy\/web\/wp-json\/wp\/v2\/comments?post=33558"}],"version-history":[{"count":8,"href":"https:\/\/alianzanacional.com.uy\/web\/wp-json\/wp\/v2\/posts\/33558\/revisions"}],"predecessor-version":[{"id":33579,"href":"https:\/\/alianzanacional.com.uy\/web\/wp-json\/wp\/v2\/posts\/33558\/revisions\/33579"}],"wp:featuredmedia":[{"embeddable":true,"href":"https:\/\/alianzanacional.com.uy\/web\/wp-json\/wp\/v2\/media\/33559"}],"wp:attachment":[{"href":"https:\/\/alianzanacional.com.uy\/web\/wp-json\/wp\/v2\/media?parent=33558"}],"wp:term":[{"taxonomy":"category","embeddable":true,"href":"https:\/\/alianzanacional.com.uy\/web\/wp-json\/wp\/v2\/categories?post=33558"},{"taxonomy":"post_tag","embeddable":true,"href":"https:\/\/alianzanacional.com.uy\/web\/wp-json\/wp\/v2\/tags?post=33558"}],"curies":[{"name":"wp","href":"https:\/\/api.w.org\/{rel}","templated":true}]}}