{"id":33565,"date":"2024-04-22T11:08:49","date_gmt":"2024-04-22T14:08:49","guid":{"rendered":"https:\/\/alianzanacional.com.uy\/web\/?p=33565"},"modified":"2024-04-26T13:25:23","modified_gmt":"2024-04-26T16:25:23","slug":"alianza-nacional-el-ala-wilsonista-del-partido-nacional-convoco-a-dirigentes-de-todo-el-pais-en-masivo-acto","status":"publish","type":"post","link":"https:\/\/alianzanacional.com.uy\/web\/alianza-nacional-el-ala-wilsonista-del-partido-nacional-convoco-a-dirigentes-de-todo-el-pais-en-masivo-acto\/","title":{"rendered":"Alianza Nacional: el ala wilsonista del Partido Nacional convoc\u00f3 a dirigentes de todo el pa\u00eds en masivo acto"},"content":{"rendered":"<p>El s\u00e1bado 20 de abril en el Club Espa\u00f1ol de Montevideo\u00a0 -que result\u00f3 peque\u00f1o para la enorme cantidad de asistentes \u2013 se realiz\u00f3 el <strong>Encuentro Nacional de Dirigentes de Alianza Nacional<\/strong>\u00a0donde m\u00e1s de cuatrocientos l\u00edderes departamentales recibieron a la candidata a la Presidencia de la Rep\u00fablica,\u00a0<strong>Laura Raffo<\/strong>, para realizar un llamamiento a la ciudadan\u00eda luego de intercambiar opiniones sobre el trabajo que se encuentran llevando a cabo a nivel gubernamental, legislativo y territorial pero \u00bfcu\u00e1l es el mensaje que ha dado el ala wilsonista?<\/p>\n<p>El Senador\u00a0<strong>Carlos Daniel Camy<\/strong>, l\u00edder del sector wilsonista que fund\u00f3\u00a0<strong>Jorge Larra\u00f1aga<\/strong>\u00a0orient\u00f3 sus palabras a destacar cada uno de los valores que los han motivado a lo largo de sus veinticinco a\u00f1os de existencia, haciendo especial \u00e9nfasis en la importancia de no cambiarlos seg\u00fan la conveniencia, en lo que fue una h\u00e1bil introducci\u00f3n a sus \u00faltimas palabras, que resultaron respaldadas por extensos aplausos como de vitoreo por parte de los asistentes.<\/p>\n<p><em>\u201c\u2026Nos podr\u00e1 faltar publicidad, capaz que tenemos menos peso, algunos podr\u00e1n tener m\u00e1s cargos que nosotros, pero por los valores del Partido vamos a pelear como ninguno, porque las grandes revoluciones y las grandes peleas de este pa\u00eds, y de esta colectividad, se hicieron desde abajo\u2026\u201d<\/em><\/p>\n<p><img fetchpriority=\"high\" decoding=\"async\" class=\"aligncenter size-full wp-image-33566\" src=\"https:\/\/alianzanacional.com.uy\/web\/wp-content\/uploads\/2024\/04\/Imagen-de-WhatsApp-2024-04-20-a-las-18.50.31_fb31652b-1536x708-1.jpg\" alt=\"\" width=\"1536\" height=\"708\" srcset=\"https:\/\/alianzanacional.com.uy\/web\/wp-content\/uploads\/2024\/04\/Imagen-de-WhatsApp-2024-04-20-a-las-18.50.31_fb31652b-1536x708-1.jpg 1536w, https:\/\/alianzanacional.com.uy\/web\/wp-content\/uploads\/2024\/04\/Imagen-de-WhatsApp-2024-04-20-a-las-18.50.31_fb31652b-1536x708-1-400x184.jpg 400w, https:\/\/alianzanacional.com.uy\/web\/wp-content\/uploads\/2024\/04\/Imagen-de-WhatsApp-2024-04-20-a-las-18.50.31_fb31652b-1536x708-1-700x323.jpg 700w, https:\/\/alianzanacional.com.uy\/web\/wp-content\/uploads\/2024\/04\/Imagen-de-WhatsApp-2024-04-20-a-las-18.50.31_fb31652b-1536x708-1-768x354.jpg 768w\" sizes=\"(max-width: 1536px) 100vw, 1536px\" \/><\/p>\n<p>&nbsp;<\/p>\n<p>Por otra parte, con la reciente publicaci\u00f3n de su programa de gobierno, la Economista Laura Raffo aprovech\u00f3 la ocasi\u00f3n para destacar que las propuestas que se encuentran all\u00ed planteadas responden a las principales preocupaciones que le trasladaron los vecinos de distintas localidades del pa\u00eds para as\u00ed tomar distancia de las bases program\u00e1ticas presentadas por el Frente Amplio.<\/p>\n<p><em>\u201c\u2026Nosotros creemos en generar empleo y no poner m\u00e1s impuestos, creemos en defender la democracia y no defender dictaduras, creemos en prevenir y reprimir el delito y no en que los delincuentes salgan de prisi\u00f3n\u2026\u201d<\/em><\/p>\n<p>Pero sus palabras no quedaron all\u00ed sino que luego de se\u00f1alar que el 30 de Junio ser\u00e1 el pueblo quien elija a la persona que conducir\u00e1 al Partido Nacional a su pr\u00f3xima victoria, siendo necesario mantener la unidad a pesar de la competencia, invit\u00f3 a los candidatos nacionalistas a realizar un acto en conjunto, con cada una de las agrupaciones del pa\u00eds, para conmemorar los cuarenta a\u00f1os del regreso de\u00a0<strong>Wilson Ferreira Aldunate<\/strong>\u00a0el pr\u00f3ximo 16 de Junio, en el hist\u00f3rico vapor de la carrera, Ciudad de Mar del Plata II.<\/p>\n","protected":false},"excerpt":{"rendered":"<p>El s\u00e1bado 20 de abril en el Club Espa\u00f1ol de Montevideo\u00a0 -que result\u00f3 peque\u00f1o para la enorme cantidad de asistentes \u2013 se realiz\u00f3 el Encuentro Nacional de Dirigentes de Alianza Nacional\u00a0donde m\u00e1s de cuatrocientos l\u00edderes departamentales recibieron a la candidata a la Presidencia de la Rep\u00fablica,\u00a0Laura Raffo, para realizar un llamamiento a la ciudadan\u00eda luego [&hellip;]<\/p>\n","protected":false},"author":6,"featured_media":33567,"comment_status":"open","ping_status":"open","sticky":false,"template":"","format":"standard","meta":{"footnotes":""},"categories":[16],"tags":[1088,1087],"class_list":["post-33565","post","type-post","status-publish","format-standard","has-post-thumbnail","hentry","category-noticias","tag-acto","tag-alianza-nacional"],"_links":{"self":[{"href":"https:\/\/alianzanacional.com.uy\/web\/wp-json\/wp\/v2\/posts\/33565","targetHints":{"allow":["GET"]}}],"collection":[{"href":"https:\/\/alianzanacional.com.uy\/web\/wp-json\/wp\/v2\/posts"}],"about":[{"href":"https:\/\/alianzanacional.com.uy\/web\/wp-json\/wp\/v2\/types\/post"}],"author":[{"embeddable":true,"href":"https:\/\/alianzanacional.com.uy\/web\/wp-json\/wp\/v2\/users\/6"}],"replies":[{"embeddable":true,"href":"https:\/\/alianzanacional.com.uy\/web\/wp-json\/wp\/v2\/comments?post=33565"}],"version-history":[{"count":1,"href":"https:\/\/alianzanacional.com.uy\/web\/wp-json\/wp\/v2\/posts\/33565\/revisions"}],"predecessor-version":[{"id":33568,"href":"https:\/\/alianzanacional.com.uy\/web\/wp-json\/wp\/v2\/posts\/33565\/revisions\/33568"}],"wp:featuredmedia":[{"embeddable":true,"href":"https:\/\/alianzanacional.com.uy\/web\/wp-json\/wp\/v2\/media\/33567"}],"wp:attachment":[{"href":"https:\/\/alianzanacional.com.uy\/web\/wp-json\/wp\/v2\/media?parent=33565"}],"wp:term":[{"taxonomy":"category","embeddable":true,"href":"https:\/\/alianzanacional.com.uy\/web\/wp-json\/wp\/v2\/categories?post=33565"},{"taxonomy":"post_tag","embeddable":true,"href":"https:\/\/alianzanacional.com.uy\/web\/wp-json\/wp\/v2\/tags?post=33565"}],"curies":[{"name":"wp","href":"https:\/\/api.w.org\/{rel}","templated":true}]}}