{"id":33569,"date":"2024-04-26T13:10:08","date_gmt":"2024-04-26T16:10:08","guid":{"rendered":"https:\/\/alianzanacional.com.uy\/web\/?p=33569"},"modified":"2024-04-26T13:10:08","modified_gmt":"2024-04-26T16:10:08","slug":"laura-raffo-sobre-el-programa-del-fa-en-seguridad-social-no-esta-del-lado-de-los-trabajadores","status":"publish","type":"post","link":"https:\/\/alianzanacional.com.uy\/web\/laura-raffo-sobre-el-programa-del-fa-en-seguridad-social-no-esta-del-lado-de-los-trabajadores\/","title":{"rendered":"Laura Raffo sobre el programa del FA en seguridad social: \u201cNo est\u00e1 del lado de los trabajadores\u201d"},"content":{"rendered":"<p>Laura Raffo critic\u00f3 las propuestas del Frente Amplio (FA) en materia de seguridad social,\u00a0luego de conocerse que, en una nueva versi\u00f3n de sus bases program\u00e1ticas,\u00a0actualizadas en las \u00faltimas semanas, el partido incluy\u00f3 el tema de las AFAP, el planteo de apuntar a un sistema \u201cno lucrativo\u201d y la necesidad de que la jubilaci\u00f3n sea a partir de los 60 a\u00f1os.<\/p>\n<p>\u201cCon las propuestas del Frente Amplio vemos grandes diferencias, y a m\u00ed me gustar\u00eda hablar de una en particular, que tiene que ver con todos ustedes. Porque todos ustedes ac\u00e1 trabajan, todos ustedes ac\u00e1 se sacrificaron durante a\u00f1os y vieron c\u00f3mo en ese recibo de sueldo les descontaban un dinero que era para su jubilaci\u00f3n. Nosotros estamos del lado de los trabajadores\u201d, dijo la precandidata nacionalista en un acto en Soriano.<\/p>\n<p>\u201cNosotros estamos del lado del ahorro de los trabajadores. El Frente Amplio entero pone en duda los ahorros de los trabajadores, todo el Frente Amplio. Porque Carolina Cosse firm\u00f3 para derogar la reforma de la seguridad social. [Yamand\u00fa] Orsi dijo que comparte estar en contra de la reforma; no comparte la manera en que se trat\u00f3, pero est\u00e1 en contra de la reforma. Y las bases program\u00e1ticas del Frente Amplio dicen que no hay que generar ahorros lucrativos\u201d, enumer\u00f3 Raffo.<\/p>\n<p>La dirigente de Sumar explic\u00f3 que \u201clucrativos es que te rinda\u201d, y a\u00f1adi\u00f3: \u201cO sea, que yo puedo ahorrar toda mi vida, los uruguayos pueden ahorrar toda su vida con su trabajo, pero \u00bfno pueden generar intereses, no puede eso volverte a tu bolsillo con creces?\u201d.<\/p>\n<p>\u201c\u00bfDe qu\u00e9 lado est\u00e1 el Frente Amplio? No est\u00e1 del lado de los trabajadores, no est\u00e1 del lado del ahorro de los trabajadores, no est\u00e1 del lado del futuro. Y por eso nos paramos en la vereda de enfrente, por eso queremos ganar la Presidencia, para representar a los trabajadores, para representar el futuro del pa\u00eds, para representar las oportunidades. Para representarlos a todos ustedes\u201d, concluy\u00f3 Raffo.<\/p>\n<p>Montevideo Portal<\/p>\n","protected":false},"excerpt":{"rendered":"<p>Laura Raffo critic\u00f3 las propuestas del Frente Amplio (FA) en materia de seguridad social,\u00a0luego de conocerse que, en una nueva versi\u00f3n de sus bases program\u00e1ticas,\u00a0actualizadas en las \u00faltimas semanas, el partido incluy\u00f3 el tema de las AFAP, el planteo de apuntar a un sistema \u201cno lucrativo\u201d y la necesidad de que la jubilaci\u00f3n sea a [&hellip;]<\/p>\n","protected":false},"author":6,"featured_media":33570,"comment_status":"open","ping_status":"open","sticky":false,"template":"","format":"standard","meta":{"footnotes":""},"categories":[16],"tags":[1089,1090],"class_list":["post-33569","post","type-post","status-publish","format-standard","has-post-thumbnail","hentry","category-noticias","tag-laura-raffo","tag-trabajadores"],"_links":{"self":[{"href":"https:\/\/alianzanacional.com.uy\/web\/wp-json\/wp\/v2\/posts\/33569","targetHints":{"allow":["GET"]}}],"collection":[{"href":"https:\/\/alianzanacional.com.uy\/web\/wp-json\/wp\/v2\/posts"}],"about":[{"href":"https:\/\/alianzanacional.com.uy\/web\/wp-json\/wp\/v2\/types\/post"}],"author":[{"embeddable":true,"href":"https:\/\/alianzanacional.com.uy\/web\/wp-json\/wp\/v2\/users\/6"}],"replies":[{"embeddable":true,"href":"https:\/\/alianzanacional.com.uy\/web\/wp-json\/wp\/v2\/comments?post=33569"}],"version-history":[{"count":1,"href":"https:\/\/alianzanacional.com.uy\/web\/wp-json\/wp\/v2\/posts\/33569\/revisions"}],"predecessor-version":[{"id":33571,"href":"https:\/\/alianzanacional.com.uy\/web\/wp-json\/wp\/v2\/posts\/33569\/revisions\/33571"}],"wp:featuredmedia":[{"embeddable":true,"href":"https:\/\/alianzanacional.com.uy\/web\/wp-json\/wp\/v2\/media\/33570"}],"wp:attachment":[{"href":"https:\/\/alianzanacional.com.uy\/web\/wp-json\/wp\/v2\/media?parent=33569"}],"wp:term":[{"taxonomy":"category","embeddable":true,"href":"https:\/\/alianzanacional.com.uy\/web\/wp-json\/wp\/v2\/categories?post=33569"},{"taxonomy":"post_tag","embeddable":true,"href":"https:\/\/alianzanacional.com.uy\/web\/wp-json\/wp\/v2\/tags?post=33569"}],"curies":[{"name":"wp","href":"https:\/\/api.w.org\/{rel}","templated":true}]}}