{"id":33572,"date":"2024-04-21T13:15:06","date_gmt":"2024-04-21T16:15:06","guid":{"rendered":"https:\/\/alianzanacional.com.uy\/web\/?p=33572"},"modified":"2024-04-26T13:24:28","modified_gmt":"2024-04-26T16:24:28","slug":"jorge-larranaga-vidal-cada-vez-son-mas-los-que-quieren-hacer-historia-y-formar-parte-de-la-renovacion-del-partido-nacional-en-paysandu","status":"publish","type":"post","link":"https:\/\/alianzanacional.com.uy\/web\/jorge-larranaga-vidal-cada-vez-son-mas-los-que-quieren-hacer-historia-y-formar-parte-de-la-renovacion-del-partido-nacional-en-paysandu\/","title":{"rendered":"Jorge Larra\u00f1aga Vidal: &#8216;\u00bbCada vez son m\u00e1s los que quieren hacer historia y formar parte de la renovaci\u00f3n del Partido Nacional en Paysand\u00fa&#8217;"},"content":{"rendered":"<p><span class=\"css-1qaijid r-bcqeeo r-qvutc0 r-poiln3\">\u00abEl liderazgo del Partido Nacional <\/span>debe representar a cada movimiento, a cada lista, a cada militante y a cada persona que quiere llevar al Uruguay a un mejor futuro. Es por eso que el 30 de junio debemos elegir a Laura Raffo para que nos represente a todos para luchar por la presidencia\u00bb, dijo desde Paysand\u00fa Jorge Larra\u00f1aga Vidal.<\/p>\n<p>A su vez, destac\u00f3 el enorme trabajo de la militancia sanducera. \u00abCada vez son m\u00e1s los que quieren hacer historia y formar parte de la renovaci\u00f3n del Partido Nacional en Paysand\u00fa\u00bb, asever\u00f3.<\/p>\n<blockquote class=\"twitter-tweet\" data-width=\"550\" data-dnt=\"true\">\n<p lang=\"es\" dir=\"ltr\">\ud83d\ude4c Tremendo fin de semana de militancia. Cada vez son m\u00e1s los que quieren hacer historia y formar parte de la renovaci\u00f3n del Partido Nacional en Paysand\u00fa. <\/p>\n<p>Vamos juntos \ud83e\udd1c\ud83e\udd1b<a href=\"https:\/\/twitter.com\/hashtag\/HagamosHistoria?src=hash&amp;ref_src=twsrc%5Etfw\">#HagamosHistoria<\/a><a href=\"https:\/\/twitter.com\/hashtag\/PartidoNacional?src=hash&amp;ref_src=twsrc%5Etfw\">#PartidoNacional<\/a><a href=\"https:\/\/twitter.com\/hashtag\/HayOrdenDeNoAflojar?src=hash&amp;ref_src=twsrc%5Etfw\">#HayOrdenDeNoAflojar<\/a><a href=\"https:\/\/twitter.com\/hashtag\/paysandu?src=hash&amp;ref_src=twsrc%5Etfw\">#paysandu<\/a> <a href=\"https:\/\/t.co\/RDSNJytjaH\">pic.twitter.com\/RDSNJytjaH<\/a><\/p>\n<p>&mdash; Jorge Larra\u00f1aga Vidal (@LarraJorge) <a href=\"https:\/\/twitter.com\/LarraJorge\/status\/1782213154572792016?ref_src=twsrc%5Etfw\">April 22, 2024<\/a><\/p><\/blockquote>\n<p><script async src=\"https:\/\/platform.twitter.com\/widgets.js\" charset=\"utf-8\"><\/script><\/p>\n<p>&nbsp;<\/p>\n<p>&nbsp;<\/p>\n","protected":false},"excerpt":{"rendered":"<p>\u00abEl liderazgo del Partido Nacional debe representar a cada movimiento, a cada lista, a cada militante y a cada persona que quiere llevar al Uruguay a un mejor futuro. Es por eso que el 30 de junio debemos elegir a Laura Raffo para que nos represente a todos para luchar por la presidencia\u00bb, dijo desde [&hellip;]<\/p>\n","protected":false},"author":6,"featured_media":33573,"comment_status":"open","ping_status":"open","sticky":false,"template":"","format":"standard","meta":{"footnotes":""},"categories":[16],"tags":[1091,1089],"class_list":["post-33572","post","type-post","status-publish","format-standard","has-post-thumbnail","hentry","category-noticias","tag-jorge-larranaga-vidal","tag-laura-raffo"],"_links":{"self":[{"href":"https:\/\/alianzanacional.com.uy\/web\/wp-json\/wp\/v2\/posts\/33572","targetHints":{"allow":["GET"]}}],"collection":[{"href":"https:\/\/alianzanacional.com.uy\/web\/wp-json\/wp\/v2\/posts"}],"about":[{"href":"https:\/\/alianzanacional.com.uy\/web\/wp-json\/wp\/v2\/types\/post"}],"author":[{"embeddable":true,"href":"https:\/\/alianzanacional.com.uy\/web\/wp-json\/wp\/v2\/users\/6"}],"replies":[{"embeddable":true,"href":"https:\/\/alianzanacional.com.uy\/web\/wp-json\/wp\/v2\/comments?post=33572"}],"version-history":[{"count":1,"href":"https:\/\/alianzanacional.com.uy\/web\/wp-json\/wp\/v2\/posts\/33572\/revisions"}],"predecessor-version":[{"id":33574,"href":"https:\/\/alianzanacional.com.uy\/web\/wp-json\/wp\/v2\/posts\/33572\/revisions\/33574"}],"wp:featuredmedia":[{"embeddable":true,"href":"https:\/\/alianzanacional.com.uy\/web\/wp-json\/wp\/v2\/media\/33573"}],"wp:attachment":[{"href":"https:\/\/alianzanacional.com.uy\/web\/wp-json\/wp\/v2\/media?parent=33572"}],"wp:term":[{"taxonomy":"category","embeddable":true,"href":"https:\/\/alianzanacional.com.uy\/web\/wp-json\/wp\/v2\/categories?post=33572"},{"taxonomy":"post_tag","embeddable":true,"href":"https:\/\/alianzanacional.com.uy\/web\/wp-json\/wp\/v2\/tags?post=33572"}],"curies":[{"name":"wp","href":"https:\/\/api.w.org\/{rel}","templated":true}]}}