{"id":33601,"date":"2024-04-28T16:11:28","date_gmt":"2024-04-28T19:11:28","guid":{"rendered":"https:\/\/alianzanacional.com.uy\/web\/?p=33601"},"modified":"2024-04-28T16:20:24","modified_gmt":"2024-04-28T19:20:24","slug":"la-militancia-diaria-para-construir-la-convivencia-del-uruguay-con-el-que-sonamos","status":"publish","type":"post","link":"https:\/\/alianzanacional.com.uy\/web\/la-militancia-diaria-para-construir-la-convivencia-del-uruguay-con-el-que-sonamos\/","title":{"rendered":"La militancia diaria para construir la convivencia del Uruguay con el que so\u00f1amos"},"content":{"rendered":"<p>Estar en las calles no es s\u00f3lo una cuesti\u00f3n de militancia de nuestras ideas sino de construir la convivencia del Uruguay con el que so\u00f1amos, raz\u00f3n por la que nuestros compa\u00f1eros de la 2004 de Montevideo recorrieron la Feria de Trist\u00e1n Narvaja con Fernando Ripoll y Gabriela Fossati para conversar con transe\u00fantes, vecinos y comerciantes sobre los allanamientos nocturnos que impulsa el Senador Carlos Daniel Camy junto a Laura Raffo, pero tambi\u00e9n compartir un momento junto a militantes de otros sectores de nuestro Partido, y de otras colectividades pol\u00edticas intercambiando ideas, pues m\u00e1s all\u00e1 de las coincidencias, los matices o las discrepancias, nuestro trabajo es para cada uno de los ciudadanos.<\/p>\n<p>Quiz\u00e1 en nuestro pa\u00eds estemos acostumbrados a encontrarnos con escenas como \u00e9stas pero basta con ver la regi\u00f3n para darnos cuenta que la manera en que vivimos nuestra Democracia es una excepci\u00f3n m\u00e1s que la regla, y debe ser cuidada cada d\u00eda.<\/p>\n<p>Una campa\u00f1a pol\u00edtica nunca debe estar por sobre las necesidades de aquellos que quiz\u00e1 lo \u00fanico que mantienen es la esperanza de un pa\u00eds con m\u00e1s oportunidades educativas, de trabajo o de\u00a0 desarrollo con un costo de vida m\u00e1s barato.<\/p>\n<p><strong>Hay orden de no aflojar<\/strong><\/p>\n<p><img fetchpriority=\"high\" decoding=\"async\" class=\"aligncenter size-full wp-image-33603\" src=\"https:\/\/alianzanacional.com.uy\/web\/wp-content\/uploads\/2024\/04\/Imagen-de-WhatsApp-2024-04-28-a-las-15.24.03_a5f06102.jpg\" alt=\"\" width=\"1600\" height=\"900\" srcset=\"https:\/\/alianzanacional.com.uy\/web\/wp-content\/uploads\/2024\/04\/Imagen-de-WhatsApp-2024-04-28-a-las-15.24.03_a5f06102.jpg 1600w, https:\/\/alianzanacional.com.uy\/web\/wp-content\/uploads\/2024\/04\/Imagen-de-WhatsApp-2024-04-28-a-las-15.24.03_a5f06102-400x225.jpg 400w, https:\/\/alianzanacional.com.uy\/web\/wp-content\/uploads\/2024\/04\/Imagen-de-WhatsApp-2024-04-28-a-las-15.24.03_a5f06102-700x394.jpg 700w, https:\/\/alianzanacional.com.uy\/web\/wp-content\/uploads\/2024\/04\/Imagen-de-WhatsApp-2024-04-28-a-las-15.24.03_a5f06102-768x432.jpg 768w, https:\/\/alianzanacional.com.uy\/web\/wp-content\/uploads\/2024\/04\/Imagen-de-WhatsApp-2024-04-28-a-las-15.24.03_a5f06102-1536x864.jpg 1536w\" sizes=\"(max-width: 1600px) 100vw, 1600px\" \/><\/p>\n<p><img decoding=\"async\" class=\"aligncenter size-full wp-image-33604\" src=\"https:\/\/alianzanacional.com.uy\/web\/wp-content\/uploads\/2024\/04\/Imagen-de-WhatsApp-2024-04-28-a-las-15.23.36_b3444ad8.jpg\" alt=\"\" width=\"1600\" height=\"900\" srcset=\"https:\/\/alianzanacional.com.uy\/web\/wp-content\/uploads\/2024\/04\/Imagen-de-WhatsApp-2024-04-28-a-las-15.23.36_b3444ad8.jpg 1600w, https:\/\/alianzanacional.com.uy\/web\/wp-content\/uploads\/2024\/04\/Imagen-de-WhatsApp-2024-04-28-a-las-15.23.36_b3444ad8-400x225.jpg 400w, https:\/\/alianzanacional.com.uy\/web\/wp-content\/uploads\/2024\/04\/Imagen-de-WhatsApp-2024-04-28-a-las-15.23.36_b3444ad8-700x394.jpg 700w, https:\/\/alianzanacional.com.uy\/web\/wp-content\/uploads\/2024\/04\/Imagen-de-WhatsApp-2024-04-28-a-las-15.23.36_b3444ad8-768x432.jpg 768w, https:\/\/alianzanacional.com.uy\/web\/wp-content\/uploads\/2024\/04\/Imagen-de-WhatsApp-2024-04-28-a-las-15.23.36_b3444ad8-1536x864.jpg 1536w\" sizes=\"(max-width: 1600px) 100vw, 1600px\" \/><\/p>\n<p><img decoding=\"async\" class=\"aligncenter size-full wp-image-33606\" src=\"https:\/\/alianzanacional.com.uy\/web\/wp-content\/uploads\/2024\/04\/Imagen-de-WhatsApp-2024-04-28-a-las-15.24.04_e3f4da3c.jpg\" alt=\"\" width=\"1600\" height=\"900\" srcset=\"https:\/\/alianzanacional.com.uy\/web\/wp-content\/uploads\/2024\/04\/Imagen-de-WhatsApp-2024-04-28-a-las-15.24.04_e3f4da3c.jpg 1600w, https:\/\/alianzanacional.com.uy\/web\/wp-content\/uploads\/2024\/04\/Imagen-de-WhatsApp-2024-04-28-a-las-15.24.04_e3f4da3c-400x225.jpg 400w, https:\/\/alianzanacional.com.uy\/web\/wp-content\/uploads\/2024\/04\/Imagen-de-WhatsApp-2024-04-28-a-las-15.24.04_e3f4da3c-700x394.jpg 700w, https:\/\/alianzanacional.com.uy\/web\/wp-content\/uploads\/2024\/04\/Imagen-de-WhatsApp-2024-04-28-a-las-15.24.04_e3f4da3c-768x432.jpg 768w, https:\/\/alianzanacional.com.uy\/web\/wp-content\/uploads\/2024\/04\/Imagen-de-WhatsApp-2024-04-28-a-las-15.24.04_e3f4da3c-1536x864.jpg 1536w\" sizes=\"(max-width: 1600px) 100vw, 1600px\" \/><\/p>\n<p><img loading=\"lazy\" decoding=\"async\" class=\"aligncenter size-full wp-image-33609\" src=\"https:\/\/alianzanacional.com.uy\/web\/wp-content\/uploads\/2024\/04\/Imagen-de-WhatsApp-2024-04-28-a-las-16.18.37_b647687e.jpg\" alt=\"\" width=\"1600\" height=\"900\" srcset=\"https:\/\/alianzanacional.com.uy\/web\/wp-content\/uploads\/2024\/04\/Imagen-de-WhatsApp-2024-04-28-a-las-16.18.37_b647687e.jpg 1600w, https:\/\/alianzanacional.com.uy\/web\/wp-content\/uploads\/2024\/04\/Imagen-de-WhatsApp-2024-04-28-a-las-16.18.37_b647687e-400x225.jpg 400w, https:\/\/alianzanacional.com.uy\/web\/wp-content\/uploads\/2024\/04\/Imagen-de-WhatsApp-2024-04-28-a-las-16.18.37_b647687e-700x394.jpg 700w, https:\/\/alianzanacional.com.uy\/web\/wp-content\/uploads\/2024\/04\/Imagen-de-WhatsApp-2024-04-28-a-las-16.18.37_b647687e-768x432.jpg 768w, https:\/\/alianzanacional.com.uy\/web\/wp-content\/uploads\/2024\/04\/Imagen-de-WhatsApp-2024-04-28-a-las-16.18.37_b647687e-1536x864.jpg 1536w\" sizes=\"(max-width: 1600px) 100vw, 1600px\" \/><\/p>\n<p>&nbsp;<\/p>\n","protected":false},"excerpt":{"rendered":"<p>Estar en las calles no es s\u00f3lo una cuesti\u00f3n de militancia de nuestras ideas sino de construir la convivencia del Uruguay con el que so\u00f1amos, raz\u00f3n por la que nuestros compa\u00f1eros de la 2004 de Montevideo recorrieron la Feria de Trist\u00e1n Narvaja con Fernando Ripoll y Gabriela Fossati para conversar con transe\u00fantes, vecinos y comerciantes [&hellip;]<\/p>\n","protected":false},"author":6,"featured_media":33602,"comment_status":"open","ping_status":"open","sticky":false,"template":"","format":"standard","meta":{"footnotes":""},"categories":[16],"tags":[],"class_list":["post-33601","post","type-post","status-publish","format-standard","has-post-thumbnail","hentry","category-noticias"],"_links":{"self":[{"href":"https:\/\/alianzanacional.com.uy\/web\/wp-json\/wp\/v2\/posts\/33601","targetHints":{"allow":["GET"]}}],"collection":[{"href":"https:\/\/alianzanacional.com.uy\/web\/wp-json\/wp\/v2\/posts"}],"about":[{"href":"https:\/\/alianzanacional.com.uy\/web\/wp-json\/wp\/v2\/types\/post"}],"author":[{"embeddable":true,"href":"https:\/\/alianzanacional.com.uy\/web\/wp-json\/wp\/v2\/users\/6"}],"replies":[{"embeddable":true,"href":"https:\/\/alianzanacional.com.uy\/web\/wp-json\/wp\/v2\/comments?post=33601"}],"version-history":[{"count":4,"href":"https:\/\/alianzanacional.com.uy\/web\/wp-json\/wp\/v2\/posts\/33601\/revisions"}],"predecessor-version":[{"id":33610,"href":"https:\/\/alianzanacional.com.uy\/web\/wp-json\/wp\/v2\/posts\/33601\/revisions\/33610"}],"wp:featuredmedia":[{"embeddable":true,"href":"https:\/\/alianzanacional.com.uy\/web\/wp-json\/wp\/v2\/media\/33602"}],"wp:attachment":[{"href":"https:\/\/alianzanacional.com.uy\/web\/wp-json\/wp\/v2\/media?parent=33601"}],"wp:term":[{"taxonomy":"category","embeddable":true,"href":"https:\/\/alianzanacional.com.uy\/web\/wp-json\/wp\/v2\/categories?post=33601"},{"taxonomy":"post_tag","embeddable":true,"href":"https:\/\/alianzanacional.com.uy\/web\/wp-json\/wp\/v2\/tags?post=33601"}],"curies":[{"name":"wp","href":"https:\/\/api.w.org\/{rel}","templated":true}]}}