{"id":33656,"date":"2024-04-30T16:39:54","date_gmt":"2024-04-30T19:39:54","guid":{"rendered":"https:\/\/alianzanacional.com.uy\/web\/?p=33656"},"modified":"2024-04-30T16:39:54","modified_gmt":"2024-04-30T19:39:54","slug":"laura-no-nos-alejaremos-de-lo-que-es-nuestra-esencia-e-identidad-estar-cerca-de-la-gente-y-solucionar-sus-problemas","status":"publish","type":"post","link":"https:\/\/alianzanacional.com.uy\/web\/laura-no-nos-alejaremos-de-lo-que-es-nuestra-esencia-e-identidad-estar-cerca-de-la-gente-y-solucionar-sus-problemas\/","title":{"rendered":"Laura: &#8216;No nos alejaremos de lo que es nuestra esencia e identidad, estar cerca de la gente y solucionar sus problemas&#8217;"},"content":{"rendered":"<p>La precandidata nacionalista <strong>Laura Raffo<\/strong>, dijo este martes en rueda de prensa, \u00abNosotros no nos podemos alejar de lo que es nuestra esencia e identidad, estar cerca de la gente y solucionar sus problemas. Con un equipo t\u00e9cnico que en funci\u00f3n de esos problemas arma sus propuestas\u00bb, asever\u00f3.<\/p>\n<p>La economista se\u00f1al\u00f3 que tienen 110 p\u00e1ginas de propuestas que necesita la gente. \u00abEstamos haciendo una campa\u00f1a de propuestas porque creemos que eso es lo que valora el uruguayo\u00bb, afirm\u00f3 Raffo.<\/p>\n<p>Los \u00faltimos datos muestran que \u00abEs muy posible revertir la interna, la elecci\u00f3n la hace la gente. Quedan 60 d\u00edas, tenemos un gran equipo, dejando todo en la cancha y as\u00ed vamos a seguir hasta el 30 de junio\u00bb, explic\u00f3.<\/p>\n<p>\u00abQueremos dar soluciones a la gente, estar cerca de las personas, avanzar en bajar el costo de vida, crear empleo para j\u00f3venes, atraer inversiones, mejorar tiempos de espera en salud. nos debemos a las personas, renovamos los esfuerzos y formamos un gran equipo para seguir adelante\u00bb, acot\u00f3.<\/p>\n<blockquote class=\"twitter-tweet\" data-width=\"550\" data-dnt=\"true\">\n<p lang=\"es\" dir=\"ltr\">PROPUESTAS PARA HACER HISTORIA EN SALUD<\/p>\n<p>Luego del lanzamiento de las Propuestas para Hacer Historia, <a href=\"https:\/\/twitter.com\/sumar_uy?ref_src=twsrc%5Etfw\">@sumar_uy<\/a> organiza una serie de conferencias para tratar en profundidad los puntos m\u00e1s importantes de estas propuestas. Arrancamos por salud con <a href=\"https:\/\/twitter.com\/PanchoFaig?ref_src=twsrc%5Etfw\">@PanchoFaig<\/a> y <a href=\"https:\/\/twitter.com\/JuanGilYaco?ref_src=twsrc%5Etfw\">@JuanGilYaco<\/a>. <a href=\"https:\/\/t.co\/N3iOXpyLNZ\">pic.twitter.com\/N3iOXpyLNZ<\/a><\/p>\n<p>&mdash; Laura Raffo (@lauraraffo) <a href=\"https:\/\/twitter.com\/lauraraffo\/status\/1785349710770786740?ref_src=twsrc%5Etfw\">April 30, 2024<\/a><\/p><\/blockquote>\n<p><script async src=\"https:\/\/platform.twitter.com\/widgets.js\" charset=\"utf-8\"><\/script><\/p>\n","protected":false},"excerpt":{"rendered":"<p>La precandidata nacionalista Laura Raffo, dijo este martes en rueda de prensa, \u00abNosotros no nos podemos alejar de lo que es nuestra esencia e identidad, estar cerca de la gente y solucionar sus problemas. Con un equipo t\u00e9cnico que en funci\u00f3n de esos problemas arma sus propuestas\u00bb, asever\u00f3. La economista se\u00f1al\u00f3 que tienen 110 p\u00e1ginas [&hellip;]<\/p>\n","protected":false},"author":6,"featured_media":33657,"comment_status":"open","ping_status":"open","sticky":false,"template":"","format":"standard","meta":{"footnotes":""},"categories":[16],"tags":[1089,330],"class_list":["post-33656","post","type-post","status-publish","format-standard","has-post-thumbnail","hentry","category-noticias","tag-laura-raffo","tag-propuestas"],"_links":{"self":[{"href":"https:\/\/alianzanacional.com.uy\/web\/wp-json\/wp\/v2\/posts\/33656","targetHints":{"allow":["GET"]}}],"collection":[{"href":"https:\/\/alianzanacional.com.uy\/web\/wp-json\/wp\/v2\/posts"}],"about":[{"href":"https:\/\/alianzanacional.com.uy\/web\/wp-json\/wp\/v2\/types\/post"}],"author":[{"embeddable":true,"href":"https:\/\/alianzanacional.com.uy\/web\/wp-json\/wp\/v2\/users\/6"}],"replies":[{"embeddable":true,"href":"https:\/\/alianzanacional.com.uy\/web\/wp-json\/wp\/v2\/comments?post=33656"}],"version-history":[{"count":1,"href":"https:\/\/alianzanacional.com.uy\/web\/wp-json\/wp\/v2\/posts\/33656\/revisions"}],"predecessor-version":[{"id":33658,"href":"https:\/\/alianzanacional.com.uy\/web\/wp-json\/wp\/v2\/posts\/33656\/revisions\/33658"}],"wp:featuredmedia":[{"embeddable":true,"href":"https:\/\/alianzanacional.com.uy\/web\/wp-json\/wp\/v2\/media\/33657"}],"wp:attachment":[{"href":"https:\/\/alianzanacional.com.uy\/web\/wp-json\/wp\/v2\/media?parent=33656"}],"wp:term":[{"taxonomy":"category","embeddable":true,"href":"https:\/\/alianzanacional.com.uy\/web\/wp-json\/wp\/v2\/categories?post=33656"},{"taxonomy":"post_tag","embeddable":true,"href":"https:\/\/alianzanacional.com.uy\/web\/wp-json\/wp\/v2\/tags?post=33656"}],"curies":[{"name":"wp","href":"https:\/\/api.w.org\/{rel}","templated":true}]}}