{"id":33659,"date":"2024-04-30T19:21:12","date_gmt":"2024-04-30T22:21:12","guid":{"rendered":"https:\/\/alianzanacional.com.uy\/web\/?p=33659"},"modified":"2024-04-30T19:24:24","modified_gmt":"2024-04-30T22:24:24","slug":"alianza-nacional-generando-cultura-un-proyecto-que-conviene-recordar","status":"publish","type":"post","link":"https:\/\/alianzanacional.com.uy\/web\/alianza-nacional-generando-cultura-un-proyecto-que-conviene-recordar\/","title":{"rendered":"Alianza Nacional generando Cultura: Un proyecto que conviene recordar"},"content":{"rendered":"<p>Por Ra\u00fal Vallarino.-<\/p>\n<p>Cuando en 2004, Jorge Larra\u00f1aga, siempre anticip\u00e1ndose y buscando generar proyectos para beneficiar a los trabajadores de la Cultura, me encarg\u00f3 desarrollar propuestas en ese \u00e1mbito y entonces preparamos un plan de incentivo de la cinematograf\u00eda nacional con la creaci\u00f3n de la Oficina del Cine y las carreras de autores y guionistas, todo para la formaci\u00f3n de profesionales uruguayos, con incentivos para las producciones nacionales.<\/p>\n<p>Dos a\u00f1os despu\u00e9s, ese proyecto que ten\u00edamos en el plan de Gobierno de nuestra fuerza, fue curiosamente implementado en 2006 por el Frente Amplio.<\/p>\n<p>Bienvenido que lo hicieran, pero no olvidemos que la idea original fue de Alianza Nacional con el apoyo de Larra\u00f1aga.<\/p>\n<p>En 2004, el diario La Rep\u00fablica en su edici\u00f3n del 27 de octubre de ese a\u00f1o, informaba del proyecto, antes que los \u00abdescubriera\u00bb el Frente Amplio.<\/p>\n<figure id=\"attachment_33661\" aria-describedby=\"caption-attachment-33661\" style=\"width: 1148px\" class=\"wp-caption aligncenter\"><img fetchpriority=\"high\" decoding=\"async\" class=\"size-full wp-image-33661\" src=\"https:\/\/alianzanacional.com.uy\/web\/wp-content\/uploads\/2024\/04\/La-republica.png\" alt=\"\" width=\"1148\" height=\"512\" srcset=\"https:\/\/alianzanacional.com.uy\/web\/wp-content\/uploads\/2024\/04\/La-republica.png 1148w, https:\/\/alianzanacional.com.uy\/web\/wp-content\/uploads\/2024\/04\/La-republica-400x178.png 400w, https:\/\/alianzanacional.com.uy\/web\/wp-content\/uploads\/2024\/04\/La-republica-700x312.png 700w, https:\/\/alianzanacional.com.uy\/web\/wp-content\/uploads\/2024\/04\/La-republica-768x343.png 768w\" sizes=\"(max-width: 1148px) 100vw, 1148px\" \/><figcaption id=\"caption-attachment-33661\" class=\"wp-caption-text\"><strong>Diario La Rep\u00fablica &#8211; 27 de octubre de 2004<\/strong><\/figcaption><\/figure>\n<p>&nbsp;<\/p>\n","protected":false},"excerpt":{"rendered":"<p>Por Ra\u00fal Vallarino.- Cuando en 2004, Jorge Larra\u00f1aga, siempre anticip\u00e1ndose y buscando generar proyectos para beneficiar a los trabajadores de la Cultura, me encarg\u00f3 desarrollar propuestas en ese \u00e1mbito y entonces preparamos un plan de incentivo de la cinematograf\u00eda nacional con la creaci\u00f3n de la Oficina del Cine y las carreras de autores y guionistas, [&hellip;]<\/p>\n","protected":false},"author":6,"featured_media":33663,"comment_status":"open","ping_status":"open","sticky":false,"template":"","format":"standard","meta":{"footnotes":""},"categories":[16],"tags":[],"class_list":["post-33659","post","type-post","status-publish","format-standard","has-post-thumbnail","hentry","category-noticias"],"_links":{"self":[{"href":"https:\/\/alianzanacional.com.uy\/web\/wp-json\/wp\/v2\/posts\/33659","targetHints":{"allow":["GET"]}}],"collection":[{"href":"https:\/\/alianzanacional.com.uy\/web\/wp-json\/wp\/v2\/posts"}],"about":[{"href":"https:\/\/alianzanacional.com.uy\/web\/wp-json\/wp\/v2\/types\/post"}],"author":[{"embeddable":true,"href":"https:\/\/alianzanacional.com.uy\/web\/wp-json\/wp\/v2\/users\/6"}],"replies":[{"embeddable":true,"href":"https:\/\/alianzanacional.com.uy\/web\/wp-json\/wp\/v2\/comments?post=33659"}],"version-history":[{"count":1,"href":"https:\/\/alianzanacional.com.uy\/web\/wp-json\/wp\/v2\/posts\/33659\/revisions"}],"predecessor-version":[{"id":33662,"href":"https:\/\/alianzanacional.com.uy\/web\/wp-json\/wp\/v2\/posts\/33659\/revisions\/33662"}],"wp:featuredmedia":[{"embeddable":true,"href":"https:\/\/alianzanacional.com.uy\/web\/wp-json\/wp\/v2\/media\/33663"}],"wp:attachment":[{"href":"https:\/\/alianzanacional.com.uy\/web\/wp-json\/wp\/v2\/media?parent=33659"}],"wp:term":[{"taxonomy":"category","embeddable":true,"href":"https:\/\/alianzanacional.com.uy\/web\/wp-json\/wp\/v2\/categories?post=33659"},{"taxonomy":"post_tag","embeddable":true,"href":"https:\/\/alianzanacional.com.uy\/web\/wp-json\/wp\/v2\/tags?post=33659"}],"curies":[{"name":"wp","href":"https:\/\/api.w.org\/{rel}","templated":true}]}}