{"id":33665,"date":"2024-05-02T14:55:58","date_gmt":"2024-05-02T17:55:58","guid":{"rendered":"https:\/\/alianzanacional.com.uy\/web\/?p=33665"},"modified":"2024-05-02T14:55:58","modified_gmt":"2024-05-02T17:55:58","slug":"laura-raffo-presenta-el-jingle-de-campana-es-hora-de-sumar-vayamos-por-mas","status":"publish","type":"post","link":"https:\/\/alianzanacional.com.uy\/web\/laura-raffo-presenta-el-jingle-de-campana-es-hora-de-sumar-vayamos-por-mas\/","title":{"rendered":"Laura Raffo presenta el jingle de campa\u00f1a: \u00a1Es hora de Sumar, vayamos por m\u00e1s!"},"content":{"rendered":"<p>Este es el jingle que nos acompa\u00f1ar\u00e1 durante toda la campa\u00f1a. Una canci\u00f3n que nos convoca y nos invita a ser parte de algo m\u00e1s grande. Es hora de Sumar. Vayamos por m\u00e1s.<\/p>\n<p><iframe title=\"Es hora de SUMAR - Jingle Laura Presidenta\" width=\"800\" height=\"450\" src=\"https:\/\/www.youtube.com\/embed\/sUZ56OyFHNI?feature=oembed\" frameborder=\"0\" allow=\"accelerometer; autoplay; clipboard-write; encrypted-media; gyroscope; picture-in-picture; web-share\" referrerpolicy=\"strict-origin-when-cross-origin\" allowfullscreen><\/iframe><\/p>\n<p>&nbsp;<\/p>\n","protected":false},"excerpt":{"rendered":"<p>Este es el jingle que nos acompa\u00f1ar\u00e1 durante toda la campa\u00f1a. Una canci\u00f3n que nos convoca y nos invita a ser parte de algo m\u00e1s grande. Es hora de Sumar. Vayamos por m\u00e1s. &nbsp;<\/p>\n","protected":false},"author":6,"featured_media":33666,"comment_status":"open","ping_status":"open","sticky":false,"template":"","format":"standard","meta":{"footnotes":""},"categories":[16],"tags":[1094,1089],"class_list":["post-33665","post","type-post","status-publish","format-standard","has-post-thumbnail","hentry","category-noticias","tag-jingle","tag-laura-raffo"],"_links":{"self":[{"href":"https:\/\/alianzanacional.com.uy\/web\/wp-json\/wp\/v2\/posts\/33665","targetHints":{"allow":["GET"]}}],"collection":[{"href":"https:\/\/alianzanacional.com.uy\/web\/wp-json\/wp\/v2\/posts"}],"about":[{"href":"https:\/\/alianzanacional.com.uy\/web\/wp-json\/wp\/v2\/types\/post"}],"author":[{"embeddable":true,"href":"https:\/\/alianzanacional.com.uy\/web\/wp-json\/wp\/v2\/users\/6"}],"replies":[{"embeddable":true,"href":"https:\/\/alianzanacional.com.uy\/web\/wp-json\/wp\/v2\/comments?post=33665"}],"version-history":[{"count":1,"href":"https:\/\/alianzanacional.com.uy\/web\/wp-json\/wp\/v2\/posts\/33665\/revisions"}],"predecessor-version":[{"id":33667,"href":"https:\/\/alianzanacional.com.uy\/web\/wp-json\/wp\/v2\/posts\/33665\/revisions\/33667"}],"wp:featuredmedia":[{"embeddable":true,"href":"https:\/\/alianzanacional.com.uy\/web\/wp-json\/wp\/v2\/media\/33666"}],"wp:attachment":[{"href":"https:\/\/alianzanacional.com.uy\/web\/wp-json\/wp\/v2\/media?parent=33665"}],"wp:term":[{"taxonomy":"category","embeddable":true,"href":"https:\/\/alianzanacional.com.uy\/web\/wp-json\/wp\/v2\/categories?post=33665"},{"taxonomy":"post_tag","embeddable":true,"href":"https:\/\/alianzanacional.com.uy\/web\/wp-json\/wp\/v2\/tags?post=33665"}],"curies":[{"name":"wp","href":"https:\/\/api.w.org\/{rel}","templated":true}]}}