{"id":33668,"date":"2024-05-05T14:09:49","date_gmt":"2024-05-05T17:09:49","guid":{"rendered":"https:\/\/alianzanacional.com.uy\/web\/?p=33668"},"modified":"2024-05-05T14:09:49","modified_gmt":"2024-05-05T17:09:49","slug":"fernando-ripoll-el-tema-es-estar-cerca-de-la-gente-y-en-eso-estamos","status":"publish","type":"post","link":"https:\/\/alianzanacional.com.uy\/web\/fernando-ripoll-el-tema-es-estar-cerca-de-la-gente-y-en-eso-estamos\/","title":{"rendered":"Fernando Ripoll: \u00abEl tema es estar cerca de la gente y en eso estamos\u00bb"},"content":{"rendered":"<p>Fernando Ripoll, est\u00e1 siempre en actividad, visitando los barrios, escuchando a los vecinos, preocup\u00e1ndose de sus problemas y brindando una mano generosa y esto no es de ahora, es desde que se inici\u00f3 en la dirigencia de Alianza Nacional, acompa\u00f1ando a quien describe como su referente, Jorge Larra\u00f1aga.<\/p>\n<p>En los momentos m\u00e1s \u00e1lgidos, \u00e9l estuvo all\u00ed, metiendo con inclaudicable firmeza la impronta de lucha junto al Guapo.<\/p>\n<p>Este fin de semana Ripoll, Gabriela Fossati y varios compa\u00f1eros de la 2004, estuvieron recorriendo Montevideo. En el Cerro y en otros barrios.<\/p>\n<blockquote class=\"twitter-tweet\" data-width=\"550\" data-dnt=\"true\">\n<p lang=\"es\" dir=\"ltr\">Seguimos de recorrida por el Cerro !! <a href=\"https:\/\/t.co\/fffZCu5MAo\">pic.twitter.com\/fffZCu5MAo<\/a><\/p>\n<p>&mdash; Fernando Ripoll (@JATARIPOLL) <a href=\"https:\/\/twitter.com\/JATARIPOLL\/status\/1786829777896169891?ref_src=twsrc%5Etfw\">May 4, 2024<\/a><\/p><\/blockquote>\n<p><script async src=\"https:\/\/platform.twitter.com\/widgets.js\" charset=\"utf-8\"><\/script><\/p>\n<p><strong> \u00abEl tema es estar cerca de la gente y en eso estamos\u00bb<\/strong>, asegura Fernando Ripoll en medio de las recorridas por los barrios montevideanos.<\/p>\n<blockquote class=\"twitter-tweet\" data-width=\"550\" data-dnt=\"true\">\n<p lang=\"es\" dir=\"ltr\">En Villa Biarritz con compa\u00f1eros de la <a href=\"https:\/\/twitter.com\/Lista2004_PN?ref_src=twsrc%5Etfw\">@Lista2004_PN<\/a> <a href=\"https:\/\/t.co\/cK2IadH46P\">pic.twitter.com\/cK2IadH46P<\/a><\/p>\n<p>&mdash; Fernando Ripoll (@JATARIPOLL) <a href=\"https:\/\/twitter.com\/JATARIPOLL\/status\/1786819465851642040?ref_src=twsrc%5Etfw\">May 4, 2024<\/a><\/p><\/blockquote>\n<p><script async src=\"https:\/\/platform.twitter.com\/widgets.js\" charset=\"utf-8\"><\/script><\/p>\n<div style=\"position: relative; padding-bottom: 56.25%; height: 0; overflow: hidden;\"><iframe style=\"width: 100%; height: 100%; position: absolute; left: 0px; top: 0px; overflow: hidden;\" title=\"Dailymotion Video Player\" src=\"https:\/\/www.dailymotion.com\/embed\/video\/k1WIhSHPyqA2LbAwfVM?autoplay=1\" width=\"100%\" height=\"100%\" frameborder=\"0\" allowfullscreen=\"allowfullscreen\"> <\/iframe><\/div>\n","protected":false},"excerpt":{"rendered":"<p>Fernando Ripoll, est\u00e1 siempre en actividad, visitando los barrios, escuchando a los vecinos, preocup\u00e1ndose de sus problemas y brindando una mano generosa y esto no es de ahora, es desde que se inici\u00f3 en la dirigencia de Alianza Nacional, acompa\u00f1ando a quien describe como su referente, Jorge Larra\u00f1aga. En los momentos m\u00e1s \u00e1lgidos, \u00e9l estuvo [&hellip;]<\/p>\n","protected":false},"author":6,"featured_media":33669,"comment_status":"open","ping_status":"open","sticky":false,"template":"","format":"standard","meta":{"footnotes":""},"categories":[16],"tags":[1087,1095],"class_list":["post-33668","post","type-post","status-publish","format-standard","has-post-thumbnail","hentry","category-noticias","tag-alianza-nacional","tag-fernando-ripoll"],"_links":{"self":[{"href":"https:\/\/alianzanacional.com.uy\/web\/wp-json\/wp\/v2\/posts\/33668","targetHints":{"allow":["GET"]}}],"collection":[{"href":"https:\/\/alianzanacional.com.uy\/web\/wp-json\/wp\/v2\/posts"}],"about":[{"href":"https:\/\/alianzanacional.com.uy\/web\/wp-json\/wp\/v2\/types\/post"}],"author":[{"embeddable":true,"href":"https:\/\/alianzanacional.com.uy\/web\/wp-json\/wp\/v2\/users\/6"}],"replies":[{"embeddable":true,"href":"https:\/\/alianzanacional.com.uy\/web\/wp-json\/wp\/v2\/comments?post=33668"}],"version-history":[{"count":1,"href":"https:\/\/alianzanacional.com.uy\/web\/wp-json\/wp\/v2\/posts\/33668\/revisions"}],"predecessor-version":[{"id":33670,"href":"https:\/\/alianzanacional.com.uy\/web\/wp-json\/wp\/v2\/posts\/33668\/revisions\/33670"}],"wp:featuredmedia":[{"embeddable":true,"href":"https:\/\/alianzanacional.com.uy\/web\/wp-json\/wp\/v2\/media\/33669"}],"wp:attachment":[{"href":"https:\/\/alianzanacional.com.uy\/web\/wp-json\/wp\/v2\/media?parent=33668"}],"wp:term":[{"taxonomy":"category","embeddable":true,"href":"https:\/\/alianzanacional.com.uy\/web\/wp-json\/wp\/v2\/categories?post=33668"},{"taxonomy":"post_tag","embeddable":true,"href":"https:\/\/alianzanacional.com.uy\/web\/wp-json\/wp\/v2\/tags?post=33668"}],"curies":[{"name":"wp","href":"https:\/\/api.w.org\/{rel}","templated":true}]}}