{"id":33672,"date":"2024-05-09T20:25:27","date_gmt":"2024-05-09T23:25:27","guid":{"rendered":"https:\/\/alianzanacional.com.uy\/web\/?p=33672"},"modified":"2024-05-09T20:25:27","modified_gmt":"2024-05-09T23:25:27","slug":"raffo-apunto-contra-cosse-no-hacemos-promesas-en-la-campana-que-no-tienen-numeros-por-detras","status":"publish","type":"post","link":"https:\/\/alianzanacional.com.uy\/web\/raffo-apunto-contra-cosse-no-hacemos-promesas-en-la-campana-que-no-tienen-numeros-por-detras\/","title":{"rendered":"Raffo apunt\u00f3 contra Cosse: \u201cNo hacemos promesas\u201d en la campa\u00f1a que \u201cno tienen n\u00fameros por detr\u00e1s\u00bb"},"content":{"rendered":"<p><b><i>Redacci\u00f3n El Pa\u00eds<\/i><\/b><br \/>\nLa\u00a0precandidata del Partido Nacional<b class=\"rte2-style-bold\">\u00a0Laura Raffo<\/b><b>\u00a0<\/b>apunt\u00f3 ayer contra las propuestas de empleo de su par frentista\u00a0<b>Carolina Cosse<\/b>.<\/p>\n<p>La\u00a0<b>nacionalista\u00a0<\/b>apunt\u00f3 que para su equipo se necesita un \u201c<b>sector privado pujante que genere puestos de trabajo\u00a0<\/b>que sean perdurables en el largo plazo\u201d, y no que sea el\u00a0<b>Estado\u00a0<\/b>el que \u201ctenga que generarlos y garantizarlos por 24 meses\u201d.<\/p>\n<p>Las declaraciones se dieron despu\u00e9s de que\u00a0<b>Cosse<\/b>, en la noche anterior, anunciara la propuesta de crear 30.000 puestos de trabajo. En esa oportunidad, la\u00a0<b>frenteamplista\u00a0<\/b>aclar\u00f3 que \u201cno son nuevos\u00a0<b>jornales solidarios<\/b>\u201d y que ser\u00e1n por el doble del salario, con una carga de 30 horas semanales y por 24 meses.<\/p>\n<p>Raffo, por su parte, se\u00f1al\u00f3 que las ideas de\u00a0<b>Sumar\u00a0<\/b>-su agrupaci\u00f3n- \u201ctienen sus costos medidos y son ejecutables desde el d\u00eda uno de gobierno\u201d. Y a\u00f1adi\u00f3: \u201cNo hacemos promesas que no tienen n\u00fameros por detr\u00e1s\u201d.<\/p>\n<p>Su propuesta es la generaci\u00f3n de 15.000 nuevos puestos de trabajo a trav\u00e9s de la\u00a0<b>exoneraci\u00f3n de los aportes personales y patronales<\/b>\u00a0en sueldos de hasta $ 30.000 l\u00edquidos.<\/p>\n<p>Estos empleos, indic\u00f3 la nacionalista, \u201cse van a enfocar m\u00e1s en j\u00f3venes, en personas que no han terminado su capacitaci\u00f3n, que son los que suelen ocupar esos puestos con esos niveles salariales\u201d.<\/p>\n<p>Y arremeti\u00f3: \u201cEl costo de nuestra propuesta es de US$ 40 millones. Est\u00e1 medido, esa es otra diferencia con las propuestas que hac\u00eda el martes Cosse. La de ella no se sabe cu\u00e1nto va a costar\u201d.<\/p>\n<p>Raffo present\u00f3 ayer al mediod\u00eda sus propuestas sobre empleo y\u00a0<b>emprendedurismo\u00a0<\/b>de cara a las internas nacionales del pr\u00f3ximo 30 de junio en su sede central, en la Plaza Independencia de Montevideo, junto con sus coordinadores\u00a0<b>Valentina Arlegui<\/b>\u00a0y\u00a0<b>Mart\u00edn Ambrosi<\/b>.<\/p>\n","protected":false},"excerpt":{"rendered":"<p>Redacci\u00f3n El Pa\u00eds La\u00a0precandidata del Partido Nacional\u00a0Laura Raffo\u00a0apunt\u00f3 ayer contra las propuestas de empleo de su par frentista\u00a0Carolina Cosse. La\u00a0nacionalista\u00a0apunt\u00f3 que para su equipo se necesita un \u201csector privado pujante que genere puestos de trabajo\u00a0que sean perdurables en el largo plazo\u201d, y no que sea el\u00a0Estado\u00a0el que \u201ctenga que generarlos y garantizarlos por 24 meses\u201d. [&hellip;]<\/p>\n","protected":false},"author":6,"featured_media":33674,"comment_status":"open","ping_status":"open","sticky":false,"template":"","format":"standard","meta":{"footnotes":""},"categories":[16],"tags":[],"class_list":["post-33672","post","type-post","status-publish","format-standard","has-post-thumbnail","hentry","category-noticias"],"_links":{"self":[{"href":"https:\/\/alianzanacional.com.uy\/web\/wp-json\/wp\/v2\/posts\/33672","targetHints":{"allow":["GET"]}}],"collection":[{"href":"https:\/\/alianzanacional.com.uy\/web\/wp-json\/wp\/v2\/posts"}],"about":[{"href":"https:\/\/alianzanacional.com.uy\/web\/wp-json\/wp\/v2\/types\/post"}],"author":[{"embeddable":true,"href":"https:\/\/alianzanacional.com.uy\/web\/wp-json\/wp\/v2\/users\/6"}],"replies":[{"embeddable":true,"href":"https:\/\/alianzanacional.com.uy\/web\/wp-json\/wp\/v2\/comments?post=33672"}],"version-history":[{"count":1,"href":"https:\/\/alianzanacional.com.uy\/web\/wp-json\/wp\/v2\/posts\/33672\/revisions"}],"predecessor-version":[{"id":33675,"href":"https:\/\/alianzanacional.com.uy\/web\/wp-json\/wp\/v2\/posts\/33672\/revisions\/33675"}],"wp:featuredmedia":[{"embeddable":true,"href":"https:\/\/alianzanacional.com.uy\/web\/wp-json\/wp\/v2\/media\/33674"}],"wp:attachment":[{"href":"https:\/\/alianzanacional.com.uy\/web\/wp-json\/wp\/v2\/media?parent=33672"}],"wp:term":[{"taxonomy":"category","embeddable":true,"href":"https:\/\/alianzanacional.com.uy\/web\/wp-json\/wp\/v2\/categories?post=33672"},{"taxonomy":"post_tag","embeddable":true,"href":"https:\/\/alianzanacional.com.uy\/web\/wp-json\/wp\/v2\/tags?post=33672"}],"curies":[{"name":"wp","href":"https:\/\/api.w.org\/{rel}","templated":true}]}}