{"id":33683,"date":"2024-05-23T13:33:22","date_gmt":"2024-05-23T16:33:22","guid":{"rendered":"https:\/\/alianzanacional.com.uy\/web\/?p=33683"},"modified":"2024-05-23T13:33:22","modified_gmt":"2024-05-23T16:33:22","slug":"un-abrazo-al-alma-tres-anos-sin-jorge-larranaga-video","status":"publish","type":"post","link":"https:\/\/alianzanacional.com.uy\/web\/un-abrazo-al-alma-tres-anos-sin-jorge-larranaga-video\/","title":{"rendered":"Un abrazo al alma: tres a\u00f1os sin Jorge Larra\u00f1aga (Video)"},"content":{"rendered":"<p>Por<strong> Ra\u00fal Vallarino<\/strong>.-<\/p>\n<p>A lo largo de su vida, Jorge Larra\u00f1aga siempre tuvo como premisa servir a la Patria y por ello enfrent\u00f3 enormes desaf\u00edos que fue venciendo con su tradicional bondad y con un inmenso sentimiento republicano. Fue un ejemplo de pol\u00edtico de la mejor cepa.<\/p>\n<p>A Jorge lo conoc\u00ed en la d\u00e9cada de los \u201990 y recuerdo que cuando llegaba a Montevideo desde su Paysand\u00fa natal, nos reun\u00edamos en el antiguo hotel Alvear de la calle Y\u00ed casi 18 de Julio y all\u00ed fue fermentando la idea de lo que luego lleg\u00f3 a ser Alianza Nacional; un basti\u00f3n de la filosof\u00eda wilsonista que ha marcado a fuego la pol\u00edtica uruguaya.<\/p>\n<p>Con Jorge compartimos muchas cosas y momentos inolvidables y un recordado viaje a Asturias, en sus primeros a\u00f1os como senador, que siempre nos ven\u00eda a la memoria y que promet\u00edamos repetir juntos alg\u00fan d\u00eda.<\/p>\n<p>Obr\u00f3 el milagro de movilizar al pueblo con su decisi\u00f3n de enfrentar al gran flagelo de la delincuencia, con su campa\u00f1a \u201cVivir sin miedo\u201d, que logr\u00f3 miles y miles de adhesiones de los uruguayos cansados de que los delincuentes campearan a sus anchas.<\/p>\n<p>Como Ministro del Interior, en pocos meses logr\u00f3 revertir y bajar los \u00edndices de delitos, algo que angustiaba a los uruguayos. Lo que no pudo combatir el Frente Amplio en los 15 a\u00f1os de gobierno, Larra\u00f1aga, con su impronta, comenz\u00f3 a lograrlo.<\/p>\n<p>Pocos d\u00edas antes de su deceso, recib\u00ed su cari\u00f1oso mensaje donde me felicitaba por el estreno mundial de la pel\u00edcula basada en uno de mis libros y cerr\u00f3 su saludo con un \u201c\u00a1Muy bueno flaco!\u201d.<\/p>\n<p>Jorge nos dej\u00f3 f\u00edsicamente, pero sus ideas siempre estar\u00e1n con nosotros. Sol\u00eda repetir ante las adversidades: \u201cAc\u00e1 no se rinde nadie\u201d y te prometo Jorge, que nunca nos vamos a rendir.<\/p>\n<p>No dudo, que ahora ya debe estar junto a Wilson, hablando de pol\u00edtica y de todo lo bueno que ambos quer\u00edan para Uruguay.<\/p>\n<div style=\"width: 800px;\" class=\"wp-video\"><video class=\"wp-video-shortcode\" id=\"video-33683-1\" width=\"800\" height=\"453\" preload=\"metadata\" controls=\"controls\"><source type=\"video\/mp4\" src=\"https:\/\/alianzanacional.com.uy\/web\/wp-content\/uploads\/2024\/05\/Video-de-WhatsApp-2024-05-22-a-las-19.07.05_1e2f937d.mp4?_=1\" \/><a href=\"https:\/\/alianzanacional.com.uy\/web\/wp-content\/uploads\/2024\/05\/Video-de-WhatsApp-2024-05-22-a-las-19.07.05_1e2f937d.mp4\">https:\/\/alianzanacional.com.uy\/web\/wp-content\/uploads\/2024\/05\/Video-de-WhatsApp-2024-05-22-a-las-19.07.05_1e2f937d.mp4<\/a><\/video><\/div>\n","protected":false},"excerpt":{"rendered":"<p>Por Ra\u00fal Vallarino.- A lo largo de su vida, Jorge Larra\u00f1aga siempre tuvo como premisa servir a la Patria y por ello enfrent\u00f3 enormes desaf\u00edos que fue venciendo con su tradicional bondad y con un inmenso sentimiento republicano. Fue un ejemplo de pol\u00edtico de la mejor cepa. A Jorge lo conoc\u00ed en la d\u00e9cada de [&hellip;]<\/p>\n","protected":false},"author":6,"featured_media":33685,"comment_status":"open","ping_status":"open","sticky":false,"template":"","format":"standard","meta":{"footnotes":""},"categories":[16],"tags":[1096,314],"class_list":["post-33683","post","type-post","status-publish","format-standard","has-post-thumbnail","hentry","category-noticias","tag-homenaje","tag-jorge-larranaga"],"_links":{"self":[{"href":"https:\/\/alianzanacional.com.uy\/web\/wp-json\/wp\/v2\/posts\/33683","targetHints":{"allow":["GET"]}}],"collection":[{"href":"https:\/\/alianzanacional.com.uy\/web\/wp-json\/wp\/v2\/posts"}],"about":[{"href":"https:\/\/alianzanacional.com.uy\/web\/wp-json\/wp\/v2\/types\/post"}],"author":[{"embeddable":true,"href":"https:\/\/alianzanacional.com.uy\/web\/wp-json\/wp\/v2\/users\/6"}],"replies":[{"embeddable":true,"href":"https:\/\/alianzanacional.com.uy\/web\/wp-json\/wp\/v2\/comments?post=33683"}],"version-history":[{"count":1,"href":"https:\/\/alianzanacional.com.uy\/web\/wp-json\/wp\/v2\/posts\/33683\/revisions"}],"predecessor-version":[{"id":33686,"href":"https:\/\/alianzanacional.com.uy\/web\/wp-json\/wp\/v2\/posts\/33683\/revisions\/33686"}],"wp:featuredmedia":[{"embeddable":true,"href":"https:\/\/alianzanacional.com.uy\/web\/wp-json\/wp\/v2\/media\/33685"}],"wp:attachment":[{"href":"https:\/\/alianzanacional.com.uy\/web\/wp-json\/wp\/v2\/media?parent=33683"}],"wp:term":[{"taxonomy":"category","embeddable":true,"href":"https:\/\/alianzanacional.com.uy\/web\/wp-json\/wp\/v2\/categories?post=33683"},{"taxonomy":"post_tag","embeddable":true,"href":"https:\/\/alianzanacional.com.uy\/web\/wp-json\/wp\/v2\/tags?post=33683"}],"curies":[{"name":"wp","href":"https:\/\/api.w.org\/{rel}","templated":true}]}}