{"id":33691,"date":"2024-06-02T00:29:25","date_gmt":"2024-06-02T03:29:25","guid":{"rendered":"https:\/\/alianzanacional.com.uy\/web\/?p=33691"},"modified":"2024-06-02T00:29:25","modified_gmt":"2024-06-02T03:29:25","slug":"por-la-senda-de-wilson-y-larranaga-presentan-la-emblematica-lista-2004-de-alianza-nacional","status":"publish","type":"post","link":"https:\/\/alianzanacional.com.uy\/web\/por-la-senda-de-wilson-y-larranaga-presentan-la-emblematica-lista-2004-de-alianza-nacional\/","title":{"rendered":"Por la senda de Wilson y Larra\u00f1aga: presentan la emblem\u00e1tica lista 2004 de Alianza Nacional"},"content":{"rendered":"<p>De ICN Diario.-<\/p>\n<p>En Bulevar Espa\u00f1a esquina Luis De la Torre, a escasas cuadras de la emblem\u00e1tica rambla de Montevideo, el fr\u00edo no fue impedimento para que los wilsonistas acompa\u00f1aran el lanzamiento de la Lista 2004 de Alianza Nacional.<\/p>\n<p>Con la presencia de la economista Laura Raffo, quien antes de iniciar el evento se dirigi\u00f3 a los medios de comunicaci\u00f3n para reconocer los avances conseguidos por el actual gobierno pero subrayando la necesidad de incorporar\u00a0<strong>los allanamientos nocturnos para combatir al crimen organizado<\/strong>, la adquisici\u00f3n de dos esc\u00e1neres m\u00e1s para monitorear el cien por ciento de los contenedores del puerto, adem\u00e1s de establecer m\u00e1s cl\u00ednicas de rehabilitaci\u00f3n para tratar el da\u00f1o que ha hecho el narcotr\u00e1fico a miles de familias, en especial, de las comunidades m\u00e1s vulnerables del pa\u00eds.<\/p>\n<p>Tras dar su mensaje y en compa\u00f1\u00eda de la Dra. Gabriela Fossati, del Secretario Redactor de la C\u00e1mara de Representantes, Fernando Ripoll, y del trabajador del transporte, Daniel Vidal, la precandidata nacionalista destac\u00f3 el honor que para ella representa el encabezar la hist\u00f3rica lista del fallecido Ministro del Interior, Jorge Larra\u00f1aga, lo que fue agradecido con una larga ronda de aplausos por parte de los asistentes.<\/p>\n<p>Con este evento, la Lista 2004 de Alianza Nacional reafirma su compromiso con la ciudadan\u00eda y su determinaci\u00f3n de trabajar por el bienestar de todos los uruguayos, a quienes recuerdan que el 30 de Junio se comienza a elegir qui\u00e9n ser\u00e1 el pr\u00f3ximo Presidente de la Rep\u00fablica, mientras que Raffo se posiciona como una figura clave en el panorama pol\u00edtico actual.<\/p>\n<p><img fetchpriority=\"high\" decoding=\"async\" class=\"aligncenter size-full wp-image-33692\" src=\"https:\/\/alianzanacional.com.uy\/web\/wp-content\/uploads\/2024\/06\/Imagen-de-WhatsApp-2024-06-02-a-las-00.00.13_2c49c73c.jpg\" alt=\"\" width=\"1600\" height=\"1200\" srcset=\"https:\/\/alianzanacional.com.uy\/web\/wp-content\/uploads\/2024\/06\/Imagen-de-WhatsApp-2024-06-02-a-las-00.00.13_2c49c73c.jpg 1600w, https:\/\/alianzanacional.com.uy\/web\/wp-content\/uploads\/2024\/06\/Imagen-de-WhatsApp-2024-06-02-a-las-00.00.13_2c49c73c-400x300.jpg 400w, https:\/\/alianzanacional.com.uy\/web\/wp-content\/uploads\/2024\/06\/Imagen-de-WhatsApp-2024-06-02-a-las-00.00.13_2c49c73c-700x525.jpg 700w, https:\/\/alianzanacional.com.uy\/web\/wp-content\/uploads\/2024\/06\/Imagen-de-WhatsApp-2024-06-02-a-las-00.00.13_2c49c73c-768x576.jpg 768w, https:\/\/alianzanacional.com.uy\/web\/wp-content\/uploads\/2024\/06\/Imagen-de-WhatsApp-2024-06-02-a-las-00.00.13_2c49c73c-1536x1152.jpg 1536w\" sizes=\"(max-width: 1600px) 100vw, 1600px\" \/><\/p>\n<p><img decoding=\"async\" class=\"aligncenter size-full wp-image-33693\" src=\"https:\/\/alianzanacional.com.uy\/web\/wp-content\/uploads\/2024\/06\/Imagen-de-WhatsApp-2024-06-02-a-las-00.00.11_27788788.jpg\" alt=\"\" width=\"1600\" height=\"1068\" srcset=\"https:\/\/alianzanacional.com.uy\/web\/wp-content\/uploads\/2024\/06\/Imagen-de-WhatsApp-2024-06-02-a-las-00.00.11_27788788.jpg 1600w, https:\/\/alianzanacional.com.uy\/web\/wp-content\/uploads\/2024\/06\/Imagen-de-WhatsApp-2024-06-02-a-las-00.00.11_27788788-400x267.jpg 400w, https:\/\/alianzanacional.com.uy\/web\/wp-content\/uploads\/2024\/06\/Imagen-de-WhatsApp-2024-06-02-a-las-00.00.11_27788788-700x467.jpg 700w, https:\/\/alianzanacional.com.uy\/web\/wp-content\/uploads\/2024\/06\/Imagen-de-WhatsApp-2024-06-02-a-las-00.00.11_27788788-768x513.jpg 768w, https:\/\/alianzanacional.com.uy\/web\/wp-content\/uploads\/2024\/06\/Imagen-de-WhatsApp-2024-06-02-a-las-00.00.11_27788788-1536x1025.jpg 1536w\" sizes=\"(max-width: 1600px) 100vw, 1600px\" \/><\/p>\n<p>&nbsp;<\/p>\n<p>&nbsp;<\/p>\n","protected":false},"excerpt":{"rendered":"<p>De ICN Diario.- En Bulevar Espa\u00f1a esquina Luis De la Torre, a escasas cuadras de la emblem\u00e1tica rambla de Montevideo, el fr\u00edo no fue impedimento para que los wilsonistas acompa\u00f1aran el lanzamiento de la Lista 2004 de Alianza Nacional. Con la presencia de la economista Laura Raffo, quien antes de iniciar el evento se dirigi\u00f3 [&hellip;]<\/p>\n","protected":false},"author":6,"featured_media":33692,"comment_status":"open","ping_status":"open","sticky":false,"template":"","format":"standard","meta":{"footnotes":""},"categories":[16],"tags":[],"class_list":["post-33691","post","type-post","status-publish","format-standard","has-post-thumbnail","hentry","category-noticias"],"_links":{"self":[{"href":"https:\/\/alianzanacional.com.uy\/web\/wp-json\/wp\/v2\/posts\/33691","targetHints":{"allow":["GET"]}}],"collection":[{"href":"https:\/\/alianzanacional.com.uy\/web\/wp-json\/wp\/v2\/posts"}],"about":[{"href":"https:\/\/alianzanacional.com.uy\/web\/wp-json\/wp\/v2\/types\/post"}],"author":[{"embeddable":true,"href":"https:\/\/alianzanacional.com.uy\/web\/wp-json\/wp\/v2\/users\/6"}],"replies":[{"embeddable":true,"href":"https:\/\/alianzanacional.com.uy\/web\/wp-json\/wp\/v2\/comments?post=33691"}],"version-history":[{"count":1,"href":"https:\/\/alianzanacional.com.uy\/web\/wp-json\/wp\/v2\/posts\/33691\/revisions"}],"predecessor-version":[{"id":33694,"href":"https:\/\/alianzanacional.com.uy\/web\/wp-json\/wp\/v2\/posts\/33691\/revisions\/33694"}],"wp:featuredmedia":[{"embeddable":true,"href":"https:\/\/alianzanacional.com.uy\/web\/wp-json\/wp\/v2\/media\/33692"}],"wp:attachment":[{"href":"https:\/\/alianzanacional.com.uy\/web\/wp-json\/wp\/v2\/media?parent=33691"}],"wp:term":[{"taxonomy":"category","embeddable":true,"href":"https:\/\/alianzanacional.com.uy\/web\/wp-json\/wp\/v2\/categories?post=33691"},{"taxonomy":"post_tag","embeddable":true,"href":"https:\/\/alianzanacional.com.uy\/web\/wp-json\/wp\/v2\/tags?post=33691"}],"curies":[{"name":"wp","href":"https:\/\/api.w.org\/{rel}","templated":true}]}}